{"id":1019,"date":"2025-04-21T23:49:42","date_gmt":"2025-04-21T20:49:42","guid":{"rendered":"https:\/\/republicpalestine.com\/es\/?p=1019"},"modified":"2025-04-21T23:49:43","modified_gmt":"2025-04-21T20:49:43","slug":"el-sur-algo-mas-que-un-punto-geografico","status":"publish","type":"post","link":"https:\/\/republicpalestine.com\/es\/2025\/04\/21\/el-sur-algo-mas-que-un-punto-geografico\/","title":{"rendered":"El SUR: algo m\u00e1s que un punto geogr\u00e1fico"},"content":{"rendered":"\n<p>En un mundo hiperconectado, pero fragmentado por narrativas medi\u00e1ticas dominantes, la idea del Sur Global ha trascendido su mera definici\u00f3n cartogr\u00e1fica para convertirse en un s\u00edmbolo de resistencia, reorganizaci\u00f3n geopol\u00edtica y desaf\u00edo al orden establecido. Mientras los titulares se obsesionan con los aranceles de Trump, las sanciones contra Rusia o los debates culturales en Occidente, una transformaci\u00f3n silenciosa \u2014pero profunda\u2014 est\u00e1 ocurriendo en los territorios hist\u00f3ricamente marginados. Este Sur, que abarca desde las estepas rusas hasta las fronteras de Am\u00e9rica Latina, est\u00e1 redefiniendo su lugar en el tablero mundial, no como v\u00edctima pasiva, sino como actor estrat\u00e9gico.&nbsp;<\/p>\n\n\n\n<p><strong>1. De Ucrania a los BRICS: el despertar euroasi\u00e1tico&nbsp;<\/strong><\/p>\n\n\n\n<p>La guerra en Ucrania, presentada por Occidente como un choque entre democracia y autoritarismo, ha tenido un efecto colateral inesperado: la consolidaci\u00f3n de una alianza euroasi\u00e1tica. Las sanciones impuestas a Rusia por su intervenci\u00f3n en Ucrania no lograron aislar a Mosc\u00fa; en cambio, aceleraron su integraci\u00f3n econ\u00f3mica y en ocasiones militar con China, India e Ir\u00e1n. Mientras Europa enfrenta una crisis energ\u00e9tica y econ\u00f3mica, Rusia ha redirigido sus exportaciones de hidrocarburos hacia Asia, fortaleciendo lazos con Beijing, que a su vez ve en este conflicto una oportunidad para desafiar la hegemon\u00eda del d\u00f3lar mediante acuerdos en yuanes o rublos.&nbsp;<\/p>\n\n\n\n<p>Los BRICS (Brasil, Rusia, India, China, Sud\u00e1frica), lejos de ser un club ret\u00f3rico, han demostrado su capacidad de acci\u00f3n colectiva. En 2023, la inclusi\u00f3n de Ir\u00e1n, Egipto y Etiop\u00eda en el grupo ampli\u00f3 su influencia en \u00c1frica y Oriente Medio. Este bloque no solo cuestiona el sistema financiero liderado por el FMI, sino que promueve alternativas como el Nuevo Banco de Desarrollo, destinado a financiar infraestructuras en pa\u00edses del Sur sin las condicionalidades neoliberales impuestas por Occidente.&nbsp;<\/p>\n\n\n\n<p><strong>2. \u00c1frica: la rebeli\u00f3n contra el neocolonialismo&nbsp;<\/strong><\/p>\n\n\n\n<p>\u00c1frica vive un momento hist\u00f3rico. Bajo el liderazgo de figuras como Ibrahim Traor\u00e9 en Burkina Faso, pa\u00edses como Mal\u00ed, N\u00edger y Chad est\u00e1n expulsando a las tropas francesas y denunciando los acuerdos econ\u00f3micos que permiten a empresas europeas explotar sus recursos naturales. En 2023, N\u00edger revoc\u00f3 los contratos de extracci\u00f3n de uranio con Francia, mientras que Ghana nacionaliz\u00f3 su producci\u00f3n de oro, un gesto simb\u00f3lico contra empresas como la brit\u00e1nica Ashanti Goldfields.&nbsp;<\/p>\n\n\n\n<p>Este movimiento no se limita al Sahel. En Senegal, la victoria electoral de Bassirou Diomaye Faye, un l\u00edder joven que promete renegociar los contratos petroleros con BP y Kosmos Energy, refleja un malestar continental. Incluso en pa\u00edses tradicionalmente aliados de Occidente, como Costa de Marfil, crece la presi\u00f3n para revisar los tratados de libre comercio que favorecen la exportaci\u00f3n de materias primas sin valor agregado.&nbsp;<\/p>\n\n\n\n<p>El panafricanismo, una idea que parec\u00eda relegada al discurso de los a\u00f1os 60, resurge con fuerza. La Uni\u00f3n Africana, antes criticada por su inacci\u00f3n, ahora debate la creaci\u00f3n de una fuerza militar continental independiente y una moneda com\u00fan, iniciativas que buscan reducir la dependencia de instituciones controladas por el Norte.&nbsp;<\/p>\n\n\n\n<p><strong>3. Palestina: el espejo moral del Sur Global<\/strong><\/p>\n\n\n\n<p>La resistencia palestina se ha convertido en un s\u00edmbolo de unidad para el Sur. Mientras Estados Unidos, Alemania y Francia arman a Israel, pa\u00edses como Sud\u00e1frica, Argelia y Bolivia lideran la lucha diplom\u00e1tica para reconocer el genocidio en Gaza y exigir sanciones contra Tel Aviv. La Corte Penal Internacional, aunque acusada de parcialidad, enfrenta presi\u00f3n sin precedentes para investigar cr\u00edmenes de guerra israel\u00edes.&nbsp;<\/p>\n\n\n\n<p>Pero esta solidaridad tambi\u00e9n expone contradicciones. Gobiernos \u00e1rabes como los de Arabia Saud\u00ed o Emiratos \u00c1rabes Unidos, aunque cr\u00edticos con Israel, mantienen relaciones econ\u00f3micas clandestinas con Tel Aviv, la \u201cnueva\u201d Siria y su no defensa de su propio territorio, o la familia real de Marruecos que se al\u00eda incluso militarmente con el ente sionista evidencian la existencia de \u00e9lites traidoras que priorizan sus intereses sobre los de sus pueblos. Sin embargo, la movilizaci\u00f3n ciudadana en pa\u00edses como Yemen \u2014donde los hut\u00eds atacan barcos vinculados a Israel en el Mar Rojo\u2014 muestra que la calle no perdona la complicidad con la ocupaci\u00f3n. Defender la necesidad de una Rep\u00fablica Palestina independiente en la Palestina hist\u00f3rica, es la l\u00ednea roja que separa la sumisi\u00f3n al imperio de la lucha por la liberaci\u00f3n de todos los pueblos.&nbsp;<\/p>\n\n\n\n<p><strong>4. Am\u00e9rica Latina: entre la dependencia y la autonom\u00eda&nbsp;<\/strong><\/p>\n\n\n\n<p>En Am\u00e9rica Latina, el Sur se expresa en la lucha contra el extractivismo y la recolonizaci\u00f3n financiera. M\u00e9xico, bajo la presidencia de L\u00f3pez Obrador, ha nacionalizado el litio, un recurso clave para la transici\u00f3n energ\u00e9tica. Bolivia, a pesar de golpes de Estado y presiones externas, mantiene el control estatal sobre sus reservas de gas. Cuba, bloqueada durante seis d\u00e9cadas, encuentra nuevos socios en China y Rusia, que le proporcionan petr\u00f3leo y tecnolog\u00eda a cambio de acceso a puertos estrat\u00e9gicos.&nbsp;<\/p>\n\n\n\n<p>Sin embargo, la regi\u00f3n sigue dividida. Mientras Brasil avanza en alianzas con los BRICS bajo Lula, Argentina bajo Milei se pliega al FMI. Esta tensi\u00f3n refleja una batalla m\u00e1s amplia: \u00bfpodr\u00e1 el Sur Global mantener su autonom\u00eda frente a un Norte dispuesto a financiar golpes blandos o desestabilizaciones econ\u00f3micas?&nbsp;<\/p>\n\n\n\n<p><strong>5. Europa: las izquierdas soberanistas y su deuda con el Sur&nbsp;<\/strong><\/p>\n\n\n\n<p>En Europa, sectores de fuerzas pol\u00edticas como la Francia Insumisa o el Partido Laborista brit\u00e1nico (en su ala izquierda) comienzan a entender que su supervivencia depende de vincularse con el Sur y en el caso muy valiente en Alemania del BSW, no solo entiende esto sino que busca al igual que el SMER de Robert Fico una acuerdo de paz y de relaciones econ\u00f3micas con Rusia. La defensa de la soberan\u00eda nacional \u2014frente a la OTAN o las pol\u00edticas de austeridad de la UE\u2014 encuentra eco en la lucha anticolonial de \u00c1frica o Asia. Sin embargo, estas izquierdas enfrentan un dilema: \u00bfc\u00f3mo criticar el imperialismo estadounidense sin caer en las idealizaciones? \u00bfC\u00f3mo independizarse de quienes introducen la cultura woke que destruye las izquierdas? \u00bfC\u00f3mo construir en Europa fuerzas pol\u00edticas independientes y soberanas capaces de superar la represi\u00f3n conservadora, liberal, verde y wokista es decir de las \u201cizquierdas\u201d identitarias y populistas? Seguramente la respuesta la dan Oskar Lafontaine, Sahra Wagenknecht, Fico, Galloway e incluso en muchas aspectos Corbyn y otros y otras que con valent\u00eda se enfrentan a esta dictadura postmoderna, tambi\u00e9n el Reino de Espa\u00f1a. &nbsp;&nbsp;<\/p>\n\n\n\n<p>El caso espa\u00f1ol es paradigm\u00e1tico. El gobierno de Pedro S\u00e1nchez, alineado con Marruecos en el S\u00e1hara Occidental, no solo traiciona al pueblo saharaui, sino que siembra las semillas de su propia ca\u00edda. Trump, lejos de agradecer la sumisi\u00f3n, respalda a VOX para instalar un r\u00e9gimen m\u00e1s af\u00edn a sus intereses en un pa\u00eds clave como Espa\u00f1a. La izquierda woke espa\u00f1ola, muy divida entre s\u00ed e incluso desleal y antag\u00f3nica, le abre la puerta de par en par al trumpismo espa\u00f1ol. Por eso necesitamos soberanismo y la alianza con la clase trabajadora de nuestro estado.<\/p>\n\n\n\n<p><strong>6. El neoliberalismo en crisis: \u00bfhacia un nuevo orden econ\u00f3mico?&nbsp;<\/strong><\/p>\n\n\n\n<p>El proyecto neoliberal, impuesto a sangre y fuego desde los a\u00f1os 80, muestra grietas irreparables. En el Norte, la desigualdad y el colapso clim\u00e1tico deslegitiman a las \u00e9lites. En el Sur, el fracaso de las recetas del FMI \u2014como en Argentina o L\u00edbano\u2014 ha llevado a buscar alternativas. China, con su modelo de capitalismo de Estado, ofrece pr\u00e9stamos sin exigir reformas estructurales.&nbsp;<\/p>\n\n\n\n<p>Pero el Sur no es homog\u00e9neo. Mientras India protege su sector agr\u00edcola con subsidios, Vietnam atrae inversiones extranjeras con zonas econ\u00f3micas especiales. La clave est\u00e1 en si estos pa\u00edses podr\u00e1n evitar caer en un neocolonialismo 2.0.&nbsp;<\/p>\n\n\n\n<p><strong>7. El fracaso del experimento peque\u00f1o- burgu\u00e9s woke y el Reino de Espa\u00f1a<\/strong><\/p>\n\n\n\n<p>El woke impulsado por cierto con fruici\u00f3n e inter\u00e9s en el reino de Espa\u00f1a por Podemos y ahora tambi\u00e9n por SUMAR que ha contagiado a todo el arco parlamentario de las \u201cizquierdas\u201d y ha dividido y ridiculizado la revoluci\u00f3n feminista. Obviado la lucha de clases. Corrompiendo el sindicalismo. Impuesto la batalla cultural pero abandonado y olvidando sin embargo la cultura obrera y dejado hu\u00e9rfanas a las clases trabajadoras y a las mujeres. Su sectarismo, su pol\u00edtica de slogans y pura publicidad son incapaces de enfrentase la verdadero gran poder, a la corona y la sumisi\u00f3n a la UE que destruye nuestra agricultura y nuestra industria. Nos relega al turismo y hecha de las ciudades a la poblaci\u00f3n trabajadora o convierte pueblos en parques tem\u00e1ticos. Si bien y a pesar de todo, se reconstruyen las resistencias sociales y pol\u00edticas.<\/p>\n\n\n\n<p><strong>8. Hacia una Internacional del Sur&nbsp;<\/strong><\/p>\n\n\n\n<p>El desaf\u00edo del Sur Global es trascender la ret\u00f3rica y construir instituciones propias. La creaci\u00f3n de un sistema de pagos alternativo al SWIFT, una red medi\u00e1tica independiente de Reuters o CNN, y enfrentarse a la OTAN son pasos necesarios. Pero esto requiere superar divisiones internas: las rivalidades entre India y China, los conflictos en el Sahel o la corrupci\u00f3n en gobiernos africanos.&nbsp;<\/p>\n\n\n\n<p>La lucha por Palestina, el S\u00e1hara Occidental o la Amazon\u00eda no son causas aisladas, sino cap\u00edtulos de una misma batalla: la de los pueblos que se niegan a ser piezas en el juego de las potencias. Como escribi\u00f3 Frantz Fanon, \u00abel Sur no es solo un lugar, es una condici\u00f3n\u00bb. Y hoy, esa condici\u00f3n se llama dignidad.&nbsp;<\/p>\n\n\n\n<p><strong>9. El Norte tambi\u00e9n es Sur&nbsp;<\/strong><\/p>\n\n\n\n<p>Mientras Trump amenaza con aranceles y la UE censura discursos, en los barrios obreros de Detroit, Marsella o Bilbao crece la conciencia de que el enemigo no est\u00e1 en Kiev o Gaza, sino en Wall Street y Bruselas. La lucha de clases en el Norte y la liberaci\u00f3n del Sur son dos caras de una misma moneda: la construcci\u00f3n de un mundo donde manden los pueblos, no los imperios.&nbsp;<\/p>\n\n\n\n<p>El Sur ya no pide permiso. Avanza.<\/p>\n\n\n\n<p><strong>Por: Carlos Mart\u00ednez &#8211; polit\u00f3logo, de Soberan\u00eda y Trabajo\u00a0<\/strong><\/p>\n\n\n\n<p><\/p>\n\n\n\n<p><\/p>\n","protected":false},"excerpt":{"rendered":"<p>En un mundo hiperconectado, pero fragmentado por narrativas medi\u00e1ticas dominantes, la idea del Sur Global ha trascendido su mera definici\u00f3n cartogr\u00e1fica para convertirse en un s\u00edmbolo de resistencia, reorganizaci\u00f3n geopol\u00edtica y desaf\u00edo al orden establecido. Mientras los titulares se obsesionan con los aranceles de Trump, las sanciones contra Rusia o los debates culturales en Occidente, una transformaci\u00f3n silenciosa \u2014pero profunda\u2014 est\u00e1 ocurriendo en los territorios hist\u00f3ricamente marginados. Este Sur, que abarca desde las estepas rusas hasta las fronteras de Am\u00e9rica Latina, est\u00e1 redefiniendo su lugar en el tablero mundial, no como v\u00edctima pasiva, sino como actor estrat\u00e9gico.&nbsp; 1. De Ucrania a los BRICS: el despertar euroasi\u00e1tico&nbsp; La guerra en Ucrania, presentada por Occidente como un choque entre democracia y autoritarismo, ha tenido un efecto colateral inesperado: la consolidaci\u00f3n de una alianza euroasi\u00e1tica. Las sanciones impuestas a Rusia por su intervenci\u00f3n en Ucrania no lograron aislar a Mosc\u00fa; en cambio, aceleraron su integraci\u00f3n econ\u00f3mica y en ocasiones militar con China, India e Ir\u00e1n. Mientras Europa enfrenta una crisis energ\u00e9tica y econ\u00f3mica, Rusia ha redirigido sus exportaciones de hidrocarburos hacia Asia, fortaleciendo lazos con Beijing, que a su vez ve en este conflicto una oportunidad para desafiar la hegemon\u00eda del d\u00f3lar mediante &hellip;<\/p>\n","protected":false},"author":1,"featured_media":1020,"comment_status":"open","ping_status":"open","sticky":false,"template":"","format":"standard","meta":{"_acf_changed":false,"_eb_attr":"","footnotes":""},"categories":[1],"tags":[106,25,29,34,26,50],"class_list":["post-1019","post","type-post","status-publish","format-standard","has-post-thumbnail","hentry","category-archivo","tag-el-sur-global","tag-genocidio-2","tag-imperialismo","tag-ocupacion","tag-palestinalibre","tag-solidaridad"],"acf":[],"yoast_head":"<!-- This site is optimized with the Yoast SEO Premium plugin v22.8 (Yoast SEO v24.8.1) - https:\/\/yoast.com\/wordpress\/plugins\/seo\/ -->\n<title>El SUR: algo m\u00e1s que un punto geogr\u00e1fico - Rep\u00fablica de Palestina<\/title>\n<meta name=\"description\" content=\"En un mundo hiperconectado, pero fragmentado por narrativas medi\u00e1ticas dominantes, la idea del Sur Global ha trascendido su mera definici\u00f3n cartogr\u00e1fica para convertirse en un s\u00edmbolo de resistencia, reorganizaci\u00f3n geopol\u00edtica y desaf\u00edo al orden establecido. Mientras los titulares se obsesionan con los aranceles de Trump, las sanciones contra Rusia o los debates culturales en Occidente, una transformaci\u00f3n silenciosa \u2014pero profunda\u2014 est\u00e1 ocurriendo en los territorios hist\u00f3ricamente marginados. Este Sur, que abarca desde las estepas rusas hasta las fronteras de Am\u00e9rica Latina, est\u00e1 redefiniendo su lugar en el tablero mundial, no como v\u00edctima pasiva, sino como actor estrat\u00e9gico.\u00a0\" \/>\n<meta name=\"robots\" content=\"index, follow, max-snippet:-1, max-image-preview:large, max-video-preview:-1\" \/>\n<link rel=\"canonical\" href=\"https:\/\/republicpalestine.com\/es\/2025\/04\/21\/el-sur-algo-mas-que-un-punto-geografico\/\" \/>\n<meta property=\"og:locale\" content=\"es_ES\" \/>\n<meta property=\"og:type\" content=\"article\" \/>\n<meta property=\"og:title\" content=\"El SUR: algo m\u00e1s que un punto geogr\u00e1fico\" \/>\n<meta property=\"og:description\" content=\"En un mundo hiperconectado, pero fragmentado por narrativas medi\u00e1ticas dominantes, la idea del Sur Global ha trascendido su mera definici\u00f3n cartogr\u00e1fica para convertirse en un s\u00edmbolo de resistencia, reorganizaci\u00f3n geopol\u00edtica y desaf\u00edo al orden establecido. Mientras los titulares se obsesionan con los aranceles de Trump, las sanciones contra Rusia o los debates culturales en Occidente, una transformaci\u00f3n silenciosa \u2014pero profunda\u2014 est\u00e1 ocurriendo en los territorios hist\u00f3ricamente marginados. Este Sur, que abarca desde las estepas rusas hasta las fronteras de Am\u00e9rica Latina, est\u00e1 redefiniendo su lugar en el tablero mundial, no como v\u00edctima pasiva, sino como actor estrat\u00e9gico.\u00a0\" \/>\n<meta property=\"og:url\" content=\"https:\/\/republicpalestine.com\/es\/2025\/04\/21\/el-sur-algo-mas-que-un-punto-geografico\/\" \/>\n<meta property=\"og:site_name\" content=\"Rep\u00fablica de Palestina\" \/>\n<meta property=\"article:published_time\" content=\"2025-04-21T20:49:42+00:00\" \/>\n<meta property=\"article:modified_time\" content=\"2025-04-21T20:49:43+00:00\" \/>\n<meta property=\"og:image\" content=\"https:\/\/republicpalestine.com\/es\/wp-content\/uploads\/sites\/3\/2025\/04\/317c25585b3ed0c91651f5966dccd21f1687170610.jpg\" \/>\n\t<meta property=\"og:image:width\" content=\"1169\" \/>\n\t<meta property=\"og:image:height\" content=\"580\" \/>\n\t<meta property=\"og:image:type\" content=\"image\/jpeg\" \/>\n<meta name=\"author\" content=\"RepublicofPalestine\" \/>\n<meta name=\"twitter:card\" content=\"summary_large_image\" \/>\n<meta name=\"twitter:label1\" content=\"Escrito por\" \/>\n\t<meta name=\"twitter:data1\" content=\"RepublicofPalestine\" \/>\n\t<meta name=\"twitter:label2\" content=\"Tiempo de lectura\" \/>\n\t<meta name=\"twitter:data2\" content=\"8 minutos\" \/>\n<script type=\"application\/ld+json\" class=\"yoast-schema-graph\">{\"@context\":\"https:\/\/schema.org\",\"@graph\":[{\"@type\":\"WebPage\",\"@id\":\"https:\/\/republicpalestine.com\/es\/2025\/04\/21\/el-sur-algo-mas-que-un-punto-geografico\/\",\"url\":\"https:\/\/republicpalestine.com\/es\/2025\/04\/21\/el-sur-algo-mas-que-un-punto-geografico\/\",\"name\":\"El SUR: algo m\u00e1s que un punto geogr\u00e1fico - Rep\u00fablica de Palestina\",\"isPartOf\":{\"@id\":\"https:\/\/republicpalestine.com\/es\/#website\"},\"primaryImageOfPage\":{\"@id\":\"https:\/\/republicpalestine.com\/es\/2025\/04\/21\/el-sur-algo-mas-que-un-punto-geografico\/#primaryimage\"},\"image\":{\"@id\":\"https:\/\/republicpalestine.com\/es\/2025\/04\/21\/el-sur-algo-mas-que-un-punto-geografico\/#primaryimage\"},\"thumbnailUrl\":\"https:\/\/republicpalestine.com\/es\/wp-content\/uploads\/sites\/3\/2025\/04\/317c25585b3ed0c91651f5966dccd21f1687170610.jpg\",\"datePublished\":\"2025-04-21T20:49:42+00:00\",\"dateModified\":\"2025-04-21T20:49:43+00:00\",\"author\":{\"@id\":\"https:\/\/republicpalestine.com\/es\/#\/schema\/person\/a116984632a4562b5d251d19cb8e8bf3\"},\"description\":\"En un mundo hiperconectado, pero fragmentado por narrativas medi\u00e1ticas dominantes, la idea del Sur Global ha trascendido su mera definici\u00f3n cartogr\u00e1fica para convertirse en un s\u00edmbolo de resistencia, reorganizaci\u00f3n geopol\u00edtica y desaf\u00edo al orden establecido. Mientras los titulares se obsesionan con los aranceles de Trump, las sanciones contra Rusia o los debates culturales en Occidente, una transformaci\u00f3n silenciosa \u2014pero profunda\u2014 est\u00e1 ocurriendo en los territorios hist\u00f3ricamente marginados. Este Sur, que abarca desde las estepas rusas hasta las fronteras de Am\u00e9rica Latina, est\u00e1 redefiniendo su lugar en el tablero mundial, no como v\u00edctima pasiva, sino como actor estrat\u00e9gico.\u00a0\",\"breadcrumb\":{\"@id\":\"https:\/\/republicpalestine.com\/es\/2025\/04\/21\/el-sur-algo-mas-que-un-punto-geografico\/#breadcrumb\"},\"inLanguage\":\"es\",\"potentialAction\":[{\"@type\":\"ReadAction\",\"target\":[\"https:\/\/republicpalestine.com\/es\/2025\/04\/21\/el-sur-algo-mas-que-un-punto-geografico\/\"]}]},{\"@type\":\"ImageObject\",\"inLanguage\":\"es\",\"@id\":\"https:\/\/republicpalestine.com\/es\/2025\/04\/21\/el-sur-algo-mas-que-un-punto-geografico\/#primaryimage\",\"url\":\"https:\/\/republicpalestine.com\/es\/wp-content\/uploads\/sites\/3\/2025\/04\/317c25585b3ed0c91651f5966dccd21f1687170610.jpg\",\"contentUrl\":\"https:\/\/republicpalestine.com\/es\/wp-content\/uploads\/sites\/3\/2025\/04\/317c25585b3ed0c91651f5966dccd21f1687170610.jpg\",\"width\":1169,\"height\":580},{\"@type\":\"BreadcrumbList\",\"@id\":\"https:\/\/republicpalestine.com\/es\/2025\/04\/21\/el-sur-algo-mas-que-un-punto-geografico\/#breadcrumb\",\"itemListElement\":[{\"@type\":\"ListItem\",\"position\":1,\"name\":\"\u0627\u0644\u0631\u0626\u064a\u0633\u064a\u0629\",\"item\":\"https:\/\/republicpalestine.com\/es\/\"},{\"@type\":\"ListItem\",\"position\":2,\"name\":\"El SUR: algo m\u00e1s que un punto geogr\u00e1fico\"}]},{\"@type\":\"WebSite\",\"@id\":\"https:\/\/republicpalestine.com\/es\/#website\",\"url\":\"https:\/\/republicpalestine.com\/es\/\",\"name\":\"Rep\u00fablica de Palestina\",\"description\":\"\",\"potentialAction\":[{\"@type\":\"SearchAction\",\"target\":{\"@type\":\"EntryPoint\",\"urlTemplate\":\"https:\/\/republicpalestine.com\/es\/?s={search_term_string}\"},\"query-input\":{\"@type\":\"PropertyValueSpecification\",\"valueRequired\":true,\"valueName\":\"search_term_string\"}}],\"inLanguage\":\"es\"},{\"@type\":\"Person\",\"@id\":\"https:\/\/republicpalestine.com\/es\/#\/schema\/person\/a116984632a4562b5d251d19cb8e8bf3\",\"name\":\"RepublicofPalestine\",\"image\":{\"@type\":\"ImageObject\",\"inLanguage\":\"es\",\"@id\":\"https:\/\/republicpalestine.com\/es\/#\/schema\/person\/image\/\",\"url\":\"https:\/\/secure.gravatar.com\/avatar\/13240ade82024fefe7ea06e3569c7001?s=96&d=mm&r=g\",\"contentUrl\":\"https:\/\/secure.gravatar.com\/avatar\/13240ade82024fefe7ea06e3569c7001?s=96&d=mm&r=g\",\"caption\":\"RepublicofPalestine\"},\"sameAs\":[\"https:\/\/republicpalestine.com\"],\"url\":\"https:\/\/republicpalestine.com\/es\/author\/jmhoriaadmin\/\"}]}<\/script>\n<!-- \/ Yoast SEO Premium plugin. -->","yoast_head_json":{"title":"El SUR: algo m\u00e1s que un punto geogr\u00e1fico - Rep\u00fablica de Palestina","description":"En un mundo hiperconectado, pero fragmentado por narrativas medi\u00e1ticas dominantes, la idea del Sur Global ha trascendido su mera definici\u00f3n cartogr\u00e1fica para convertirse en un s\u00edmbolo de resistencia, reorganizaci\u00f3n geopol\u00edtica y desaf\u00edo al orden establecido. Mientras los titulares se obsesionan con los aranceles de Trump, las sanciones contra Rusia o los debates culturales en Occidente, una transformaci\u00f3n silenciosa \u2014pero profunda\u2014 est\u00e1 ocurriendo en los territorios hist\u00f3ricamente marginados. Este Sur, que abarca desde las estepas rusas hasta las fronteras de Am\u00e9rica Latina, est\u00e1 redefiniendo su lugar en el tablero mundial, no como v\u00edctima pasiva, sino como actor estrat\u00e9gico.\u00a0","robots":{"index":"index","follow":"follow","max-snippet":"max-snippet:-1","max-image-preview":"max-image-preview:large","max-video-preview":"max-video-preview:-1"},"canonical":"https:\/\/republicpalestine.com\/es\/2025\/04\/21\/el-sur-algo-mas-que-un-punto-geografico\/","og_locale":"es_ES","og_type":"article","og_title":"El SUR: algo m\u00e1s que un punto geogr\u00e1fico","og_description":"En un mundo hiperconectado, pero fragmentado por narrativas medi\u00e1ticas dominantes, la idea del Sur Global ha trascendido su mera definici\u00f3n cartogr\u00e1fica para convertirse en un s\u00edmbolo de resistencia, reorganizaci\u00f3n geopol\u00edtica y desaf\u00edo al orden establecido. Mientras los titulares se obsesionan con los aranceles de Trump, las sanciones contra Rusia o los debates culturales en Occidente, una transformaci\u00f3n silenciosa \u2014pero profunda\u2014 est\u00e1 ocurriendo en los territorios hist\u00f3ricamente marginados. Este Sur, que abarca desde las estepas rusas hasta las fronteras de Am\u00e9rica Latina, est\u00e1 redefiniendo su lugar en el tablero mundial, no como v\u00edctima pasiva, sino como actor estrat\u00e9gico.\u00a0","og_url":"https:\/\/republicpalestine.com\/es\/2025\/04\/21\/el-sur-algo-mas-que-un-punto-geografico\/","og_site_name":"Rep\u00fablica de Palestina","article_published_time":"2025-04-21T20:49:42+00:00","article_modified_time":"2025-04-21T20:49:43+00:00","og_image":[{"width":1169,"height":580,"url":"https:\/\/republicpalestine.com\/es\/wp-content\/uploads\/sites\/3\/2025\/04\/317c25585b3ed0c91651f5966dccd21f1687170610.jpg","type":"image\/jpeg"}],"author":"RepublicofPalestine","twitter_card":"summary_large_image","twitter_misc":{"Escrito por":"RepublicofPalestine","Tiempo de lectura":"8 minutos"},"schema":{"@context":"https:\/\/schema.org","@graph":[{"@type":"WebPage","@id":"https:\/\/republicpalestine.com\/es\/2025\/04\/21\/el-sur-algo-mas-que-un-punto-geografico\/","url":"https:\/\/republicpalestine.com\/es\/2025\/04\/21\/el-sur-algo-mas-que-un-punto-geografico\/","name":"El SUR: algo m\u00e1s que un punto geogr\u00e1fico - Rep\u00fablica de Palestina","isPartOf":{"@id":"https:\/\/republicpalestine.com\/es\/#website"},"primaryImageOfPage":{"@id":"https:\/\/republicpalestine.com\/es\/2025\/04\/21\/el-sur-algo-mas-que-un-punto-geografico\/#primaryimage"},"image":{"@id":"https:\/\/republicpalestine.com\/es\/2025\/04\/21\/el-sur-algo-mas-que-un-punto-geografico\/#primaryimage"},"thumbnailUrl":"https:\/\/republicpalestine.com\/es\/wp-content\/uploads\/sites\/3\/2025\/04\/317c25585b3ed0c91651f5966dccd21f1687170610.jpg","datePublished":"2025-04-21T20:49:42+00:00","dateModified":"2025-04-21T20:49:43+00:00","author":{"@id":"https:\/\/republicpalestine.com\/es\/#\/schema\/person\/a116984632a4562b5d251d19cb8e8bf3"},"description":"En un mundo hiperconectado, pero fragmentado por narrativas medi\u00e1ticas dominantes, la idea del Sur Global ha trascendido su mera definici\u00f3n cartogr\u00e1fica para convertirse en un s\u00edmbolo de resistencia, reorganizaci\u00f3n geopol\u00edtica y desaf\u00edo al orden establecido. Mientras los titulares se obsesionan con los aranceles de Trump, las sanciones contra Rusia o los debates culturales en Occidente, una transformaci\u00f3n silenciosa \u2014pero profunda\u2014 est\u00e1 ocurriendo en los territorios hist\u00f3ricamente marginados. Este Sur, que abarca desde las estepas rusas hasta las fronteras de Am\u00e9rica Latina, est\u00e1 redefiniendo su lugar en el tablero mundial, no como v\u00edctima pasiva, sino como actor estrat\u00e9gico.\u00a0","breadcrumb":{"@id":"https:\/\/republicpalestine.com\/es\/2025\/04\/21\/el-sur-algo-mas-que-un-punto-geografico\/#breadcrumb"},"inLanguage":"es","potentialAction":[{"@type":"ReadAction","target":["https:\/\/republicpalestine.com\/es\/2025\/04\/21\/el-sur-algo-mas-que-un-punto-geografico\/"]}]},{"@type":"ImageObject","inLanguage":"es","@id":"https:\/\/republicpalestine.com\/es\/2025\/04\/21\/el-sur-algo-mas-que-un-punto-geografico\/#primaryimage","url":"https:\/\/republicpalestine.com\/es\/wp-content\/uploads\/sites\/3\/2025\/04\/317c25585b3ed0c91651f5966dccd21f1687170610.jpg","contentUrl":"https:\/\/republicpalestine.com\/es\/wp-content\/uploads\/sites\/3\/2025\/04\/317c25585b3ed0c91651f5966dccd21f1687170610.jpg","width":1169,"height":580},{"@type":"BreadcrumbList","@id":"https:\/\/republicpalestine.com\/es\/2025\/04\/21\/el-sur-algo-mas-que-un-punto-geografico\/#breadcrumb","itemListElement":[{"@type":"ListItem","position":1,"name":"\u0627\u0644\u0631\u0626\u064a\u0633\u064a\u0629","item":"https:\/\/republicpalestine.com\/es\/"},{"@type":"ListItem","position":2,"name":"El SUR: algo m\u00e1s que un punto geogr\u00e1fico"}]},{"@type":"WebSite","@id":"https:\/\/republicpalestine.com\/es\/#website","url":"https:\/\/republicpalestine.com\/es\/","name":"Rep\u00fablica de Palestina","description":"","potentialAction":[{"@type":"SearchAction","target":{"@type":"EntryPoint","urlTemplate":"https:\/\/republicpalestine.com\/es\/?s={search_term_string}"},"query-input":{"@type":"PropertyValueSpecification","valueRequired":true,"valueName":"search_term_string"}}],"inLanguage":"es"},{"@type":"Person","@id":"https:\/\/republicpalestine.com\/es\/#\/schema\/person\/a116984632a4562b5d251d19cb8e8bf3","name":"RepublicofPalestine","image":{"@type":"ImageObject","inLanguage":"es","@id":"https:\/\/republicpalestine.com\/es\/#\/schema\/person\/image\/","url":"https:\/\/secure.gravatar.com\/avatar\/13240ade82024fefe7ea06e3569c7001?s=96&d=mm&r=g","contentUrl":"https:\/\/secure.gravatar.com\/avatar\/13240ade82024fefe7ea06e3569c7001?s=96&d=mm&r=g","caption":"RepublicofPalestine"},"sameAs":["https:\/\/republicpalestine.com"],"url":"https:\/\/republicpalestine.com\/es\/author\/jmhoriaadmin\/"}]}},"_links":{"self":[{"href":"https:\/\/republicpalestine.com\/es\/wp-json\/wp\/v2\/posts\/1019","targetHints":{"allow":["GET"]}}],"collection":[{"href":"https:\/\/republicpalestine.com\/es\/wp-json\/wp\/v2\/posts"}],"about":[{"href":"https:\/\/republicpalestine.com\/es\/wp-json\/wp\/v2\/types\/post"}],"author":[{"embeddable":true,"href":"https:\/\/republicpalestine.com\/es\/wp-json\/wp\/v2\/users\/1"}],"replies":[{"embeddable":true,"href":"https:\/\/republicpalestine.com\/es\/wp-json\/wp\/v2\/comments?post=1019"}],"version-history":[{"count":1,"href":"https:\/\/republicpalestine.com\/es\/wp-json\/wp\/v2\/posts\/1019\/revisions"}],"predecessor-version":[{"id":1021,"href":"https:\/\/republicpalestine.com\/es\/wp-json\/wp\/v2\/posts\/1019\/revisions\/1021"}],"wp:featuredmedia":[{"embeddable":true,"href":"https:\/\/republicpalestine.com\/es\/wp-json\/wp\/v2\/media\/1020"}],"wp:attachment":[{"href":"https:\/\/republicpalestine.com\/es\/wp-json\/wp\/v2\/media?parent=1019"}],"wp:term":[{"taxonomy":"category","embeddable":true,"href":"https:\/\/republicpalestine.com\/es\/wp-json\/wp\/v2\/categories?post=1019"},{"taxonomy":"post_tag","embeddable":true,"href":"https:\/\/republicpalestine.com\/es\/wp-json\/wp\/v2\/tags?post=1019"}],"curies":[{"name":"wp","href":"https:\/\/api.w.org\/{rel}","templated":true}]}}