{"id":1022,"date":"2025-04-24T14:07:44","date_gmt":"2025-04-24T11:07:44","guid":{"rendered":"https:\/\/republicpalestine.com\/es\/?p=1022"},"modified":"2025-04-24T14:11:06","modified_gmt":"2025-04-24T11:11:06","slug":"fplp-detener-la-guerra-de-aniquilacion-en-gaza-es-una-prioridad-nacional-y-la-unidad-es-la-clave-para-hacer-frente-a-la-agresion","status":"publish","type":"post","link":"https:\/\/republicpalestine.com\/es\/2025\/04\/24\/fplp-detener-la-guerra-de-aniquilacion-en-gaza-es-una-prioridad-nacional-y-la-unidad-es-la-clave-para-hacer-frente-a-la-agresion\/","title":{"rendered":"FPLP: Detener la guerra genocida en Gaza es una prioridad nacional y la unidad es la clave para hacer frente a la agresi\u00f3n"},"content":{"rendered":"\n<p style=\"font-size:16px\">El Bur\u00f3 Pol\u00edtico del Frente Popular para la Liberaci\u00f3n de Palestina (FPLP) afirm\u00f3 que detener el genocidio israel\u00ed en curso sobre la Franja de Gaza y romper el asedio es una prioridad nacional urgente, llamando a fortalecer los esfuerzos nacionales e internacionales para frustrar el plan de desplazamiento forzoso y liquidaci\u00f3n de la causa palestina.<\/p>\n\n\n\n<p style=\"font-size:16px\">Durante su reuni\u00f3n ordinaria el 22 de abril de 2025, el Bur\u00f3 Pol\u00edtico discuti\u00f3 los \u00faltimos acontecimientos pol\u00edticos y sobre el terreno, destacando el empeoramiento de la situaci\u00f3n humanitaria en la Franja de Gaza debido a la pol\u00edtica israel\u00ed de destrucci\u00f3n e inanici\u00f3n, paralelamente a la escalada de agresiones en Cisjordania y Jerusal\u00e9n, y las continuas violaciones contra los prisioneros palestinos en las c\u00e1rceles de ocupaci\u00f3n.<\/p>\n\n\n\n<p style=\"font-size:16px\">El FPLP pidi\u00f3 la convocatoria de un nuevo Consejo Nacional que refleje una amplia representaci\u00f3n nacional, subrayando que no participar\u00e1 en las sesiones del Consejo Central, y que considera este paso \u00abpoco sistem\u00e1tico y no representa una verdadera entrada para enfrentar los desaf\u00edos actuales\u00bb. Subray\u00f3 la importancia de reformar la Organizaci\u00f3n para la Liberaci\u00f3n de Palestina (OLP) y de reconstruir el sistema pol\u00edtico palestino sobre bases democr\u00e1ticas y participativas que pongan fin a la divisi\u00f3n y el individualismo.<\/p>\n\n\n\n<p style=\"font-size:16px\">El Frente tambi\u00e9n llam\u00f3 a la formaci\u00f3n de una direcci\u00f3n nacional unificada para la resistencia popular que adopte una estrategia integral para enfrentar las pol\u00edticas de anexi\u00f3n y judaizaci\u00f3n, as\u00ed como los proyectos de desmantelamiento de la geograf\u00eda nacional y de desplazamiento de los palestinos, especialmente en Cisjordania.<\/p>\n\n\n\n<p style=\"font-size:16px\">En este contexto el Frente subray\u00f3 que el arma de la resistencia es un derecho leg\u00edtimo del pueblo palestino, llamando a organizarla dentro de un consenso nacional y una estrategia unificada que preserve la unidad de la decisi\u00f3n pol\u00edtica.<\/p>\n\n\n\n<p style=\"font-size:16px\">El Frente advirti\u00f3 contra los intentos de la ocupaci\u00f3n de promover planes de desplazamiento \u00abvoluntario\u00bb a trav\u00e9s de los medios de comunicaci\u00f3n o del contacto directo con los ciudadanos, y les pidi\u00f3 que no se dejaran llevar por los rumores y la guerra psicol\u00f3gica.<\/p>\n\n\n\n<p style=\"font-size:16px\">En cuanto a la administraci\u00f3n de la Franja de Gaza, el Frente insisti\u00f3 en la necesidad de formar un gobierno de consenso nacional, o de adoptar temporalmente el Comit\u00e9 de Apoyo Comunitario propuesto por Egipto, teniendo como referencia a la Autoridad Palestina.<\/p>\n\n\n\n<p style=\"font-size:16px\">El Frente valor\u00f3 el rechazo de Egipto a los proyectos de desplazamiento forzoso y su papel para detener la agresi\u00f3n, y reiter\u00f3 su rechazo a todas las formas de normalizaci\u00f3n, soluciones parciales y acuerdos encaminados a liquidar la causa palestina.<\/p>\n\n\n\n<p style=\"font-size:16px\">El Frente tambi\u00e9n conden\u00f3 la agresi\u00f3n israel\u00ed contra L\u00edbano y Siria, subrayando la importancia de unificar las fuerzas de resistencia en ambos pa\u00edses, pidiendo el apoyo de las fuerzas del movimiento de liberaci\u00f3n \u00e1rabe.<\/p>\n\n\n\n<p style=\"font-size:16px\">En conclusi\u00f3n, el Frente elogi\u00f3 las posturas de solidaridad del pueblo yemen\u00ed con Gaza, consider\u00e1ndola una expresi\u00f3n sincera de su compromiso nacional y humanitario a pesar del asedio y la agresi\u00f3n que enfrenta Yemen.<\/p>\n","protected":false},"excerpt":{"rendered":"<p>El Bur\u00f3 Pol\u00edtico del Frente Popular para la Liberaci\u00f3n de Palestina (FPLP) afirm\u00f3 que detener el genocidio israel\u00ed en curso sobre la Franja de Gaza y romper el asedio es una prioridad nacional urgente, llamando a fortalecer los esfuerzos nacionales e internacionales para frustrar el plan de desplazamiento forzoso y liquidaci\u00f3n de la causa palestina. Durante su reuni\u00f3n ordinaria el 22 de abril de 2025, el Bur\u00f3 Pol\u00edtico discuti\u00f3 los \u00faltimos acontecimientos pol\u00edticos y sobre el terreno, destacando el empeoramiento de la situaci\u00f3n humanitaria en la Franja de Gaza debido a la pol\u00edtica israel\u00ed de destrucci\u00f3n e inanici\u00f3n, paralelamente a la escalada de agresiones en Cisjordania y Jerusal\u00e9n, y las continuas violaciones contra los prisioneros palestinos en las c\u00e1rceles de ocupaci\u00f3n. El FPLP pidi\u00f3 la convocatoria de un nuevo Consejo Nacional que refleje una amplia representaci\u00f3n nacional, subrayando que no participar\u00e1 en las sesiones del Consejo Central, y que considera este paso \u00abpoco sistem\u00e1tico y no representa una verdadera entrada para enfrentar los desaf\u00edos actuales\u00bb. Subray\u00f3 la importancia de reformar la Organizaci\u00f3n para la Liberaci\u00f3n de Palestina (OLP) y de reconstruir el sistema pol\u00edtico palestino sobre bases democr\u00e1ticas y participativas que pongan fin a la divisi\u00f3n y el individualismo. El &hellip;<\/p>\n","protected":false},"author":1,"featured_media":1023,"comment_status":"open","ping_status":"open","sticky":false,"template":"","format":"standard","meta":{"_acf_changed":false,"_eb_attr":"","footnotes":""},"categories":[1,3],"tags":[32,18,25,34,17,26],"class_list":["post-1022","post","type-post","status-publish","format-standard","has-post-thumbnail","hentry","category-archivo","category-noticias","tag-cisjordania","tag-gaza","tag-genocidio-2","tag-ocupacion","tag-palestina","tag-palestinalibre"],"acf":[],"yoast_head":"<!-- This site is optimized with the Yoast SEO Premium plugin v22.8 (Yoast SEO v24.8.1) - https:\/\/yoast.com\/wordpress\/plugins\/seo\/ -->\n<title>FPLP: Detener la guerra genocida en Gaza es una prioridad nacional y la unidad es la clave para hacer frente a la agresi\u00f3n - Rep\u00fablica de Palestina<\/title>\n<meta name=\"robots\" content=\"index, follow, max-snippet:-1, max-image-preview:large, max-video-preview:-1\" \/>\n<link rel=\"canonical\" href=\"https:\/\/republicpalestine.com\/es\/2025\/04\/24\/fplp-detener-la-guerra-de-aniquilacion-en-gaza-es-una-prioridad-nacional-y-la-unidad-es-la-clave-para-hacer-frente-a-la-agresion\/\" \/>\n<meta property=\"og:locale\" content=\"es_ES\" \/>\n<meta property=\"og:type\" content=\"article\" \/>\n<meta property=\"og:title\" content=\"FPLP: Detener la guerra genocida en Gaza es una prioridad nacional y la unidad es la clave para hacer frente a la agresi\u00f3n\" \/>\n<meta property=\"og:description\" content=\"El Bur\u00f3 Pol\u00edtico del Frente Popular para la Liberaci\u00f3n de Palestina (FPLP) afirm\u00f3 que detener el genocidio israel\u00ed en curso sobre la Franja de Gaza y romper el asedio es una prioridad nacional urgente, llamando a fortalecer los esfuerzos nacionales e internacionales para frustrar el plan de desplazamiento forzoso y liquidaci\u00f3n de la causa palestina. Durante su reuni\u00f3n ordinaria el 22 de abril de 2025, el Bur\u00f3 Pol\u00edtico discuti\u00f3 los \u00faltimos acontecimientos pol\u00edticos y sobre el terreno, destacando el empeoramiento de la situaci\u00f3n humanitaria en la Franja de Gaza debido a la pol\u00edtica israel\u00ed de destrucci\u00f3n e inanici\u00f3n, paralelamente a la escalada de agresiones en Cisjordania y Jerusal\u00e9n, y las continuas violaciones contra los prisioneros palestinos en las c\u00e1rceles de ocupaci\u00f3n. El FPLP pidi\u00f3 la convocatoria de un nuevo Consejo Nacional que refleje una amplia representaci\u00f3n nacional, subrayando que no participar\u00e1 en las sesiones del Consejo Central, y que considera este paso \u00abpoco sistem\u00e1tico y no representa una verdadera entrada para enfrentar los desaf\u00edos actuales\u00bb. Subray\u00f3 la importancia de reformar la Organizaci\u00f3n para la Liberaci\u00f3n de Palestina (OLP) y de reconstruir el sistema pol\u00edtico palestino sobre bases democr\u00e1ticas y participativas que pongan fin a la divisi\u00f3n y el individualismo. El &hellip;\" \/>\n<meta property=\"og:url\" content=\"https:\/\/republicpalestine.com\/es\/2025\/04\/24\/fplp-detener-la-guerra-de-aniquilacion-en-gaza-es-una-prioridad-nacional-y-la-unidad-es-la-clave-para-hacer-frente-a-la-agresion\/\" \/>\n<meta property=\"og:site_name\" content=\"Rep\u00fablica de Palestina\" \/>\n<meta property=\"article:published_time\" content=\"2025-04-24T11:07:44+00:00\" \/>\n<meta property=\"article:modified_time\" content=\"2025-04-24T11:11:06+00:00\" \/>\n<meta property=\"og:image\" content=\"https:\/\/republicpalestine.com\/es\/wp-content\/uploads\/sites\/3\/2025\/04\/ventana14.jpeg\" \/>\n\t<meta property=\"og:image:width\" content=\"660\" \/>\n\t<meta property=\"og:image:height\" content=\"330\" \/>\n\t<meta property=\"og:image:type\" content=\"image\/jpeg\" \/>\n<meta name=\"author\" content=\"RepublicofPalestine\" \/>\n<meta name=\"twitter:card\" content=\"summary_large_image\" \/>\n<meta name=\"twitter:label1\" content=\"Escrito por\" \/>\n\t<meta name=\"twitter:data1\" content=\"RepublicofPalestine\" \/>\n\t<meta name=\"twitter:label2\" content=\"Tiempo de lectura\" \/>\n\t<meta name=\"twitter:data2\" content=\"3 minutos\" \/>\n<script type=\"application\/ld+json\" class=\"yoast-schema-graph\">{\"@context\":\"https:\/\/schema.org\",\"@graph\":[{\"@type\":\"WebPage\",\"@id\":\"https:\/\/republicpalestine.com\/es\/2025\/04\/24\/fplp-detener-la-guerra-de-aniquilacion-en-gaza-es-una-prioridad-nacional-y-la-unidad-es-la-clave-para-hacer-frente-a-la-agresion\/\",\"url\":\"https:\/\/republicpalestine.com\/es\/2025\/04\/24\/fplp-detener-la-guerra-de-aniquilacion-en-gaza-es-una-prioridad-nacional-y-la-unidad-es-la-clave-para-hacer-frente-a-la-agresion\/\",\"name\":\"FPLP: Detener la guerra genocida en Gaza es una prioridad nacional y la unidad es la clave para hacer frente a la agresi\u00f3n - Rep\u00fablica de Palestina\",\"isPartOf\":{\"@id\":\"https:\/\/republicpalestine.com\/es\/#website\"},\"primaryImageOfPage\":{\"@id\":\"https:\/\/republicpalestine.com\/es\/2025\/04\/24\/fplp-detener-la-guerra-de-aniquilacion-en-gaza-es-una-prioridad-nacional-y-la-unidad-es-la-clave-para-hacer-frente-a-la-agresion\/#primaryimage\"},\"image\":{\"@id\":\"https:\/\/republicpalestine.com\/es\/2025\/04\/24\/fplp-detener-la-guerra-de-aniquilacion-en-gaza-es-una-prioridad-nacional-y-la-unidad-es-la-clave-para-hacer-frente-a-la-agresion\/#primaryimage\"},\"thumbnailUrl\":\"https:\/\/republicpalestine.com\/es\/wp-content\/uploads\/sites\/3\/2025\/04\/ventana14.jpeg\",\"datePublished\":\"2025-04-24T11:07:44+00:00\",\"dateModified\":\"2025-04-24T11:11:06+00:00\",\"author\":{\"@id\":\"https:\/\/republicpalestine.com\/es\/#\/schema\/person\/a116984632a4562b5d251d19cb8e8bf3\"},\"breadcrumb\":{\"@id\":\"https:\/\/republicpalestine.com\/es\/2025\/04\/24\/fplp-detener-la-guerra-de-aniquilacion-en-gaza-es-una-prioridad-nacional-y-la-unidad-es-la-clave-para-hacer-frente-a-la-agresion\/#breadcrumb\"},\"inLanguage\":\"es\",\"potentialAction\":[{\"@type\":\"ReadAction\",\"target\":[\"https:\/\/republicpalestine.com\/es\/2025\/04\/24\/fplp-detener-la-guerra-de-aniquilacion-en-gaza-es-una-prioridad-nacional-y-la-unidad-es-la-clave-para-hacer-frente-a-la-agresion\/\"]}]},{\"@type\":\"ImageObject\",\"inLanguage\":\"es\",\"@id\":\"https:\/\/republicpalestine.com\/es\/2025\/04\/24\/fplp-detener-la-guerra-de-aniquilacion-en-gaza-es-una-prioridad-nacional-y-la-unidad-es-la-clave-para-hacer-frente-a-la-agresion\/#primaryimage\",\"url\":\"https:\/\/republicpalestine.com\/es\/wp-content\/uploads\/sites\/3\/2025\/04\/ventana14.jpeg\",\"contentUrl\":\"https:\/\/republicpalestine.com\/es\/wp-content\/uploads\/sites\/3\/2025\/04\/ventana14.jpeg\",\"width\":660,\"height\":330},{\"@type\":\"BreadcrumbList\",\"@id\":\"https:\/\/republicpalestine.com\/es\/2025\/04\/24\/fplp-detener-la-guerra-de-aniquilacion-en-gaza-es-una-prioridad-nacional-y-la-unidad-es-la-clave-para-hacer-frente-a-la-agresion\/#breadcrumb\",\"itemListElement\":[{\"@type\":\"ListItem\",\"position\":1,\"name\":\"\u0627\u0644\u0631\u0626\u064a\u0633\u064a\u0629\",\"item\":\"https:\/\/republicpalestine.com\/es\/\"},{\"@type\":\"ListItem\",\"position\":2,\"name\":\"FPLP: Detener la guerra genocida en Gaza es una prioridad nacional y la unidad es la clave para hacer frente a la agresi\u00f3n\"}]},{\"@type\":\"WebSite\",\"@id\":\"https:\/\/republicpalestine.com\/es\/#website\",\"url\":\"https:\/\/republicpalestine.com\/es\/\",\"name\":\"Rep\u00fablica de Palestina\",\"description\":\"\",\"potentialAction\":[{\"@type\":\"SearchAction\",\"target\":{\"@type\":\"EntryPoint\",\"urlTemplate\":\"https:\/\/republicpalestine.com\/es\/?s={search_term_string}\"},\"query-input\":{\"@type\":\"PropertyValueSpecification\",\"valueRequired\":true,\"valueName\":\"search_term_string\"}}],\"inLanguage\":\"es\"},{\"@type\":\"Person\",\"@id\":\"https:\/\/republicpalestine.com\/es\/#\/schema\/person\/a116984632a4562b5d251d19cb8e8bf3\",\"name\":\"RepublicofPalestine\",\"image\":{\"@type\":\"ImageObject\",\"inLanguage\":\"es\",\"@id\":\"https:\/\/republicpalestine.com\/es\/#\/schema\/person\/image\/\",\"url\":\"https:\/\/secure.gravatar.com\/avatar\/13240ade82024fefe7ea06e3569c7001?s=96&d=mm&r=g\",\"contentUrl\":\"https:\/\/secure.gravatar.com\/avatar\/13240ade82024fefe7ea06e3569c7001?s=96&d=mm&r=g\",\"caption\":\"RepublicofPalestine\"},\"sameAs\":[\"https:\/\/republicpalestine.com\"],\"url\":\"https:\/\/republicpalestine.com\/es\/author\/jmhoriaadmin\/\"}]}<\/script>\n<!-- \/ Yoast SEO Premium plugin. -->","yoast_head_json":{"title":"FPLP: Detener la guerra genocida en Gaza es una prioridad nacional y la unidad es la clave para hacer frente a la agresi\u00f3n - Rep\u00fablica de Palestina","robots":{"index":"index","follow":"follow","max-snippet":"max-snippet:-1","max-image-preview":"max-image-preview:large","max-video-preview":"max-video-preview:-1"},"canonical":"https:\/\/republicpalestine.com\/es\/2025\/04\/24\/fplp-detener-la-guerra-de-aniquilacion-en-gaza-es-una-prioridad-nacional-y-la-unidad-es-la-clave-para-hacer-frente-a-la-agresion\/","og_locale":"es_ES","og_type":"article","og_title":"FPLP: Detener la guerra genocida en Gaza es una prioridad nacional y la unidad es la clave para hacer frente a la agresi\u00f3n","og_description":"El Bur\u00f3 Pol\u00edtico del Frente Popular para la Liberaci\u00f3n de Palestina (FPLP) afirm\u00f3 que detener el genocidio israel\u00ed en curso sobre la Franja de Gaza y romper el asedio es una prioridad nacional urgente, llamando a fortalecer los esfuerzos nacionales e internacionales para frustrar el plan de desplazamiento forzoso y liquidaci\u00f3n de la causa palestina. Durante su reuni\u00f3n ordinaria el 22 de abril de 2025, el Bur\u00f3 Pol\u00edtico discuti\u00f3 los \u00faltimos acontecimientos pol\u00edticos y sobre el terreno, destacando el empeoramiento de la situaci\u00f3n humanitaria en la Franja de Gaza debido a la pol\u00edtica israel\u00ed de destrucci\u00f3n e inanici\u00f3n, paralelamente a la escalada de agresiones en Cisjordania y Jerusal\u00e9n, y las continuas violaciones contra los prisioneros palestinos en las c\u00e1rceles de ocupaci\u00f3n. El FPLP pidi\u00f3 la convocatoria de un nuevo Consejo Nacional que refleje una amplia representaci\u00f3n nacional, subrayando que no participar\u00e1 en las sesiones del Consejo Central, y que considera este paso \u00abpoco sistem\u00e1tico y no representa una verdadera entrada para enfrentar los desaf\u00edos actuales\u00bb. Subray\u00f3 la importancia de reformar la Organizaci\u00f3n para la Liberaci\u00f3n de Palestina (OLP) y de reconstruir el sistema pol\u00edtico palestino sobre bases democr\u00e1ticas y participativas que pongan fin a la divisi\u00f3n y el individualismo. El &hellip;","og_url":"https:\/\/republicpalestine.com\/es\/2025\/04\/24\/fplp-detener-la-guerra-de-aniquilacion-en-gaza-es-una-prioridad-nacional-y-la-unidad-es-la-clave-para-hacer-frente-a-la-agresion\/","og_site_name":"Rep\u00fablica de Palestina","article_published_time":"2025-04-24T11:07:44+00:00","article_modified_time":"2025-04-24T11:11:06+00:00","og_image":[{"width":660,"height":330,"url":"https:\/\/republicpalestine.com\/es\/wp-content\/uploads\/sites\/3\/2025\/04\/ventana14.jpeg","type":"image\/jpeg"}],"author":"RepublicofPalestine","twitter_card":"summary_large_image","twitter_misc":{"Escrito por":"RepublicofPalestine","Tiempo de lectura":"3 minutos"},"schema":{"@context":"https:\/\/schema.org","@graph":[{"@type":"WebPage","@id":"https:\/\/republicpalestine.com\/es\/2025\/04\/24\/fplp-detener-la-guerra-de-aniquilacion-en-gaza-es-una-prioridad-nacional-y-la-unidad-es-la-clave-para-hacer-frente-a-la-agresion\/","url":"https:\/\/republicpalestine.com\/es\/2025\/04\/24\/fplp-detener-la-guerra-de-aniquilacion-en-gaza-es-una-prioridad-nacional-y-la-unidad-es-la-clave-para-hacer-frente-a-la-agresion\/","name":"FPLP: Detener la guerra genocida en Gaza es una prioridad nacional y la unidad es la clave para hacer frente a la agresi\u00f3n - Rep\u00fablica de Palestina","isPartOf":{"@id":"https:\/\/republicpalestine.com\/es\/#website"},"primaryImageOfPage":{"@id":"https:\/\/republicpalestine.com\/es\/2025\/04\/24\/fplp-detener-la-guerra-de-aniquilacion-en-gaza-es-una-prioridad-nacional-y-la-unidad-es-la-clave-para-hacer-frente-a-la-agresion\/#primaryimage"},"image":{"@id":"https:\/\/republicpalestine.com\/es\/2025\/04\/24\/fplp-detener-la-guerra-de-aniquilacion-en-gaza-es-una-prioridad-nacional-y-la-unidad-es-la-clave-para-hacer-frente-a-la-agresion\/#primaryimage"},"thumbnailUrl":"https:\/\/republicpalestine.com\/es\/wp-content\/uploads\/sites\/3\/2025\/04\/ventana14.jpeg","datePublished":"2025-04-24T11:07:44+00:00","dateModified":"2025-04-24T11:11:06+00:00","author":{"@id":"https:\/\/republicpalestine.com\/es\/#\/schema\/person\/a116984632a4562b5d251d19cb8e8bf3"},"breadcrumb":{"@id":"https:\/\/republicpalestine.com\/es\/2025\/04\/24\/fplp-detener-la-guerra-de-aniquilacion-en-gaza-es-una-prioridad-nacional-y-la-unidad-es-la-clave-para-hacer-frente-a-la-agresion\/#breadcrumb"},"inLanguage":"es","potentialAction":[{"@type":"ReadAction","target":["https:\/\/republicpalestine.com\/es\/2025\/04\/24\/fplp-detener-la-guerra-de-aniquilacion-en-gaza-es-una-prioridad-nacional-y-la-unidad-es-la-clave-para-hacer-frente-a-la-agresion\/"]}]},{"@type":"ImageObject","inLanguage":"es","@id":"https:\/\/republicpalestine.com\/es\/2025\/04\/24\/fplp-detener-la-guerra-de-aniquilacion-en-gaza-es-una-prioridad-nacional-y-la-unidad-es-la-clave-para-hacer-frente-a-la-agresion\/#primaryimage","url":"https:\/\/republicpalestine.com\/es\/wp-content\/uploads\/sites\/3\/2025\/04\/ventana14.jpeg","contentUrl":"https:\/\/republicpalestine.com\/es\/wp-content\/uploads\/sites\/3\/2025\/04\/ventana14.jpeg","width":660,"height":330},{"@type":"BreadcrumbList","@id":"https:\/\/republicpalestine.com\/es\/2025\/04\/24\/fplp-detener-la-guerra-de-aniquilacion-en-gaza-es-una-prioridad-nacional-y-la-unidad-es-la-clave-para-hacer-frente-a-la-agresion\/#breadcrumb","itemListElement":[{"@type":"ListItem","position":1,"name":"\u0627\u0644\u0631\u0626\u064a\u0633\u064a\u0629","item":"https:\/\/republicpalestine.com\/es\/"},{"@type":"ListItem","position":2,"name":"FPLP: Detener la guerra genocida en Gaza es una prioridad nacional y la unidad es la clave para hacer frente a la agresi\u00f3n"}]},{"@type":"WebSite","@id":"https:\/\/republicpalestine.com\/es\/#website","url":"https:\/\/republicpalestine.com\/es\/","name":"Rep\u00fablica de Palestina","description":"","potentialAction":[{"@type":"SearchAction","target":{"@type":"EntryPoint","urlTemplate":"https:\/\/republicpalestine.com\/es\/?s={search_term_string}"},"query-input":{"@type":"PropertyValueSpecification","valueRequired":true,"valueName":"search_term_string"}}],"inLanguage":"es"},{"@type":"Person","@id":"https:\/\/republicpalestine.com\/es\/#\/schema\/person\/a116984632a4562b5d251d19cb8e8bf3","name":"RepublicofPalestine","image":{"@type":"ImageObject","inLanguage":"es","@id":"https:\/\/republicpalestine.com\/es\/#\/schema\/person\/image\/","url":"https:\/\/secure.gravatar.com\/avatar\/13240ade82024fefe7ea06e3569c7001?s=96&d=mm&r=g","contentUrl":"https:\/\/secure.gravatar.com\/avatar\/13240ade82024fefe7ea06e3569c7001?s=96&d=mm&r=g","caption":"RepublicofPalestine"},"sameAs":["https:\/\/republicpalestine.com"],"url":"https:\/\/republicpalestine.com\/es\/author\/jmhoriaadmin\/"}]}},"_links":{"self":[{"href":"https:\/\/republicpalestine.com\/es\/wp-json\/wp\/v2\/posts\/1022","targetHints":{"allow":["GET"]}}],"collection":[{"href":"https:\/\/republicpalestine.com\/es\/wp-json\/wp\/v2\/posts"}],"about":[{"href":"https:\/\/republicpalestine.com\/es\/wp-json\/wp\/v2\/types\/post"}],"author":[{"embeddable":true,"href":"https:\/\/republicpalestine.com\/es\/wp-json\/wp\/v2\/users\/1"}],"replies":[{"embeddable":true,"href":"https:\/\/republicpalestine.com\/es\/wp-json\/wp\/v2\/comments?post=1022"}],"version-history":[{"count":2,"href":"https:\/\/republicpalestine.com\/es\/wp-json\/wp\/v2\/posts\/1022\/revisions"}],"predecessor-version":[{"id":1025,"href":"https:\/\/republicpalestine.com\/es\/wp-json\/wp\/v2\/posts\/1022\/revisions\/1025"}],"wp:featuredmedia":[{"embeddable":true,"href":"https:\/\/republicpalestine.com\/es\/wp-json\/wp\/v2\/media\/1023"}],"wp:attachment":[{"href":"https:\/\/republicpalestine.com\/es\/wp-json\/wp\/v2\/media?parent=1022"}],"wp:term":[{"taxonomy":"category","embeddable":true,"href":"https:\/\/republicpalestine.com\/es\/wp-json\/wp\/v2\/categories?post=1022"},{"taxonomy":"post_tag","embeddable":true,"href":"https:\/\/republicpalestine.com\/es\/wp-json\/wp\/v2\/tags?post=1022"}],"curies":[{"name":"wp","href":"https:\/\/api.w.org\/{rel}","templated":true}]}}