{"id":1369,"date":"2025-09-19T14:23:49","date_gmt":"2025-09-19T11:23:49","guid":{"rendered":"https:\/\/republicpalestine.com\/es\/?p=1369"},"modified":"2025-09-19T17:33:40","modified_gmt":"2025-09-19T14:33:40","slug":"de-sabra-y-chatila-a-gaza-el-recuerdo-de-las-masacres-y-la-continua-cadena-de-complicidad","status":"publish","type":"post","link":"https:\/\/republicpalestine.com\/es\/2025\/09\/19\/de-sabra-y-chatila-a-gaza-el-recuerdo-de-las-masacres-y-la-continua-cadena-de-complicidad\/","title":{"rendered":"De Sabra y Chatila a Gaza: El recuerdo de las masacres y la continua cadena de complicidad"},"content":{"rendered":"\n<figure class=\"wp-block-image size-large\"><img fetchpriority=\"high\" decoding=\"async\" width=\"1024\" height=\"554\" src=\"https:\/\/republicpalestine.com\/es\/wp-content\/uploads\/sites\/3\/2025\/09\/sabra-1-1024x554.png\" alt=\"\" class=\"wp-image-1371\" srcset=\"https:\/\/republicpalestine.com\/es\/wp-content\/uploads\/sites\/3\/2025\/09\/sabra-1-1024x554.png 1024w, https:\/\/republicpalestine.com\/es\/wp-content\/uploads\/sites\/3\/2025\/09\/sabra-1-300x162.png 300w, https:\/\/republicpalestine.com\/es\/wp-content\/uploads\/sites\/3\/2025\/09\/sabra-1-200x108.png 200w, https:\/\/republicpalestine.com\/es\/wp-content\/uploads\/sites\/3\/2025\/09\/sabra-1-768x416.png 768w, https:\/\/republicpalestine.com\/es\/wp-content\/uploads\/sites\/3\/2025\/09\/sabra-1-480x260.png 480w, https:\/\/republicpalestine.com\/es\/wp-content\/uploads\/sites\/3\/2025\/09\/sabra-1.png 1397w\" sizes=\"(max-width: 1024px) 100vw, 1024px\" \/><\/figure>\n\n\n\n<div class=\"wp-block-group is-vertical is-layout-flex wp-container-core-group-is-layout-1 wp-block-group-is-layout-flex\">\n<p>\u0627\u0644\u0645\u0642\u0627\u0644 \u0628\u0627\u0644\u0639\u0631\u0628\u064a\u0629 <a href=\"https:\/\/republicpalestine.com\/2025\/09\/18\/%d9%85%d9%86-%d8%b5%d8%a8%d8%b1%d8%a7-%d9%88%d8%b4%d8%a7%d8%aa%d9%8a%d9%84%d8%a7-%d8%a5%d9%84%d9%89-%d8%ba%d8%b2%d8%a9-%d8%b0%d8%a7%d9%83%d8%b1%d8%a9-%d8%a7%d9%84%d9%85%d8%ac%d8%a7%d8%b2%d8%b1-%d9%88\/\">\u0647\u0646\u0627<\/a><\/p>\n\n\n\n<p>Read in English <a href=\"https:\/\/republicpalestine.com\/en\/2025\/09\/19\/from-sabra-and-shatila-to-gaza-the-memory-of-massacres-and-an-ongoing-chain-of-complicity\/\">here<\/a><\/p>\n\n\n\n<p><\/p>\n\n\n\n<p>El recuerdo de la masacre de Sabra y Chatila, que tuvo lugar entre el 16 y el 18 de septiembre de 1982, sigue siendo una herida que no ha cicatrizado, no es un simple episodio sangriento aislado, sino un ejemplo concentrado de la naturaleza del proyecto colonial sionista, basado en el exterminio, la limpieza \u00e9tnica y la comisi\u00f3n de masacres contra un pueblo indefenso. En septiembre de 1982, mientras los campos de refugiados palestinos de Beirut estaban sitiados por las fuerzas de ocupaci\u00f3n israel\u00edes, se produjo uno de los cr\u00edmenes m\u00e1s atroces de la historia moderna. M\u00e1s de tres mil m\u00e1rtires palestinos y libaneses fueron asesinados a cuchillos y rifles, durante tres d\u00edas, ante los ojos de las fuerzas de ocupaci\u00f3n, que cercaron la zona e impidieron cualquier escape o socorro.<\/p>\n<\/div>\n\n\n\n<p>Pero el crimen no fue solo israel\u00ed-sionista; milicias libanesas de derecha (los falangistas y sus aliados) participaron en \u00e9l bajo las \u00f3rdenes directas y la plena facilitaci\u00f3n del ej\u00e9rcito de ocupaci\u00f3n liderado por Ariel Sharon y Rafael Eitan. Por su parte, Estados Unidos, que pretend\u00eda actuar como \u00abmediador\u00bb, garantiz\u00f3 la retirada de la resistencia palestina de Beirut con la promesa de proteger a la poblaci\u00f3n civil. Luego retiraron sus fuerzas, dejando a la gente condenada a la masacre. As\u00ed, se integraron los roles de la ocupaci\u00f3n, las milicias t\u00edteres y la cobertura estadounidense-europea, creando un cap\u00edtulo de sangrienta connivencia contra los palestinos.<\/p>\n\n\n\n<p>Hoy, m\u00e1s de cuatro d\u00e9cadas despu\u00e9s, la tragedia se repite de forma m\u00e1s violenta y generalizada. Las masacres de Sabra y Chatila son solo un episodio m\u00e1s de la serie de cr\u00edmenes coloniales-imperialistas. El ocupante sionista contin\u00faa con sus bombardeos indiscriminados, atacando hospitales, escuelas y campamentos de desplazados, y matando de hambre a m\u00e1s de un mill\u00f3n y medio de personas con un asfixiante asedio. Se trata de una guerra existencial contra todos los palestinos: asesinatos sistem\u00e1ticos, desplazamientos forzados y destrucci\u00f3n sistem\u00e1tica de las infraestructuras.<\/p>\n\n\n\n<p><strong>Los c\u00f3mplices no han cambiado:<\/strong><\/p>\n\n\n\n<ul class=\"wp-block-list\">\n<li>La entidad sionista sigue siendo el ejecutor directo del crimen.<\/li>\n\n\n\n<li>Estados Unidos es el socio central, que proporciona dinero, armas y cobertura pol\u00edtica en el Consejo de Seguridad, y describe el genocidio como \u00abderecho a la autodefensa\u00bb.<\/li>\n\n\n\n<li>La Europa oficial, incluidas Francia, Alemania y Gran Breta\u00f1a, se sit\u00faa en la misma l\u00ednea, hace o\u00eddos sordos a las voces de la calle y encubre la agresi\u00f3n.<\/li>\n\n\n\n<li>Los reg\u00edmenes reaccionarios \u00e1rabes, que abren sus puertas a las alianzas con los sionistas y contin\u00faan con los acuerdos de normalizaci\u00f3n, o bien guardan un silencio sepulcral o se limitan a emitir declaraciones d\u00e9biles que no disuaden ni protegen. Algunos participan indirectamente en el bloqueo, y otros incluso reprimen las manifestaciones populares en apoyo a Palestina.<\/li>\n<\/ul>\n\n\n\n<p>Lo que est\u00e1 sucediendo demuestra que la causa palestina no es solo un enfrentamiento con una entidad colonial ocupante, sino tambi\u00e9n con un sistema regional e internacional de complicidad. El enemigo es uno, pero tiene m\u00faltiples caras: desde el asesino directo que aprieta el gatillo, hasta los reg\u00edmenes que compran su silencio con la normalizaci\u00f3n, pasando por las grandes potencias que justifican el asesinato y legitiman el genocidio.<\/p>\n\n\n\n<p>En el recuerdo de Sabra y Chatila, nos damos cuenta de que la sangre palestina no ha dejado de derramarse, y que la memoria no solo es motivo de duelo, sino tambi\u00e9n para la incitaci\u00f3n y la movilizaci\u00f3n. El pueblo palestino se enfrenta hoy a una versi\u00f3n contempor\u00e1nea del mismo proyecto criminal que cometi\u00f3 las masacres de Deir Yassin, Kafr Qasim, Qana y Yen\u00edn. Si la complicidad permiti\u00f3 que se produjera la masacre ayer, la continuaci\u00f3n de la complicidad hoy abre la puerta a un genocidio total.<\/p>\n\n\n\n<p>Por lo tanto, la verdadera postura requerida no es declaraciones vac\u00edas de condena, sino romper el bloqueo, detener la normalizaci\u00f3n y activar la resistencia popular y pol\u00edtica en todas partes. Palestina no es solo una cuesti\u00f3n humanitaria, es una cuesti\u00f3n de liberaci\u00f3n y dignidad, y todo aquel que colabore con el asesino sionista es c\u00f3mplice del crimen, ya sea que vista uniforme militar, ocupe un puesto en la ONU o simplemente guarde el silencio vergonzoso en los palacios de la reacci\u00f3n.<\/p>\n\n\n\n<p><a href=\"https:\/\/prc.org.uk\/en\/news\/4270\/39-years-on-palestinians-haunted-by-horrific-memories-of-sabra-and-shatila-massacre\">Fuente de la foto<\/a><\/p>\n\n\n\n<p><strong>-El equipo editorial de la <em>Rep\u00fablica de Palestina<\/em><\/strong><\/p>\n","protected":false},"excerpt":{"rendered":"<p>\u0627\u0644\u0645\u0642\u0627\u0644 \u0628\u0627\u0644\u0639\u0631\u0628\u064a\u0629 \u0647\u0646\u0627 Read in English here El recuerdo de la masacre de Sabra y Chatila, que tuvo lugar entre el 16 y el 18 de septiembre de 1982, sigue siendo una herida que no ha cicatrizado, no es un simple episodio sangriento aislado, sino un ejemplo concentrado de la naturaleza del proyecto colonial sionista, basado en el exterminio, la limpieza \u00e9tnica y la comisi\u00f3n de masacres contra un pueblo indefenso. En septiembre de 1982, mientras los campos de refugiados palestinos de Beirut estaban sitiados por las fuerzas de ocupaci\u00f3n israel\u00edes, se produjo uno de los cr\u00edmenes m\u00e1s atroces de la historia moderna. M\u00e1s de tres mil m\u00e1rtires palestinos y libaneses fueron asesinados a cuchillos y rifles, durante tres d\u00edas, ante los ojos de las fuerzas de ocupaci\u00f3n, que cercaron la zona e impidieron cualquier escape o socorro. Pero el crimen no fue solo israel\u00ed-sionista; milicias libanesas de derecha (los falangistas y sus aliados) participaron en \u00e9l bajo las \u00f3rdenes directas y la plena facilitaci\u00f3n del ej\u00e9rcito de ocupaci\u00f3n liderado por Ariel Sharon y Rafael Eitan. Por su parte, Estados Unidos, que pretend\u00eda actuar como \u00abmediador\u00bb, garantiz\u00f3 la retirada de la resistencia palestina de Beirut con la promesa de proteger &hellip;<\/p>\n","protected":false},"author":1,"featured_media":1370,"comment_status":"open","ping_status":"open","sticky":false,"template":"","format":"standard","meta":{"_acf_changed":false,"_eb_attr":"","footnotes":""},"categories":[1,4],"tags":[18,25,38,34,17],"class_list":["post-1369","post","type-post","status-publish","format-standard","has-post-thumbnail","hentry","category-archivo","category-diaspora-palestina","tag-gaza","tag-genocidio-2","tag-libano","tag-ocupacion","tag-palestina"],"acf":[],"yoast_head":"<!-- This site is optimized with the Yoast SEO Premium plugin v22.8 (Yoast SEO v24.8.1) - https:\/\/yoast.com\/wordpress\/plugins\/seo\/ -->\n<title>De Sabra y Chatila a Gaza: El recuerdo de las masacres y la continua cadena de complicidad - Rep\u00fablica de Palestina<\/title>\n<meta name=\"robots\" content=\"index, follow, max-snippet:-1, max-image-preview:large, max-video-preview:-1\" \/>\n<link rel=\"canonical\" href=\"https:\/\/republicpalestine.com\/es\/2025\/09\/19\/de-sabra-y-chatila-a-gaza-el-recuerdo-de-las-masacres-y-la-continua-cadena-de-complicidad\/\" \/>\n<meta property=\"og:locale\" content=\"es_ES\" \/>\n<meta property=\"og:type\" content=\"article\" \/>\n<meta property=\"og:title\" content=\"De Sabra y Chatila a Gaza: El recuerdo de las masacres y la continua cadena de complicidad\" \/>\n<meta property=\"og:description\" content=\"\u0627\u0644\u0645\u0642\u0627\u0644 \u0628\u0627\u0644\u0639\u0631\u0628\u064a\u0629 \u0647\u0646\u0627 Read in English here El recuerdo de la masacre de Sabra y Chatila, que tuvo lugar entre el 16 y el 18 de septiembre de 1982, sigue siendo una herida que no ha cicatrizado, no es un simple episodio sangriento aislado, sino un ejemplo concentrado de la naturaleza del proyecto colonial sionista, basado en el exterminio, la limpieza \u00e9tnica y la comisi\u00f3n de masacres contra un pueblo indefenso. En septiembre de 1982, mientras los campos de refugiados palestinos de Beirut estaban sitiados por las fuerzas de ocupaci\u00f3n israel\u00edes, se produjo uno de los cr\u00edmenes m\u00e1s atroces de la historia moderna. M\u00e1s de tres mil m\u00e1rtires palestinos y libaneses fueron asesinados a cuchillos y rifles, durante tres d\u00edas, ante los ojos de las fuerzas de ocupaci\u00f3n, que cercaron la zona e impidieron cualquier escape o socorro. Pero el crimen no fue solo israel\u00ed-sionista; milicias libanesas de derecha (los falangistas y sus aliados) participaron en \u00e9l bajo las \u00f3rdenes directas y la plena facilitaci\u00f3n del ej\u00e9rcito de ocupaci\u00f3n liderado por Ariel Sharon y Rafael Eitan. Por su parte, Estados Unidos, que pretend\u00eda actuar como \u00abmediador\u00bb, garantiz\u00f3 la retirada de la resistencia palestina de Beirut con la promesa de proteger &hellip;\" \/>\n<meta property=\"og:url\" content=\"https:\/\/republicpalestine.com\/es\/2025\/09\/19\/de-sabra-y-chatila-a-gaza-el-recuerdo-de-las-masacres-y-la-continua-cadena-de-complicidad\/\" \/>\n<meta property=\"og:site_name\" content=\"Rep\u00fablica de Palestina\" \/>\n<meta property=\"article:published_time\" content=\"2025-09-19T11:23:49+00:00\" \/>\n<meta property=\"article:modified_time\" content=\"2025-09-19T14:33:40+00:00\" \/>\n<meta property=\"og:image\" content=\"https:\/\/republicpalestine.com\/es\/wp-content\/uploads\/sites\/3\/2025\/09\/sabra.png\" \/>\n\t<meta property=\"og:image:width\" content=\"1397\" \/>\n\t<meta property=\"og:image:height\" content=\"756\" \/>\n\t<meta property=\"og:image:type\" content=\"image\/png\" \/>\n<meta name=\"author\" content=\"RepublicofPalestine\" \/>\n<meta name=\"twitter:card\" content=\"summary_large_image\" \/>\n<meta name=\"twitter:label1\" content=\"Escrito por\" \/>\n\t<meta name=\"twitter:data1\" content=\"RepublicofPalestine\" \/>\n\t<meta name=\"twitter:label2\" content=\"Tiempo de lectura\" \/>\n\t<meta name=\"twitter:data2\" content=\"4 minutos\" \/>\n<script type=\"application\/ld+json\" class=\"yoast-schema-graph\">{\"@context\":\"https:\/\/schema.org\",\"@graph\":[{\"@type\":\"WebPage\",\"@id\":\"https:\/\/republicpalestine.com\/es\/2025\/09\/19\/de-sabra-y-chatila-a-gaza-el-recuerdo-de-las-masacres-y-la-continua-cadena-de-complicidad\/\",\"url\":\"https:\/\/republicpalestine.com\/es\/2025\/09\/19\/de-sabra-y-chatila-a-gaza-el-recuerdo-de-las-masacres-y-la-continua-cadena-de-complicidad\/\",\"name\":\"De Sabra y Chatila a Gaza: El recuerdo de las masacres y la continua cadena de complicidad - Rep\u00fablica de Palestina\",\"isPartOf\":{\"@id\":\"https:\/\/republicpalestine.com\/es\/#website\"},\"primaryImageOfPage\":{\"@id\":\"https:\/\/republicpalestine.com\/es\/2025\/09\/19\/de-sabra-y-chatila-a-gaza-el-recuerdo-de-las-masacres-y-la-continua-cadena-de-complicidad\/#primaryimage\"},\"image\":{\"@id\":\"https:\/\/republicpalestine.com\/es\/2025\/09\/19\/de-sabra-y-chatila-a-gaza-el-recuerdo-de-las-masacres-y-la-continua-cadena-de-complicidad\/#primaryimage\"},\"thumbnailUrl\":\"https:\/\/republicpalestine.com\/es\/wp-content\/uploads\/sites\/3\/2025\/09\/sabra.png\",\"datePublished\":\"2025-09-19T11:23:49+00:00\",\"dateModified\":\"2025-09-19T14:33:40+00:00\",\"author\":{\"@id\":\"https:\/\/republicpalestine.com\/es\/#\/schema\/person\/a116984632a4562b5d251d19cb8e8bf3\"},\"breadcrumb\":{\"@id\":\"https:\/\/republicpalestine.com\/es\/2025\/09\/19\/de-sabra-y-chatila-a-gaza-el-recuerdo-de-las-masacres-y-la-continua-cadena-de-complicidad\/#breadcrumb\"},\"inLanguage\":\"es\",\"potentialAction\":[{\"@type\":\"ReadAction\",\"target\":[\"https:\/\/republicpalestine.com\/es\/2025\/09\/19\/de-sabra-y-chatila-a-gaza-el-recuerdo-de-las-masacres-y-la-continua-cadena-de-complicidad\/\"]}]},{\"@type\":\"ImageObject\",\"inLanguage\":\"es\",\"@id\":\"https:\/\/republicpalestine.com\/es\/2025\/09\/19\/de-sabra-y-chatila-a-gaza-el-recuerdo-de-las-masacres-y-la-continua-cadena-de-complicidad\/#primaryimage\",\"url\":\"https:\/\/republicpalestine.com\/es\/wp-content\/uploads\/sites\/3\/2025\/09\/sabra.png\",\"contentUrl\":\"https:\/\/republicpalestine.com\/es\/wp-content\/uploads\/sites\/3\/2025\/09\/sabra.png\",\"width\":1397,\"height\":756},{\"@type\":\"BreadcrumbList\",\"@id\":\"https:\/\/republicpalestine.com\/es\/2025\/09\/19\/de-sabra-y-chatila-a-gaza-el-recuerdo-de-las-masacres-y-la-continua-cadena-de-complicidad\/#breadcrumb\",\"itemListElement\":[{\"@type\":\"ListItem\",\"position\":1,\"name\":\"\u0627\u0644\u0631\u0626\u064a\u0633\u064a\u0629\",\"item\":\"https:\/\/republicpalestine.com\/es\/\"},{\"@type\":\"ListItem\",\"position\":2,\"name\":\"De Sabra y Chatila a Gaza: El recuerdo de las masacres y la continua cadena de complicidad\"}]},{\"@type\":\"WebSite\",\"@id\":\"https:\/\/republicpalestine.com\/es\/#website\",\"url\":\"https:\/\/republicpalestine.com\/es\/\",\"name\":\"Rep\u00fablica de Palestina\",\"description\":\"\",\"potentialAction\":[{\"@type\":\"SearchAction\",\"target\":{\"@type\":\"EntryPoint\",\"urlTemplate\":\"https:\/\/republicpalestine.com\/es\/?s={search_term_string}\"},\"query-input\":{\"@type\":\"PropertyValueSpecification\",\"valueRequired\":true,\"valueName\":\"search_term_string\"}}],\"inLanguage\":\"es\"},{\"@type\":\"Person\",\"@id\":\"https:\/\/republicpalestine.com\/es\/#\/schema\/person\/a116984632a4562b5d251d19cb8e8bf3\",\"name\":\"RepublicofPalestine\",\"image\":{\"@type\":\"ImageObject\",\"inLanguage\":\"es\",\"@id\":\"https:\/\/republicpalestine.com\/es\/#\/schema\/person\/image\/\",\"url\":\"https:\/\/secure.gravatar.com\/avatar\/13240ade82024fefe7ea06e3569c7001?s=96&d=mm&r=g\",\"contentUrl\":\"https:\/\/secure.gravatar.com\/avatar\/13240ade82024fefe7ea06e3569c7001?s=96&d=mm&r=g\",\"caption\":\"RepublicofPalestine\"},\"sameAs\":[\"https:\/\/republicpalestine.com\"],\"url\":\"https:\/\/republicpalestine.com\/es\/author\/jmhoriaadmin\/\"}]}<\/script>\n<!-- \/ Yoast SEO Premium plugin. -->","yoast_head_json":{"title":"De Sabra y Chatila a Gaza: El recuerdo de las masacres y la continua cadena de complicidad - Rep\u00fablica de Palestina","robots":{"index":"index","follow":"follow","max-snippet":"max-snippet:-1","max-image-preview":"max-image-preview:large","max-video-preview":"max-video-preview:-1"},"canonical":"https:\/\/republicpalestine.com\/es\/2025\/09\/19\/de-sabra-y-chatila-a-gaza-el-recuerdo-de-las-masacres-y-la-continua-cadena-de-complicidad\/","og_locale":"es_ES","og_type":"article","og_title":"De Sabra y Chatila a Gaza: El recuerdo de las masacres y la continua cadena de complicidad","og_description":"\u0627\u0644\u0645\u0642\u0627\u0644 \u0628\u0627\u0644\u0639\u0631\u0628\u064a\u0629 \u0647\u0646\u0627 Read in English here El recuerdo de la masacre de Sabra y Chatila, que tuvo lugar entre el 16 y el 18 de septiembre de 1982, sigue siendo una herida que no ha cicatrizado, no es un simple episodio sangriento aislado, sino un ejemplo concentrado de la naturaleza del proyecto colonial sionista, basado en el exterminio, la limpieza \u00e9tnica y la comisi\u00f3n de masacres contra un pueblo indefenso. En septiembre de 1982, mientras los campos de refugiados palestinos de Beirut estaban sitiados por las fuerzas de ocupaci\u00f3n israel\u00edes, se produjo uno de los cr\u00edmenes m\u00e1s atroces de la historia moderna. M\u00e1s de tres mil m\u00e1rtires palestinos y libaneses fueron asesinados a cuchillos y rifles, durante tres d\u00edas, ante los ojos de las fuerzas de ocupaci\u00f3n, que cercaron la zona e impidieron cualquier escape o socorro. Pero el crimen no fue solo israel\u00ed-sionista; milicias libanesas de derecha (los falangistas y sus aliados) participaron en \u00e9l bajo las \u00f3rdenes directas y la plena facilitaci\u00f3n del ej\u00e9rcito de ocupaci\u00f3n liderado por Ariel Sharon y Rafael Eitan. Por su parte, Estados Unidos, que pretend\u00eda actuar como \u00abmediador\u00bb, garantiz\u00f3 la retirada de la resistencia palestina de Beirut con la promesa de proteger &hellip;","og_url":"https:\/\/republicpalestine.com\/es\/2025\/09\/19\/de-sabra-y-chatila-a-gaza-el-recuerdo-de-las-masacres-y-la-continua-cadena-de-complicidad\/","og_site_name":"Rep\u00fablica de Palestina","article_published_time":"2025-09-19T11:23:49+00:00","article_modified_time":"2025-09-19T14:33:40+00:00","og_image":[{"width":1397,"height":756,"url":"https:\/\/republicpalestine.com\/es\/wp-content\/uploads\/sites\/3\/2025\/09\/sabra.png","type":"image\/png"}],"author":"RepublicofPalestine","twitter_card":"summary_large_image","twitter_misc":{"Escrito por":"RepublicofPalestine","Tiempo de lectura":"4 minutos"},"schema":{"@context":"https:\/\/schema.org","@graph":[{"@type":"WebPage","@id":"https:\/\/republicpalestine.com\/es\/2025\/09\/19\/de-sabra-y-chatila-a-gaza-el-recuerdo-de-las-masacres-y-la-continua-cadena-de-complicidad\/","url":"https:\/\/republicpalestine.com\/es\/2025\/09\/19\/de-sabra-y-chatila-a-gaza-el-recuerdo-de-las-masacres-y-la-continua-cadena-de-complicidad\/","name":"De Sabra y Chatila a Gaza: El recuerdo de las masacres y la continua cadena de complicidad - Rep\u00fablica de Palestina","isPartOf":{"@id":"https:\/\/republicpalestine.com\/es\/#website"},"primaryImageOfPage":{"@id":"https:\/\/republicpalestine.com\/es\/2025\/09\/19\/de-sabra-y-chatila-a-gaza-el-recuerdo-de-las-masacres-y-la-continua-cadena-de-complicidad\/#primaryimage"},"image":{"@id":"https:\/\/republicpalestine.com\/es\/2025\/09\/19\/de-sabra-y-chatila-a-gaza-el-recuerdo-de-las-masacres-y-la-continua-cadena-de-complicidad\/#primaryimage"},"thumbnailUrl":"https:\/\/republicpalestine.com\/es\/wp-content\/uploads\/sites\/3\/2025\/09\/sabra.png","datePublished":"2025-09-19T11:23:49+00:00","dateModified":"2025-09-19T14:33:40+00:00","author":{"@id":"https:\/\/republicpalestine.com\/es\/#\/schema\/person\/a116984632a4562b5d251d19cb8e8bf3"},"breadcrumb":{"@id":"https:\/\/republicpalestine.com\/es\/2025\/09\/19\/de-sabra-y-chatila-a-gaza-el-recuerdo-de-las-masacres-y-la-continua-cadena-de-complicidad\/#breadcrumb"},"inLanguage":"es","potentialAction":[{"@type":"ReadAction","target":["https:\/\/republicpalestine.com\/es\/2025\/09\/19\/de-sabra-y-chatila-a-gaza-el-recuerdo-de-las-masacres-y-la-continua-cadena-de-complicidad\/"]}]},{"@type":"ImageObject","inLanguage":"es","@id":"https:\/\/republicpalestine.com\/es\/2025\/09\/19\/de-sabra-y-chatila-a-gaza-el-recuerdo-de-las-masacres-y-la-continua-cadena-de-complicidad\/#primaryimage","url":"https:\/\/republicpalestine.com\/es\/wp-content\/uploads\/sites\/3\/2025\/09\/sabra.png","contentUrl":"https:\/\/republicpalestine.com\/es\/wp-content\/uploads\/sites\/3\/2025\/09\/sabra.png","width":1397,"height":756},{"@type":"BreadcrumbList","@id":"https:\/\/republicpalestine.com\/es\/2025\/09\/19\/de-sabra-y-chatila-a-gaza-el-recuerdo-de-las-masacres-y-la-continua-cadena-de-complicidad\/#breadcrumb","itemListElement":[{"@type":"ListItem","position":1,"name":"\u0627\u0644\u0631\u0626\u064a\u0633\u064a\u0629","item":"https:\/\/republicpalestine.com\/es\/"},{"@type":"ListItem","position":2,"name":"De Sabra y Chatila a Gaza: El recuerdo de las masacres y la continua cadena de complicidad"}]},{"@type":"WebSite","@id":"https:\/\/republicpalestine.com\/es\/#website","url":"https:\/\/republicpalestine.com\/es\/","name":"Rep\u00fablica de Palestina","description":"","potentialAction":[{"@type":"SearchAction","target":{"@type":"EntryPoint","urlTemplate":"https:\/\/republicpalestine.com\/es\/?s={search_term_string}"},"query-input":{"@type":"PropertyValueSpecification","valueRequired":true,"valueName":"search_term_string"}}],"inLanguage":"es"},{"@type":"Person","@id":"https:\/\/republicpalestine.com\/es\/#\/schema\/person\/a116984632a4562b5d251d19cb8e8bf3","name":"RepublicofPalestine","image":{"@type":"ImageObject","inLanguage":"es","@id":"https:\/\/republicpalestine.com\/es\/#\/schema\/person\/image\/","url":"https:\/\/secure.gravatar.com\/avatar\/13240ade82024fefe7ea06e3569c7001?s=96&d=mm&r=g","contentUrl":"https:\/\/secure.gravatar.com\/avatar\/13240ade82024fefe7ea06e3569c7001?s=96&d=mm&r=g","caption":"RepublicofPalestine"},"sameAs":["https:\/\/republicpalestine.com"],"url":"https:\/\/republicpalestine.com\/es\/author\/jmhoriaadmin\/"}]}},"_links":{"self":[{"href":"https:\/\/republicpalestine.com\/es\/wp-json\/wp\/v2\/posts\/1369","targetHints":{"allow":["GET"]}}],"collection":[{"href":"https:\/\/republicpalestine.com\/es\/wp-json\/wp\/v2\/posts"}],"about":[{"href":"https:\/\/republicpalestine.com\/es\/wp-json\/wp\/v2\/types\/post"}],"author":[{"embeddable":true,"href":"https:\/\/republicpalestine.com\/es\/wp-json\/wp\/v2\/users\/1"}],"replies":[{"embeddable":true,"href":"https:\/\/republicpalestine.com\/es\/wp-json\/wp\/v2\/comments?post=1369"}],"version-history":[{"count":3,"href":"https:\/\/republicpalestine.com\/es\/wp-json\/wp\/v2\/posts\/1369\/revisions"}],"predecessor-version":[{"id":1376,"href":"https:\/\/republicpalestine.com\/es\/wp-json\/wp\/v2\/posts\/1369\/revisions\/1376"}],"wp:featuredmedia":[{"embeddable":true,"href":"https:\/\/republicpalestine.com\/es\/wp-json\/wp\/v2\/media\/1370"}],"wp:attachment":[{"href":"https:\/\/republicpalestine.com\/es\/wp-json\/wp\/v2\/media?parent=1369"}],"wp:term":[{"taxonomy":"category","embeddable":true,"href":"https:\/\/republicpalestine.com\/es\/wp-json\/wp\/v2\/categories?post=1369"},{"taxonomy":"post_tag","embeddable":true,"href":"https:\/\/republicpalestine.com\/es\/wp-json\/wp\/v2\/tags?post=1369"}],"curies":[{"name":"wp","href":"https:\/\/api.w.org\/{rel}","templated":true}]}}