{"id":1652,"date":"2026-04-30T20:43:46","date_gmt":"2026-04-30T17:43:46","guid":{"rendered":"https:\/\/republicpalestine.com\/es\/?p=1652"},"modified":"2026-04-30T20:43:47","modified_gmt":"2026-04-30T17:43:47","slug":"nota-de-solidaridad-con-el-companero-ze-maria","status":"publish","type":"post","link":"https:\/\/republicpalestine.com\/es\/2026\/04\/30\/nota-de-solidaridad-con-el-companero-ze-maria\/","title":{"rendered":"Nota de solidaridad con el compa\u00f1ero Z\u00e9 Maria"},"content":{"rendered":"\n<p>El Comit\u00e9 de Palestina Democr\u00e1tica en Brasil manifiesta su plena solidaridad con el compa\u00f1ero Jos\u00e9 Maria de Almeida, dirigente del Partido Socialista de los Trabajadores Unificado (PSTU), ante la decisi\u00f3n del juez Massimo Palazzolo, de la 4\u00aa Vara Criminal Federal de S\u00e3o Paulo, que lo conden\u00f3 a dos a\u00f1os de prisi\u00f3n por sus declaraciones en apoyo a la causa palestina y en denuncia de las masacres y violaciones cometidas contra el pueblo palestino.<\/p>\n\n\n\n<p><br>La acci\u00f3n fue presentada por la Confederaci\u00f3n Israelita de Brasil (CONIB) y por la Federaci\u00f3n Israelita del Estado de S\u00e3o Paulo (FISESP), que recurrieron al Ministerio P\u00fablico Federal (MPF). Tal decisi\u00f3n suscita profunda preocupaci\u00f3n respecto a la situaci\u00f3n de las libertades democr\u00e1ticas en Brasil.<\/p>\n\n\n\n<p><br>Reafirmamos que la defensa de las libertades democr\u00e1ticas, en especial la libertad de expresi\u00f3n y el derecho a la organizaci\u00f3n pol\u00edtica y sindical, constituye un pilar fundamental de cualquier sociedad que aspire a la justicia y a la igualdad.<\/p>\n\n\n\n<p><br>Asimismo, subrayamos que la persecuci\u00f3n a militantes y fuerzas pol\u00edticas comprometidas con la justicia social y con los derechos de los pueblos oprimidos representa una grave afrenta a estos principios y debe ser enfrentada por todos los medios democr\u00e1ticos leg\u00edtimos.<\/p>\n\n\n\n<p><br>El Comit\u00e9 considera que la lucha de la izquierda brasile\u00f1a y su solidaridad con el pueblo palestino forman parte integral de la lucha global contra el imperialismo y el sionismo. En este sentido, la solidaridad internacional entre los pueblos y las fuerzas progresistas es una herramienta esencial para enfrentar pol\u00edticas de represi\u00f3n, violaciones y encarcelamientos que afectan a diversos pueblos en todo el mundo.<\/p>\n\n\n\n<p><br>Reiteramos que la causa palestina, como expresi\u00f3n de la lucha por la libertad y la autodeterminaci\u00f3n, est\u00e1 profundamente ligada a todas las luchas de liberaci\u00f3n en el mundo. La unidad de las luchas y el fortalecimiento de la coordinaci\u00f3n entre las fuerzas comprometidas con la justicia son fundamentales para avanzar en la conquista de derechos y en el enfrentamiento de las injusticias.<\/p>\n\n\n\n<p><br>Alertamos que el antisionismo no es antisemitismo, aunque a veces se confundan deliberadamente. Destacamos que las denuncias necesarias est\u00e1n dirigidas al r\u00e9gimen colonial sionista. Reafirmamos nuestro pleno respeto a la religi\u00f3n jud\u00eda, a las dem\u00e1s religiones y a los pueblos semitas.<\/p>\n\n\n\n<p><br>El Comit\u00e9 de Palestina Democr\u00e1tica reitera su compromiso de estar al lado de todos aquellos que luchan y sufren persecuci\u00f3n debido a sus posiciones pol\u00edticas y a su apoyo a la causa palestina.<\/p>\n\n\n\n<p><br>Llamamos a la construcci\u00f3n del m\u00e1s amplio frente de solidaridad en defensa de los derechos y de las libertades democr\u00e1ticas, y por la construcci\u00f3n de un mundo basado en la dignidad humana, la justicia social y la autodeterminaci\u00f3n de los pueblos.<\/p>\n\n\n\n<p><br>Comit\u00e9 de Palestina Democr\u00e1tica en Brasil<br>30 de abril de 2026<\/p>\n","protected":false},"excerpt":{"rendered":"<p>El Comit\u00e9 de Palestina Democr\u00e1tica en Brasil manifiesta su plena solidaridad con el compa\u00f1ero Jos\u00e9 Maria de Almeida, dirigente del Partido Socialista de los Trabajadores Unificado (PSTU), ante la decisi\u00f3n del juez Massimo Palazzolo, de la 4\u00aa Vara Criminal Federal de S\u00e3o Paulo, que lo conden\u00f3 a dos a\u00f1os de prisi\u00f3n por sus declaraciones en apoyo a la causa palestina y en denuncia de las masacres y violaciones cometidas contra el pueblo palestino. La acci\u00f3n fue presentada por la Confederaci\u00f3n Israelita de Brasil (CONIB) y por la Federaci\u00f3n Israelita del Estado de S\u00e3o Paulo (FISESP), que recurrieron al Ministerio P\u00fablico Federal (MPF). Tal decisi\u00f3n suscita profunda preocupaci\u00f3n respecto a la situaci\u00f3n de las libertades democr\u00e1ticas en Brasil. Reafirmamos que la defensa de las libertades democr\u00e1ticas, en especial la libertad de expresi\u00f3n y el derecho a la organizaci\u00f3n pol\u00edtica y sindical, constituye un pilar fundamental de cualquier sociedad que aspire a la justicia y a la igualdad. Asimismo, subrayamos que la persecuci\u00f3n a militantes y fuerzas pol\u00edticas comprometidas con la justicia social y con los derechos de los pueblos oprimidos representa una grave afrenta a estos principios y debe ser enfrentada por todos los medios democr\u00e1ticos leg\u00edtimos. El Comit\u00e9 considera que &hellip;<\/p>\n","protected":false},"author":1,"featured_media":1653,"comment_status":"open","ping_status":"open","sticky":false,"template":"","format":"standard","meta":{"_acf_changed":false,"_eb_attr":"","footnotes":""},"categories":[3],"tags":[],"class_list":["post-1652","post","type-post","status-publish","format-standard","has-post-thumbnail","hentry","category-noticias"],"acf":[],"yoast_head":"<!-- This site is optimized with the Yoast SEO Premium plugin v22.8 (Yoast SEO v24.8.1) - https:\/\/yoast.com\/wordpress\/plugins\/seo\/ -->\n<title>Nota de solidaridad con el compa\u00f1ero Z\u00e9 Maria - Rep\u00fablica de Palestina<\/title>\n<meta name=\"robots\" content=\"index, follow, max-snippet:-1, max-image-preview:large, max-video-preview:-1\" \/>\n<link rel=\"canonical\" href=\"https:\/\/republicpalestine.com\/es\/2026\/04\/30\/nota-de-solidaridad-con-el-companero-ze-maria\/\" \/>\n<meta property=\"og:locale\" content=\"es_ES\" \/>\n<meta property=\"og:type\" content=\"article\" \/>\n<meta property=\"og:title\" content=\"Nota de solidaridad con el compa\u00f1ero Z\u00e9 Maria\" \/>\n<meta property=\"og:description\" content=\"El Comit\u00e9 de Palestina Democr\u00e1tica en Brasil manifiesta su plena solidaridad con el compa\u00f1ero Jos\u00e9 Maria de Almeida, dirigente del Partido Socialista de los Trabajadores Unificado (PSTU), ante la decisi\u00f3n del juez Massimo Palazzolo, de la 4\u00aa Vara Criminal Federal de S\u00e3o Paulo, que lo conden\u00f3 a dos a\u00f1os de prisi\u00f3n por sus declaraciones en apoyo a la causa palestina y en denuncia de las masacres y violaciones cometidas contra el pueblo palestino. La acci\u00f3n fue presentada por la Confederaci\u00f3n Israelita de Brasil (CONIB) y por la Federaci\u00f3n Israelita del Estado de S\u00e3o Paulo (FISESP), que recurrieron al Ministerio P\u00fablico Federal (MPF). Tal decisi\u00f3n suscita profunda preocupaci\u00f3n respecto a la situaci\u00f3n de las libertades democr\u00e1ticas en Brasil. Reafirmamos que la defensa de las libertades democr\u00e1ticas, en especial la libertad de expresi\u00f3n y el derecho a la organizaci\u00f3n pol\u00edtica y sindical, constituye un pilar fundamental de cualquier sociedad que aspire a la justicia y a la igualdad. Asimismo, subrayamos que la persecuci\u00f3n a militantes y fuerzas pol\u00edticas comprometidas con la justicia social y con los derechos de los pueblos oprimidos representa una grave afrenta a estos principios y debe ser enfrentada por todos los medios democr\u00e1ticos leg\u00edtimos. El Comit\u00e9 considera que &hellip;\" \/>\n<meta property=\"og:url\" content=\"https:\/\/republicpalestine.com\/es\/2026\/04\/30\/nota-de-solidaridad-con-el-companero-ze-maria\/\" \/>\n<meta property=\"og:site_name\" content=\"Rep\u00fablica de Palestina\" \/>\n<meta property=\"article:published_time\" content=\"2026-04-30T17:43:46+00:00\" \/>\n<meta property=\"article:modified_time\" content=\"2026-04-30T17:43:47+00:00\" \/>\n<meta property=\"og:image\" content=\"https:\/\/republicpalestine.com\/es\/wp-content\/uploads\/sites\/3\/2026\/04\/InShot_20260430_181138348-scaled.jpg\" \/>\n\t<meta property=\"og:image:width\" content=\"2560\" \/>\n\t<meta property=\"og:image:height\" content=\"1439\" \/>\n\t<meta property=\"og:image:type\" content=\"image\/jpeg\" \/>\n<meta name=\"author\" content=\"RepublicofPalestine\" \/>\n<meta name=\"twitter:card\" content=\"summary_large_image\" \/>\n<meta name=\"twitter:label1\" content=\"Escrito por\" \/>\n\t<meta name=\"twitter:data1\" content=\"RepublicofPalestine\" \/>\n\t<meta name=\"twitter:label2\" content=\"Tiempo de lectura\" \/>\n\t<meta name=\"twitter:data2\" content=\"3 minutos\" \/>\n<script type=\"application\/ld+json\" class=\"yoast-schema-graph\">{\"@context\":\"https:\/\/schema.org\",\"@graph\":[{\"@type\":\"WebPage\",\"@id\":\"https:\/\/republicpalestine.com\/es\/2026\/04\/30\/nota-de-solidaridad-con-el-companero-ze-maria\/\",\"url\":\"https:\/\/republicpalestine.com\/es\/2026\/04\/30\/nota-de-solidaridad-con-el-companero-ze-maria\/\",\"name\":\"Nota de solidaridad con el compa\u00f1ero Z\u00e9 Maria - Rep\u00fablica de Palestina\",\"isPartOf\":{\"@id\":\"https:\/\/republicpalestine.com\/es\/#website\"},\"primaryImageOfPage\":{\"@id\":\"https:\/\/republicpalestine.com\/es\/2026\/04\/30\/nota-de-solidaridad-con-el-companero-ze-maria\/#primaryimage\"},\"image\":{\"@id\":\"https:\/\/republicpalestine.com\/es\/2026\/04\/30\/nota-de-solidaridad-con-el-companero-ze-maria\/#primaryimage\"},\"thumbnailUrl\":\"https:\/\/republicpalestine.com\/es\/wp-content\/uploads\/sites\/3\/2026\/04\/InShot_20260430_181138348-scaled.jpg\",\"datePublished\":\"2026-04-30T17:43:46+00:00\",\"dateModified\":\"2026-04-30T17:43:47+00:00\",\"author\":{\"@id\":\"https:\/\/republicpalestine.com\/es\/#\/schema\/person\/a116984632a4562b5d251d19cb8e8bf3\"},\"breadcrumb\":{\"@id\":\"https:\/\/republicpalestine.com\/es\/2026\/04\/30\/nota-de-solidaridad-con-el-companero-ze-maria\/#breadcrumb\"},\"inLanguage\":\"es\",\"potentialAction\":[{\"@type\":\"ReadAction\",\"target\":[\"https:\/\/republicpalestine.com\/es\/2026\/04\/30\/nota-de-solidaridad-con-el-companero-ze-maria\/\"]}]},{\"@type\":\"ImageObject\",\"inLanguage\":\"es\",\"@id\":\"https:\/\/republicpalestine.com\/es\/2026\/04\/30\/nota-de-solidaridad-con-el-companero-ze-maria\/#primaryimage\",\"url\":\"https:\/\/republicpalestine.com\/es\/wp-content\/uploads\/sites\/3\/2026\/04\/InShot_20260430_181138348-scaled.jpg\",\"contentUrl\":\"https:\/\/republicpalestine.com\/es\/wp-content\/uploads\/sites\/3\/2026\/04\/InShot_20260430_181138348-scaled.jpg\",\"width\":2560,\"height\":1439},{\"@type\":\"BreadcrumbList\",\"@id\":\"https:\/\/republicpalestine.com\/es\/2026\/04\/30\/nota-de-solidaridad-con-el-companero-ze-maria\/#breadcrumb\",\"itemListElement\":[{\"@type\":\"ListItem\",\"position\":1,\"name\":\"\u0627\u0644\u0631\u0626\u064a\u0633\u064a\u0629\",\"item\":\"https:\/\/republicpalestine.com\/es\/\"},{\"@type\":\"ListItem\",\"position\":2,\"name\":\"Nota de solidaridad con el compa\u00f1ero Z\u00e9 Maria\"}]},{\"@type\":\"WebSite\",\"@id\":\"https:\/\/republicpalestine.com\/es\/#website\",\"url\":\"https:\/\/republicpalestine.com\/es\/\",\"name\":\"Rep\u00fablica de Palestina\",\"description\":\"\",\"potentialAction\":[{\"@type\":\"SearchAction\",\"target\":{\"@type\":\"EntryPoint\",\"urlTemplate\":\"https:\/\/republicpalestine.com\/es\/?s={search_term_string}\"},\"query-input\":{\"@type\":\"PropertyValueSpecification\",\"valueRequired\":true,\"valueName\":\"search_term_string\"}}],\"inLanguage\":\"es\"},{\"@type\":\"Person\",\"@id\":\"https:\/\/republicpalestine.com\/es\/#\/schema\/person\/a116984632a4562b5d251d19cb8e8bf3\",\"name\":\"RepublicofPalestine\",\"image\":{\"@type\":\"ImageObject\",\"inLanguage\":\"es\",\"@id\":\"https:\/\/republicpalestine.com\/es\/#\/schema\/person\/image\/\",\"url\":\"https:\/\/secure.gravatar.com\/avatar\/13240ade82024fefe7ea06e3569c7001?s=96&d=mm&r=g\",\"contentUrl\":\"https:\/\/secure.gravatar.com\/avatar\/13240ade82024fefe7ea06e3569c7001?s=96&d=mm&r=g\",\"caption\":\"RepublicofPalestine\"},\"sameAs\":[\"https:\/\/republicpalestine.com\"],\"url\":\"https:\/\/republicpalestine.com\/es\/author\/jmhoriaadmin\/\"}]}<\/script>\n<!-- \/ Yoast SEO Premium plugin. -->","yoast_head_json":{"title":"Nota de solidaridad con el compa\u00f1ero Z\u00e9 Maria - Rep\u00fablica de Palestina","robots":{"index":"index","follow":"follow","max-snippet":"max-snippet:-1","max-image-preview":"max-image-preview:large","max-video-preview":"max-video-preview:-1"},"canonical":"https:\/\/republicpalestine.com\/es\/2026\/04\/30\/nota-de-solidaridad-con-el-companero-ze-maria\/","og_locale":"es_ES","og_type":"article","og_title":"Nota de solidaridad con el compa\u00f1ero Z\u00e9 Maria","og_description":"El Comit\u00e9 de Palestina Democr\u00e1tica en Brasil manifiesta su plena solidaridad con el compa\u00f1ero Jos\u00e9 Maria de Almeida, dirigente del Partido Socialista de los Trabajadores Unificado (PSTU), ante la decisi\u00f3n del juez Massimo Palazzolo, de la 4\u00aa Vara Criminal Federal de S\u00e3o Paulo, que lo conden\u00f3 a dos a\u00f1os de prisi\u00f3n por sus declaraciones en apoyo a la causa palestina y en denuncia de las masacres y violaciones cometidas contra el pueblo palestino. La acci\u00f3n fue presentada por la Confederaci\u00f3n Israelita de Brasil (CONIB) y por la Federaci\u00f3n Israelita del Estado de S\u00e3o Paulo (FISESP), que recurrieron al Ministerio P\u00fablico Federal (MPF). Tal decisi\u00f3n suscita profunda preocupaci\u00f3n respecto a la situaci\u00f3n de las libertades democr\u00e1ticas en Brasil. Reafirmamos que la defensa de las libertades democr\u00e1ticas, en especial la libertad de expresi\u00f3n y el derecho a la organizaci\u00f3n pol\u00edtica y sindical, constituye un pilar fundamental de cualquier sociedad que aspire a la justicia y a la igualdad. Asimismo, subrayamos que la persecuci\u00f3n a militantes y fuerzas pol\u00edticas comprometidas con la justicia social y con los derechos de los pueblos oprimidos representa una grave afrenta a estos principios y debe ser enfrentada por todos los medios democr\u00e1ticos leg\u00edtimos. El Comit\u00e9 considera que &hellip;","og_url":"https:\/\/republicpalestine.com\/es\/2026\/04\/30\/nota-de-solidaridad-con-el-companero-ze-maria\/","og_site_name":"Rep\u00fablica de Palestina","article_published_time":"2026-04-30T17:43:46+00:00","article_modified_time":"2026-04-30T17:43:47+00:00","og_image":[{"width":2560,"height":1439,"url":"https:\/\/republicpalestine.com\/es\/wp-content\/uploads\/sites\/3\/2026\/04\/InShot_20260430_181138348-scaled.jpg","type":"image\/jpeg"}],"author":"RepublicofPalestine","twitter_card":"summary_large_image","twitter_misc":{"Escrito por":"RepublicofPalestine","Tiempo de lectura":"3 minutos"},"schema":{"@context":"https:\/\/schema.org","@graph":[{"@type":"WebPage","@id":"https:\/\/republicpalestine.com\/es\/2026\/04\/30\/nota-de-solidaridad-con-el-companero-ze-maria\/","url":"https:\/\/republicpalestine.com\/es\/2026\/04\/30\/nota-de-solidaridad-con-el-companero-ze-maria\/","name":"Nota de solidaridad con el compa\u00f1ero Z\u00e9 Maria - Rep\u00fablica de Palestina","isPartOf":{"@id":"https:\/\/republicpalestine.com\/es\/#website"},"primaryImageOfPage":{"@id":"https:\/\/republicpalestine.com\/es\/2026\/04\/30\/nota-de-solidaridad-con-el-companero-ze-maria\/#primaryimage"},"image":{"@id":"https:\/\/republicpalestine.com\/es\/2026\/04\/30\/nota-de-solidaridad-con-el-companero-ze-maria\/#primaryimage"},"thumbnailUrl":"https:\/\/republicpalestine.com\/es\/wp-content\/uploads\/sites\/3\/2026\/04\/InShot_20260430_181138348-scaled.jpg","datePublished":"2026-04-30T17:43:46+00:00","dateModified":"2026-04-30T17:43:47+00:00","author":{"@id":"https:\/\/republicpalestine.com\/es\/#\/schema\/person\/a116984632a4562b5d251d19cb8e8bf3"},"breadcrumb":{"@id":"https:\/\/republicpalestine.com\/es\/2026\/04\/30\/nota-de-solidaridad-con-el-companero-ze-maria\/#breadcrumb"},"inLanguage":"es","potentialAction":[{"@type":"ReadAction","target":["https:\/\/republicpalestine.com\/es\/2026\/04\/30\/nota-de-solidaridad-con-el-companero-ze-maria\/"]}]},{"@type":"ImageObject","inLanguage":"es","@id":"https:\/\/republicpalestine.com\/es\/2026\/04\/30\/nota-de-solidaridad-con-el-companero-ze-maria\/#primaryimage","url":"https:\/\/republicpalestine.com\/es\/wp-content\/uploads\/sites\/3\/2026\/04\/InShot_20260430_181138348-scaled.jpg","contentUrl":"https:\/\/republicpalestine.com\/es\/wp-content\/uploads\/sites\/3\/2026\/04\/InShot_20260430_181138348-scaled.jpg","width":2560,"height":1439},{"@type":"BreadcrumbList","@id":"https:\/\/republicpalestine.com\/es\/2026\/04\/30\/nota-de-solidaridad-con-el-companero-ze-maria\/#breadcrumb","itemListElement":[{"@type":"ListItem","position":1,"name":"\u0627\u0644\u0631\u0626\u064a\u0633\u064a\u0629","item":"https:\/\/republicpalestine.com\/es\/"},{"@type":"ListItem","position":2,"name":"Nota de solidaridad con el compa\u00f1ero Z\u00e9 Maria"}]},{"@type":"WebSite","@id":"https:\/\/republicpalestine.com\/es\/#website","url":"https:\/\/republicpalestine.com\/es\/","name":"Rep\u00fablica de Palestina","description":"","potentialAction":[{"@type":"SearchAction","target":{"@type":"EntryPoint","urlTemplate":"https:\/\/republicpalestine.com\/es\/?s={search_term_string}"},"query-input":{"@type":"PropertyValueSpecification","valueRequired":true,"valueName":"search_term_string"}}],"inLanguage":"es"},{"@type":"Person","@id":"https:\/\/republicpalestine.com\/es\/#\/schema\/person\/a116984632a4562b5d251d19cb8e8bf3","name":"RepublicofPalestine","image":{"@type":"ImageObject","inLanguage":"es","@id":"https:\/\/republicpalestine.com\/es\/#\/schema\/person\/image\/","url":"https:\/\/secure.gravatar.com\/avatar\/13240ade82024fefe7ea06e3569c7001?s=96&d=mm&r=g","contentUrl":"https:\/\/secure.gravatar.com\/avatar\/13240ade82024fefe7ea06e3569c7001?s=96&d=mm&r=g","caption":"RepublicofPalestine"},"sameAs":["https:\/\/republicpalestine.com"],"url":"https:\/\/republicpalestine.com\/es\/author\/jmhoriaadmin\/"}]}},"_links":{"self":[{"href":"https:\/\/republicpalestine.com\/es\/wp-json\/wp\/v2\/posts\/1652","targetHints":{"allow":["GET"]}}],"collection":[{"href":"https:\/\/republicpalestine.com\/es\/wp-json\/wp\/v2\/posts"}],"about":[{"href":"https:\/\/republicpalestine.com\/es\/wp-json\/wp\/v2\/types\/post"}],"author":[{"embeddable":true,"href":"https:\/\/republicpalestine.com\/es\/wp-json\/wp\/v2\/users\/1"}],"replies":[{"embeddable":true,"href":"https:\/\/republicpalestine.com\/es\/wp-json\/wp\/v2\/comments?post=1652"}],"version-history":[{"count":1,"href":"https:\/\/republicpalestine.com\/es\/wp-json\/wp\/v2\/posts\/1652\/revisions"}],"predecessor-version":[{"id":1654,"href":"https:\/\/republicpalestine.com\/es\/wp-json\/wp\/v2\/posts\/1652\/revisions\/1654"}],"wp:featuredmedia":[{"embeddable":true,"href":"https:\/\/republicpalestine.com\/es\/wp-json\/wp\/v2\/media\/1653"}],"wp:attachment":[{"href":"https:\/\/republicpalestine.com\/es\/wp-json\/wp\/v2\/media?parent=1652"}],"wp:term":[{"taxonomy":"category","embeddable":true,"href":"https:\/\/republicpalestine.com\/es\/wp-json\/wp\/v2\/categories?post=1652"},{"taxonomy":"post_tag","embeddable":true,"href":"https:\/\/republicpalestine.com\/es\/wp-json\/wp\/v2\/tags?post=1652"}],"curies":[{"name":"wp","href":"https:\/\/api.w.org\/{rel}","templated":true}]}}