{"id":570,"date":"2024-04-23T17:10:51","date_gmt":"2024-04-23T14:10:51","guid":{"rendered":"https:\/\/republicpalestine.com\/es\/?p=570"},"modified":"2024-04-23T17:10:55","modified_gmt":"2024-04-23T14:10:55","slug":"mensaje-del-camarada-george-abdullah-detenido-en-prisiones-francesas-con-motivo-del-dia-del-prisionero-palestino","status":"publish","type":"post","link":"https:\/\/republicpalestine.com\/es\/2024\/04\/23\/mensaje-del-camarada-george-abdullah-detenido-en-prisiones-francesas-con-motivo-del-dia-del-prisionero-palestino\/","title":{"rendered":"Mensaje del camarada George Abdullah, detenido en prisiones francesas, con motivo del D\u00eda del Prisionero Palestino"},"content":{"rendered":"\n<p>Queridos camaradas, queridos amigos,<\/p>\n\n\n\n<p>Hoy en d\u00eda, muchas personas celebran el d\u00eda del prisionero palestino, a trav\u00e9s de iniciativas similares a la suya, conmemorando el martirio de Walid Daqqa. Este personaje s\u00edmbolo de la resistencia palestina que no se rindi\u00f3 ni vacil\u00f3 de ninguna manera a lo largo de d\u00e9cadas de cautiverio, desafiando la tortura, las privaciones, el aislamiento y las enfermedades, adem\u00e1s de la prohibici\u00f3n de sus mensajes y escritos.<\/p>\n\n\n\n<p>El a\u00f1o pasado, en esta misma ocasi\u00f3n, Walid segu\u00eda firme en su celda de aislamiento; Su voluntad ha sido inquebrantable, a pesar de estar privado de toda la atenci\u00f3n m\u00e9dica necesaria. Algunos de ustedes todav\u00eda recuerdan las diversas y constantes expresiones de solidaridad con \u00e9l y con otros combatientes de la resistencia detenidos en las c\u00e1rceles sionistas, y recuerdan en particular los llamamientos para apoyarlo, y en particular las iniciativas solidarias que estaban en marcha en aquellos d\u00edas, con el objetivo de sacar al camarada Walid, cuyo estado de salud era alarmante, de las garras de sus criminales carceleros. Lamentablemente, todos nuestros esfuerzos no fueron suficientes para superar la intransigencia de Ben Ghafir y sus asistentes, carceleros y jueces. La muerte por privaci\u00f3n de atenci\u00f3n m\u00e9dica se ha convertido ahora en una norma en varias prisiones sionistas, especialmente en la prisi\u00f3n del Negev, donde est\u00e1n recluidos los secuestradores de Gaza.<\/p>\n\n\n\n<p class=\"has-text-align-left\">Tal vez sea \u00fatil recordar, camaradas, que, si el Congreso Nacional Palestino hab\u00eda aprobado en 1974 el 17 de abril como \u201cD\u00eda del Prisionero Palestino\u201d, no ten\u00eda la \u00fanica intenci\u00f3n de denunciar en esta ocasi\u00f3n la barbarie del ocupante sionista, ni honrar a los combatientes de la resistencia capturados record\u00e1ndolos a las masas populares, con sus sacrificios y concesiones, o con su voluntad inquebrantable de enfrentarse a la soldadesca sionista. La celebraci\u00f3n del D\u00eda del Prisionero tiene como objetivo sobre todo enfatizar en voz alta y clara nuestros deberes hacia nuestros compa\u00f1eros de prisi\u00f3n y, sobre todo, incluir su liberaci\u00f3n en la din\u00e1mica general de nuestras luchas en curso. La celebraci\u00f3n del D\u00eda del Prisionero Palestino tiene como objetivo, por encima de todo, camaradas, llamar y alentar a las fuerzas de la revoluci\u00f3n viva y sus vanguardias en lucha a implementar todas las medidas necesarias para expresar en la pr\u00e1ctica nuestra firme determinaci\u00f3n de liberar a nuestros camaradas de las garras de sus prisioneros criminales.&nbsp;<\/p>\n\n\n\n<p>Nuestro Walid muri\u00f3 de pie, aun as\u00ed, \u00e9l permanece vivo para siempre en nuestros corazones y en las mentes de las masas populares y combatientes que participan en esta epopeya de resistencia, y permanece vivo para siempre con todos aquellos que lo precedieron o siguieron como antorchas que iluminan el camino de la resistencia, la liberaci\u00f3n, la libertad y emancipaci\u00f3n.<\/p>\n\n\n\n<p>Queridos camaradas, queridos amigos.<\/p>\n\n\n\n<p>En una \u00e9poca de genocidio en Gaza, asesinatos, masacres y confiscaciones de tierras a gran escala en Cisjordania, es dif\u00edcil para la movilizaci\u00f3n popular detenerse o sacar conclusiones de las condiciones de los h\u00e9roes de la lucha&#8230; La enorme escala de las masacres hace casi imposible comprender las historias de las diversas figuras de la lucha. El n\u00famero de m\u00e1rtires, que super\u00f3 los 33.000 m\u00e1rtires, entre ellos m\u00e1s de 14.000 ni\u00f1os, y m\u00e1s de 76.000 heridos, por no hablar de todos los que se encuentran bajo los escombros, es m\u00e1s que asombroso&#8230; Pero la verdad es que miles de prisioneros que fueron encarcelados por muchos a\u00f1os, y algunos durante varias d\u00e9cadas, destacan hoy m\u00e1s que nunca la resistencia del pueblo palestino en sus m\u00faltiples formas.<\/p>\n\n\n\n<p>Y lo \u00fanico que este gobierno sionista, m\u00e1s que cualquier otro gobierno anterior, puede hacer es intensificar la represi\u00f3n e intentar ampliar m\u00e1s que nunca el alcance de la destrucci\u00f3n de todo lo palestino, especialmente de todos aquellos que se unan a la voluntad colectiva de resistir. Por esta raz\u00f3n, entre otras cosas, la solidaridad internacional est\u00e1 solicitada m\u00e1s que nunca para tener en cuenta esta realidad. Esto no siempre es f\u00e1cil, dado que estamos ante un genocidio que tiene lugar a plena vista y no en la niebla de campos secretos; Por primera vez en la historia de la humanidad, cientos de millones de personas est\u00e1n presenciando un genocidio en curso.<\/p>\n\n\n\n<p>El hecho es, camaradas y amigos, que dentro del marco general de esta resistencia hist\u00f3rica del pueblo palestino podemos comprender mejor la interconexi\u00f3n din\u00e1mica de los diversos factores que constituyen la \u201cvoluntad colectiva de resistir\u201d y el lugar especial que ocupa el prisionero en Memoria Colectiva Palestina. A lo largo de esta epopeya hist\u00f3rica y hasta nuestros d\u00edas, el \u201cprisionero resistente\u201d, junto con el \u201cm\u00e1rtir\u201d, es el personaje compartido por la mayor\u00eda de las familias palestinas.<\/p>\n\n\n\n<p>Naturalmente, como en todas partes, los h\u00e9roes de la lucha revolucionaria, especialmente aquellos que con su sola presencia encarnaban la voluntad colectiva de resistir, fueron los objetivos preferidos de las pol\u00edticas de exterminio que los fascistas de todas las tendencias se apresuraron a implementar, sobre todo porque la atm\u00f3sfera del genocidio hizo que fuera f\u00e1cil hacerlo.<\/p>\n\n\n\n<p>\u00a1Camaradas, estemos atentos e impidamos que los criminales sionistas exterminen a los h\u00e9roes revolucionarios en cautiverio!<\/p>\n\n\n\n<p>\u00a1Seamos dignos de las antorchas \u00e9picas de la libertad, esos invencibles h\u00e9roes de la resistencia detenidos en las c\u00e1rceles sionistas! Naturalmente, las masas populares palestinas y sus vanguardias en lucha en cautiverio pueden contar con su solidaridad efectiva. Que florezcan mil iniciativas de solidaridad a favor de Palestina y de su gloriosa resistencia.<\/p>\n\n\n\n<p>Solidaridad, toda solidaridad, con los combatientes de la resistencia en las c\u00e1rceles sionistas y en las celdas de aislamiento en Marruecos, Turqu\u00eda, Grecia, Filipinas y otros lugares del mundo.<\/p>\n\n\n\n<p>\u00a1Solidaridad, toda solidaridad, con la clase trabajadora!<\/p>\n\n\n\n<p>\u00a1Saludos a los m\u00e1rtires y a las masas del pueblo luchador!<\/p>\n\n\n\n<p>\u00a1Abajo el imperialismo y sus secuaces, los sionistas y los reaccionarios \u00e1rabes!<\/p>\n\n\n\n<p>\u00a1El capitalismo no es m\u00e1s que barbarie! \u00a1Saludos a todos los que se le oponen de diversas maneras!<\/p>\n\n\n\n<p>\u00a1Juntos, camaradas, y solo juntos venceremos!<\/p>\n\n\n\n<p>A todos ustedes, camaradas y amigos, un cordial saludo comunista.<\/p>\n","protected":false},"excerpt":{"rendered":"<p>Queridos camaradas, queridos amigos, Hoy en d\u00eda, muchas personas celebran el d\u00eda del prisionero palestino, a trav\u00e9s de iniciativas similares a la suya, conmemorando el martirio de Walid Daqqa. Este personaje s\u00edmbolo de la resistencia palestina que no se rindi\u00f3 ni vacil\u00f3 de ninguna manera a lo largo de d\u00e9cadas de cautiverio, desafiando la tortura, las privaciones, el aislamiento y las enfermedades, adem\u00e1s de la prohibici\u00f3n de sus mensajes y escritos. El a\u00f1o pasado, en esta misma ocasi\u00f3n, Walid segu\u00eda firme en su celda de aislamiento; Su voluntad ha sido inquebrantable, a pesar de estar privado de toda la atenci\u00f3n m\u00e9dica necesaria. Algunos de ustedes todav\u00eda recuerdan las diversas y constantes expresiones de solidaridad con \u00e9l y con otros combatientes de la resistencia detenidos en las c\u00e1rceles sionistas, y recuerdan en particular los llamamientos para apoyarlo, y en particular las iniciativas solidarias que estaban en marcha en aquellos d\u00edas, con el objetivo de sacar al camarada Walid, cuyo estado de salud era alarmante, de las garras de sus criminales carceleros. Lamentablemente, todos nuestros esfuerzos no fueron suficientes para superar la intransigencia de Ben Ghafir y sus asistentes, carceleros y jueces. La muerte por privaci\u00f3n de atenci\u00f3n m\u00e9dica se ha convertido &hellip;<\/p>\n","protected":false},"author":1,"featured_media":0,"comment_status":"open","ping_status":"open","sticky":false,"template":"","format":"standard","meta":{"_acf_changed":false,"_eb_attr":"","footnotes":""},"categories":[5,4],"tags":[19,18,17,20],"class_list":["post-570","post","type-post","status-publish","format-standard","hentry","category-con-palestina","category-diaspora-palestina","tag-freepalestina","tag-gaza","tag-palestina","tag-spain"],"acf":[],"yoast_head":"<!-- This site is optimized with the Yoast SEO Premium plugin v22.8 (Yoast SEO v24.8.1) - https:\/\/yoast.com\/wordpress\/plugins\/seo\/ -->\n<title>Mensaje del camarada George Abdullah, detenido en prisiones francesas, con motivo del D\u00eda del Prisionero Palestino - Rep\u00fablica de Palestina<\/title>\n<meta name=\"description\" content=\"Este personaje s\u00edmbolo de la resistencia palestina que no se rindi\u00f3 ni vacil\u00f3 de ninguna manera a lo largo de d\u00e9cadas de cautiverio, desafiando la tortura, las privaciones, el aislamiento y las enfermedades, adem\u00e1s de la prohibici\u00f3n de sus mensajes y escritos.\" \/>\n<meta name=\"robots\" content=\"index, follow, max-snippet:-1, max-image-preview:large, max-video-preview:-1\" \/>\n<link rel=\"canonical\" href=\"https:\/\/republicpalestine.com\/es\/2024\/04\/23\/mensaje-del-camarada-george-abdullah-detenido-en-prisiones-francesas-con-motivo-del-dia-del-prisionero-palestino\/\" \/>\n<meta property=\"og:locale\" content=\"es_ES\" \/>\n<meta property=\"og:type\" content=\"article\" \/>\n<meta property=\"og:title\" content=\"Mensaje del camarada George Abdullah, detenido en prisiones francesas, con motivo del D\u00eda del Prisionero Palestino\" \/>\n<meta property=\"og:description\" content=\"Este personaje s\u00edmbolo de la resistencia palestina que no se rindi\u00f3 ni vacil\u00f3 de ninguna manera a lo largo de d\u00e9cadas de cautiverio, desafiando la tortura, las privaciones, el aislamiento y las enfermedades, adem\u00e1s de la prohibici\u00f3n de sus mensajes y escritos.\" \/>\n<meta property=\"og:url\" content=\"https:\/\/republicpalestine.com\/es\/2024\/04\/23\/mensaje-del-camarada-george-abdullah-detenido-en-prisiones-francesas-con-motivo-del-dia-del-prisionero-palestino\/\" \/>\n<meta property=\"og:site_name\" content=\"Rep\u00fablica de Palestina\" \/>\n<meta property=\"article:published_time\" content=\"2024-04-23T14:10:51+00:00\" \/>\n<meta property=\"article:modified_time\" content=\"2024-04-23T14:10:55+00:00\" \/>\n<meta name=\"author\" content=\"RepublicofPalestine\" \/>\n<meta name=\"twitter:card\" content=\"summary_large_image\" \/>\n<meta name=\"twitter:label1\" content=\"Escrito por\" \/>\n\t<meta name=\"twitter:data1\" content=\"RepublicofPalestine\" \/>\n\t<meta name=\"twitter:label2\" content=\"Tiempo de lectura\" \/>\n\t<meta name=\"twitter:data2\" content=\"5 minutos\" \/>\n<script type=\"application\/ld+json\" class=\"yoast-schema-graph\">{\"@context\":\"https:\/\/schema.org\",\"@graph\":[{\"@type\":\"WebPage\",\"@id\":\"https:\/\/republicpalestine.com\/es\/2024\/04\/23\/mensaje-del-camarada-george-abdullah-detenido-en-prisiones-francesas-con-motivo-del-dia-del-prisionero-palestino\/\",\"url\":\"https:\/\/republicpalestine.com\/es\/2024\/04\/23\/mensaje-del-camarada-george-abdullah-detenido-en-prisiones-francesas-con-motivo-del-dia-del-prisionero-palestino\/\",\"name\":\"Mensaje del camarada George Abdullah, detenido en prisiones francesas, con motivo del D\u00eda del Prisionero Palestino - Rep\u00fablica de Palestina\",\"isPartOf\":{\"@id\":\"https:\/\/republicpalestine.com\/es\/#website\"},\"datePublished\":\"2024-04-23T14:10:51+00:00\",\"dateModified\":\"2024-04-23T14:10:55+00:00\",\"author\":{\"@id\":\"https:\/\/republicpalestine.com\/es\/#\/schema\/person\/a116984632a4562b5d251d19cb8e8bf3\"},\"description\":\"Este personaje s\u00edmbolo de la resistencia palestina que no se rindi\u00f3 ni vacil\u00f3 de ninguna manera a lo largo de d\u00e9cadas de cautiverio, desafiando la tortura, las privaciones, el aislamiento y las enfermedades, adem\u00e1s de la prohibici\u00f3n de sus mensajes y escritos.\",\"breadcrumb\":{\"@id\":\"https:\/\/republicpalestine.com\/es\/2024\/04\/23\/mensaje-del-camarada-george-abdullah-detenido-en-prisiones-francesas-con-motivo-del-dia-del-prisionero-palestino\/#breadcrumb\"},\"inLanguage\":\"es\",\"potentialAction\":[{\"@type\":\"ReadAction\",\"target\":[\"https:\/\/republicpalestine.com\/es\/2024\/04\/23\/mensaje-del-camarada-george-abdullah-detenido-en-prisiones-francesas-con-motivo-del-dia-del-prisionero-palestino\/\"]}]},{\"@type\":\"BreadcrumbList\",\"@id\":\"https:\/\/republicpalestine.com\/es\/2024\/04\/23\/mensaje-del-camarada-george-abdullah-detenido-en-prisiones-francesas-con-motivo-del-dia-del-prisionero-palestino\/#breadcrumb\",\"itemListElement\":[{\"@type\":\"ListItem\",\"position\":1,\"name\":\"\u0627\u0644\u0631\u0626\u064a\u0633\u064a\u0629\",\"item\":\"https:\/\/republicpalestine.com\/es\/\"},{\"@type\":\"ListItem\",\"position\":2,\"name\":\"Mensaje del camarada George Abdullah, detenido en prisiones francesas, con motivo del D\u00eda del Prisionero Palestino\"}]},{\"@type\":\"WebSite\",\"@id\":\"https:\/\/republicpalestine.com\/es\/#website\",\"url\":\"https:\/\/republicpalestine.com\/es\/\",\"name\":\"Rep\u00fablica de Palestina\",\"description\":\"\",\"potentialAction\":[{\"@type\":\"SearchAction\",\"target\":{\"@type\":\"EntryPoint\",\"urlTemplate\":\"https:\/\/republicpalestine.com\/es\/?s={search_term_string}\"},\"query-input\":{\"@type\":\"PropertyValueSpecification\",\"valueRequired\":true,\"valueName\":\"search_term_string\"}}],\"inLanguage\":\"es\"},{\"@type\":\"Person\",\"@id\":\"https:\/\/republicpalestine.com\/es\/#\/schema\/person\/a116984632a4562b5d251d19cb8e8bf3\",\"name\":\"RepublicofPalestine\",\"image\":{\"@type\":\"ImageObject\",\"inLanguage\":\"es\",\"@id\":\"https:\/\/republicpalestine.com\/es\/#\/schema\/person\/image\/\",\"url\":\"https:\/\/secure.gravatar.com\/avatar\/13240ade82024fefe7ea06e3569c7001?s=96&d=mm&r=g\",\"contentUrl\":\"https:\/\/secure.gravatar.com\/avatar\/13240ade82024fefe7ea06e3569c7001?s=96&d=mm&r=g\",\"caption\":\"RepublicofPalestine\"},\"sameAs\":[\"https:\/\/republicpalestine.com\"],\"url\":\"https:\/\/republicpalestine.com\/es\/author\/jmhoriaadmin\/\"}]}<\/script>\n<!-- \/ Yoast SEO Premium plugin. -->","yoast_head_json":{"title":"Mensaje del camarada George Abdullah, detenido en prisiones francesas, con motivo del D\u00eda del Prisionero Palestino - Rep\u00fablica de Palestina","description":"Este personaje s\u00edmbolo de la resistencia palestina que no se rindi\u00f3 ni vacil\u00f3 de ninguna manera a lo largo de d\u00e9cadas de cautiverio, desafiando la tortura, las privaciones, el aislamiento y las enfermedades, adem\u00e1s de la prohibici\u00f3n de sus mensajes y escritos.","robots":{"index":"index","follow":"follow","max-snippet":"max-snippet:-1","max-image-preview":"max-image-preview:large","max-video-preview":"max-video-preview:-1"},"canonical":"https:\/\/republicpalestine.com\/es\/2024\/04\/23\/mensaje-del-camarada-george-abdullah-detenido-en-prisiones-francesas-con-motivo-del-dia-del-prisionero-palestino\/","og_locale":"es_ES","og_type":"article","og_title":"Mensaje del camarada George Abdullah, detenido en prisiones francesas, con motivo del D\u00eda del Prisionero Palestino","og_description":"Este personaje s\u00edmbolo de la resistencia palestina que no se rindi\u00f3 ni vacil\u00f3 de ninguna manera a lo largo de d\u00e9cadas de cautiverio, desafiando la tortura, las privaciones, el aislamiento y las enfermedades, adem\u00e1s de la prohibici\u00f3n de sus mensajes y escritos.","og_url":"https:\/\/republicpalestine.com\/es\/2024\/04\/23\/mensaje-del-camarada-george-abdullah-detenido-en-prisiones-francesas-con-motivo-del-dia-del-prisionero-palestino\/","og_site_name":"Rep\u00fablica de Palestina","article_published_time":"2024-04-23T14:10:51+00:00","article_modified_time":"2024-04-23T14:10:55+00:00","author":"RepublicofPalestine","twitter_card":"summary_large_image","twitter_misc":{"Escrito por":"RepublicofPalestine","Tiempo de lectura":"5 minutos"},"schema":{"@context":"https:\/\/schema.org","@graph":[{"@type":"WebPage","@id":"https:\/\/republicpalestine.com\/es\/2024\/04\/23\/mensaje-del-camarada-george-abdullah-detenido-en-prisiones-francesas-con-motivo-del-dia-del-prisionero-palestino\/","url":"https:\/\/republicpalestine.com\/es\/2024\/04\/23\/mensaje-del-camarada-george-abdullah-detenido-en-prisiones-francesas-con-motivo-del-dia-del-prisionero-palestino\/","name":"Mensaje del camarada George Abdullah, detenido en prisiones francesas, con motivo del D\u00eda del Prisionero Palestino - Rep\u00fablica de Palestina","isPartOf":{"@id":"https:\/\/republicpalestine.com\/es\/#website"},"datePublished":"2024-04-23T14:10:51+00:00","dateModified":"2024-04-23T14:10:55+00:00","author":{"@id":"https:\/\/republicpalestine.com\/es\/#\/schema\/person\/a116984632a4562b5d251d19cb8e8bf3"},"description":"Este personaje s\u00edmbolo de la resistencia palestina que no se rindi\u00f3 ni vacil\u00f3 de ninguna manera a lo largo de d\u00e9cadas de cautiverio, desafiando la tortura, las privaciones, el aislamiento y las enfermedades, adem\u00e1s de la prohibici\u00f3n de sus mensajes y escritos.","breadcrumb":{"@id":"https:\/\/republicpalestine.com\/es\/2024\/04\/23\/mensaje-del-camarada-george-abdullah-detenido-en-prisiones-francesas-con-motivo-del-dia-del-prisionero-palestino\/#breadcrumb"},"inLanguage":"es","potentialAction":[{"@type":"ReadAction","target":["https:\/\/republicpalestine.com\/es\/2024\/04\/23\/mensaje-del-camarada-george-abdullah-detenido-en-prisiones-francesas-con-motivo-del-dia-del-prisionero-palestino\/"]}]},{"@type":"BreadcrumbList","@id":"https:\/\/republicpalestine.com\/es\/2024\/04\/23\/mensaje-del-camarada-george-abdullah-detenido-en-prisiones-francesas-con-motivo-del-dia-del-prisionero-palestino\/#breadcrumb","itemListElement":[{"@type":"ListItem","position":1,"name":"\u0627\u0644\u0631\u0626\u064a\u0633\u064a\u0629","item":"https:\/\/republicpalestine.com\/es\/"},{"@type":"ListItem","position":2,"name":"Mensaje del camarada George Abdullah, detenido en prisiones francesas, con motivo del D\u00eda del Prisionero Palestino"}]},{"@type":"WebSite","@id":"https:\/\/republicpalestine.com\/es\/#website","url":"https:\/\/republicpalestine.com\/es\/","name":"Rep\u00fablica de Palestina","description":"","potentialAction":[{"@type":"SearchAction","target":{"@type":"EntryPoint","urlTemplate":"https:\/\/republicpalestine.com\/es\/?s={search_term_string}"},"query-input":{"@type":"PropertyValueSpecification","valueRequired":true,"valueName":"search_term_string"}}],"inLanguage":"es"},{"@type":"Person","@id":"https:\/\/republicpalestine.com\/es\/#\/schema\/person\/a116984632a4562b5d251d19cb8e8bf3","name":"RepublicofPalestine","image":{"@type":"ImageObject","inLanguage":"es","@id":"https:\/\/republicpalestine.com\/es\/#\/schema\/person\/image\/","url":"https:\/\/secure.gravatar.com\/avatar\/13240ade82024fefe7ea06e3569c7001?s=96&d=mm&r=g","contentUrl":"https:\/\/secure.gravatar.com\/avatar\/13240ade82024fefe7ea06e3569c7001?s=96&d=mm&r=g","caption":"RepublicofPalestine"},"sameAs":["https:\/\/republicpalestine.com"],"url":"https:\/\/republicpalestine.com\/es\/author\/jmhoriaadmin\/"}]}},"_links":{"self":[{"href":"https:\/\/republicpalestine.com\/es\/wp-json\/wp\/v2\/posts\/570","targetHints":{"allow":["GET"]}}],"collection":[{"href":"https:\/\/republicpalestine.com\/es\/wp-json\/wp\/v2\/posts"}],"about":[{"href":"https:\/\/republicpalestine.com\/es\/wp-json\/wp\/v2\/types\/post"}],"author":[{"embeddable":true,"href":"https:\/\/republicpalestine.com\/es\/wp-json\/wp\/v2\/users\/1"}],"replies":[{"embeddable":true,"href":"https:\/\/republicpalestine.com\/es\/wp-json\/wp\/v2\/comments?post=570"}],"version-history":[{"count":1,"href":"https:\/\/republicpalestine.com\/es\/wp-json\/wp\/v2\/posts\/570\/revisions"}],"predecessor-version":[{"id":571,"href":"https:\/\/republicpalestine.com\/es\/wp-json\/wp\/v2\/posts\/570\/revisions\/571"}],"wp:attachment":[{"href":"https:\/\/republicpalestine.com\/es\/wp-json\/wp\/v2\/media?parent=570"}],"wp:term":[{"taxonomy":"category","embeddable":true,"href":"https:\/\/republicpalestine.com\/es\/wp-json\/wp\/v2\/categories?post=570"},{"taxonomy":"post_tag","embeddable":true,"href":"https:\/\/republicpalestine.com\/es\/wp-json\/wp\/v2\/tags?post=570"}],"curies":[{"name":"wp","href":"https:\/\/api.w.org\/{rel}","templated":true}]}}