{"id":575,"date":"2024-05-20T17:03:57","date_gmt":"2024-05-20T14:03:57","guid":{"rendered":"https:\/\/republicpalestine.com\/es\/?p=575"},"modified":"2024-05-20T17:04:00","modified_gmt":"2024-05-20T14:04:00","slug":"en-un-pasillo-de-un-jardin-acerca-de-la-universidad-de-granada","status":"publish","type":"post","link":"https:\/\/republicpalestine.com\/es\/2024\/05\/20\/en-un-pasillo-de-un-jardin-acerca-de-la-universidad-de-granada\/","title":{"rendered":"Andaluc\u00eda con Palestina: \u00a1Un lema encarnado por el movimiento estudiantil en Granada!"},"content":{"rendered":"\n<p>En un pasillo de un jard\u00edn acerca de la Universidad de Granada, ondean las banderas palestinas, amparando las tiendas de la acampada de los estudiantes que han elegido la protesta y la lucha como camino para imponer sus demandas a la universidad para cortar las relaciones con las instituciones del ente sionista. Esto es una manifestaci\u00f3n m\u00e1s del lema \u00abAndaluc\u00eda con Palestina\u00bb en la ciudad de Granada, donde la movilizaci\u00f3n no ha parado desde el 7 de octubre hasta el momento, en donde la ciudad ha sido un terreno de manifestaciones y plataforma de conferencias y eventos culturales solidarios que destacan a Palestina en su totalidad, tierra y pueblo.<\/p>\n\n\n\n<p>La acampada comenz\u00f3 el 9 de mayo de 2024, en el jard\u00edn de Paseillos Universitarios, cerca de la Facultad de Ingenier\u00eda de la Universidad de Granada. Unas pocas tiendas que r\u00e1pidamente han sido aumentadas por el af\u00e1n de apoyar el pueblo Palestino, con m\u00e1s personas comprometidas con la causa Palestina y solidariz\u00e1ndose con el pueblo palestino. La acampada se centra en una demanda principal: cortar las relaciones con las instituciones sionistas. La acampada representa un espacio en lo cual se llevan a cabo actividades solidarias con el pueblo palestino a nivel pol\u00edtico y cultural, incluyendo eventos que presentan la cultura palestina, charlas y debates sobre la historia de Palestina y la situaci\u00f3n pol\u00edtica actual, especialmente las actualidades del genocidio que esta cometiendo el ente sionista en la Franja de Gaza.<\/p>\n\n\n\n<p>Voces de la acampada:<br>Sobre las motivaciones de esta iniciativa, una de las organizadoras y activistas en la acampada dice: \u201cDesde el 7 de octubre, nuestros corazones sufren por lo que est\u00e1 sucediendo en Gaza, y desde ese d\u00eda comenzamos a pensar en c\u00f3mo solidarizarnos con el pueblo palestino, esto es lo m\u00ednimo que podemos hacer, esta protesta coincide con el movimiento estudiantil en todo el mundo en apoyo a la causa palestina y en protesta por el genocidio que el ente sionista est\u00e1 cometiendo en la Franja de Gaza\u201d. En este contexto, uno de los activistas en la acampada, menciona que \u00abeste movimiento representa una lucha colectiva contra la injusticia que sufre el pueblo palestino\u00bb.<\/p>\n\n\n\n<p>Respecto a la respuesta de la administraci\u00f3n de la Universidad de Granada a las demandas presentadas por las\/ los acampadas, una representante del Frente de Estudiantes \u2013 un movimiento estudiantil activo en la Universidad de Granada \u2013 dice que \u00abla universidad est\u00e1 estudiando la posibilidad de suspender los acuerdos con instituciones y programas acad\u00e9micos del ente sionista, pero que persiste un problema relacionado con los acuerdos en los que participa la Uni\u00f3n Europea y que podr\u00edan no estar sujetos a procedimientos de suspensi\u00f3n. A\u00f1adi\u00f3 que una de las demandas era revisar el lenguaje utilizado por la administraci\u00f3n de la universidad respecto al genocidio que el estado sionista est\u00e1 cometiendo en la Franja de Gaza. Y esta entrevista ha sido, antes de la decisi\u00f3n del consejo de gobierno de UGR.\u00bb<\/p>\n\n\n\n<p>En este contexto, un representante de la asamblea estudiantil por Palestina, a\u00f1adi\u00f3 que \u201clas demandas incluyen cortar completamente las relaciones acad\u00e9micas y econ\u00f3micas entre la Universidad de Granada y las universidades e instituciones israel\u00edes c\u00f3mplices con el sionismo, espec\u00edficamente con las universidades de \u00abTel Aviv, Bar Ilan, la Universidad Hebrea, Ben Gurion, Herzliya, el Instituto Technion y el Ministerio de Salud de Israel\u00bb, que representan pilares del proyecto sionista.\u201d<\/p>\n\n\n\n<p>Sobre los diarios que las\/ los acampadas pasan en la protesta y las actividades que realizan, un activista palestino comenta que los debates y discusiones sobre la causa palestina son de gran importancia en cuanto a dar a conocer el origen de la causa Palestina, que incluye la Nakba y el desplazamiento forzado de los palestinos, as\u00ed como la preservaci\u00f3n del derecho al retorno. La protesta tambi\u00e9n sirve como espacio para presentar la vida diaria de los palestinos, basada en la lucha y la resistencia diaria contra el ente sionista y su proyecto colonialista.<\/p>\n\n\n\n<p><strong>Acuerdos y programas que se busca suspender:<\/strong><br>Se debati\u00f3 la suspensi\u00f3n de varios programas y acuerdos, incluyendo un acuerdo de cooperaci\u00f3n con la \u201cuniversidad de tel aviv\u201d que se firm\u00f3 durante el genocidio, el 25 de enero de 2024 \u2013durante el genocidio- y otro acuerdo con la \u201cuniversidad bar ilan\u201d. Adem\u00e1s, la Universidad de Granada participa en proyectos de investigaci\u00f3n que tienen entre sus socios al ministerio de Salud del estado sionista, y en proyectos con la \u201cuniversidad Ben Gurion\u201d y el \u201cnstituto technion\u201d.<\/p>\n\n\n\n<p>Respecto a este \u00faltimo, cabe mencionar que es un instituto que contribuye al desarrollo de un modelo rob\u00f3tico de una excavadora (D9) utilizada ampliamente en la destrucci\u00f3n de edificios en la Franja de Gaza, y al desarrollo de un dispositivo \u00abserpiente rob\u00f3tica\u00bb dise\u00f1ado para el combate entre escombros y espacios estrechos, junto con una amplia gama de otros medios de combate. Tambi\u00e9n ofrece un curso de formaci\u00f3n para comerciantes de armas, asegur\u00e1ndose de no abandonar a los oficiales del ej\u00e9rcito de ocupaci\u00f3n tras su retiro del servicio.<\/p>\n\n\n\n<p>Es crucial se\u00f1alar la temprana contribuci\u00f3n de los c\u00edrculos acad\u00e9micos sionistas al proyecto colonialista, incluso antes de la Nakba de 1948, cuando el movimiento sionista estableci\u00f3 tres universidades con el objetivo de fortalecer el proyecto colonial. En 1918, se estableci\u00f3 la \u00abuniversidad hebrea\u00bb como un centro para formar una identidad sionista racista. De manera similar, se cre\u00f3 el \u00abinstituto technion\u00bb en la ciudad ocupada de Haifa para promover el desarrollo cient\u00edfico y tecnol\u00f3gico del ente sionista.<\/p>\n\n\n\n<p>El desarrollo de la educaci\u00f3n superior en el ente sionista estuvo vinculado al surgimiento de las industrias militares. Las empresas \u201cRafael\u201d e \u201cisrael aerospace Industries\u201d, dos de los mayores productores de armas en el ente sionista, surgieron gracias a la infraestructura proporcionada por el \u201cinstituto weizmann\u201d y el \u201cTechnion\u201d. No se limita al nivel militar, ya que las instituciones acad\u00e9micas sionistas tambi\u00e9n proporcionan una cobertura \u00ablegal y moral\u00bb y justificaciones para los cr\u00edmenes de la ocupaci\u00f3n, basadas en falacias cuyo objetivo es borrar la identidad palestina y promover el proyecto colonialista.<\/p>\n\n\n\n<p>Logro de las demandas despu\u00e9s de 9 d\u00edas de protesta:<br>En la reuni\u00f3n del Consejo de Administraci\u00f3n de la Universidad de Granada el d\u00eda de la universidad, el 17\/5\/2024, coincidiendo con la presencia de estudiantes y otros simpatizantes de la causa palestina y solicitando cortar relaciones con las universidades de ocupaci\u00f3n, se decidi\u00f3 cortar relaciones seg\u00fan los siguientes detalles:<br>\u2022 Suspensi\u00f3n de la movilidad de estudiantes, profesores, investigadores, personal t\u00e9cnico y administrativo con universidades \u00abisrael\u00edes\u00bb, espec\u00edficamente los acuerdos de movilidad bilateral Erasmus+ K171.<\/p>\n\n\n\n<pre class=\"wp-block-code\"><code><em>\u2022   Suspensi\u00f3n de los acuerdos docentes y cursos de verano firmados con la \"Universidad Bar Ilan y la Universidad de Tel Aviv.\"\n<\/em>\n<em>\u2022   No firmar nuevos acuerdos ni participar en nuevos proyectos de cooperaci\u00f3n acad\u00e9mica internacional con \"universidades israel\u00edes.\"\n<\/em>\n\n<em>\u2022   Intensificar las relaciones con universidades palestinas y cooperar con organizaciones no gubernamentales que trabajan sobre el terreno para ayudar y acoger a estudiantes, investigadores y profesores palestinos. As\u00ed como estudiantes, investigadores y profesores que fueron objeto de represalias, sin importar su nacionalidad, por su oposici\u00f3n a la masacre.\n<\/em>\n<em>\u2022   Suspensi\u00f3n de la cooperaci\u00f3n cient\u00edfica y t\u00e9cnica con instituciones israel\u00edes dentro de los consorcios de investigaci\u00f3n promovidos por la Comisi\u00f3n Europea en los que participa la Universidad de Granada y en los que existe al menos un socio de origen israel\u00ed: PARC, Nabiheal, IRISCC, NanoPaInt e INTENSE; consorcios de 200, 14, 53, 12 y 16 socios respectivamente. En concreto, se evitar\u00e1 la explotaci\u00f3n de las infraestructuras cient\u00edficas de la Universidad de Granada por parte del personal investigador de dichas instituciones y se suspender\u00e1n las residencias de investigaci\u00f3n entrantes y salientes.\n<\/em>\n\n<em>\u2022   No participar en nuevos acuerdos ni proyectos de investigaci\u00f3n en cooperaci\u00f3n con universidades, organizaciones o instituciones israel\u00edes. Estas decisiones fueron recibidas por los manifestantes frente al lugar de la reuni\u00f3n levantando banderas palestinas y coreando consignas sobre la eficacia de la lucha y la resistencia, con el c\u00e1ntico: \"Del r\u00edo al mar, Palestina vencer\u00e1\", afirmando que esto es una victoria para la humanidad y la dignidad, y un apoyo al pueblo palestino y su resistencia e inquebrantable voluntad. Este logro tambi\u00e9n se debe a la persistencia y lucha de los partidarios de la causa palestina en Granada, representados por los movimientos estudiantiles, partidos pol\u00edticos, sindicatos y personas que eligieron la lucha como camino para lograr sus demandas.<\/em><\/code><\/pre>\n\n\n\n<p class=\"has-text-align-center\"><strong>Bahaa Gasan<br>Granada, 18 de mayo 2024<\/strong><\/p>\n","protected":false},"excerpt":{"rendered":"<p>En un pasillo de un jard\u00edn acerca de la Universidad de Granada, ondean las banderas palestinas, amparando las tiendas de la acampada de los estudiantes que han elegido la protesta y la lucha como camino para imponer sus demandas a la universidad para cortar las relaciones con las instituciones del ente sionista. Esto es una manifestaci\u00f3n m\u00e1s del lema \u00abAndaluc\u00eda con Palestina\u00bb en la ciudad de Granada, donde la movilizaci\u00f3n no ha parado desde el 7 de octubre hasta el momento, en donde la ciudad ha sido un terreno de manifestaciones y plataforma de conferencias y eventos culturales solidarios que destacan a Palestina en su totalidad, tierra y pueblo. La acampada comenz\u00f3 el 9 de mayo de 2024, en el jard\u00edn de Paseillos Universitarios, cerca de la Facultad de Ingenier\u00eda de la Universidad de Granada. Unas pocas tiendas que r\u00e1pidamente han sido aumentadas por el af\u00e1n de apoyar el pueblo Palestino, con m\u00e1s personas comprometidas con la causa Palestina y solidariz\u00e1ndose con el pueblo palestino. La acampada se centra en una demanda principal: cortar las relaciones con las instituciones sionistas. La acampada representa un espacio en lo cual se llevan a cabo actividades solidarias con el pueblo palestino a nivel &hellip;<\/p>\n","protected":false},"author":1,"featured_media":576,"comment_status":"open","ping_status":"open","sticky":false,"template":"","format":"standard","meta":{"_acf_changed":false,"_eb_attr":"","footnotes":""},"categories":[5,4],"tags":[19,21,17,20],"class_list":["post-575","post","type-post","status-publish","format-standard","has-post-thumbnail","hentry","category-con-palestina","category-diaspora-palestina","tag-freepalestina","tag-granada","tag-palestina","tag-spain"],"acf":[],"yoast_head":"<!-- This site is optimized with the Yoast SEO Premium plugin v22.8 (Yoast SEO v24.8.1) - https:\/\/yoast.com\/wordpress\/plugins\/seo\/ -->\n<title>Andaluc\u00eda con Palestina: \u00a1Un lema encarnado por el movimiento estudiantil en Granada! - Rep\u00fablica de Palestina<\/title>\n<meta name=\"description\" content=\"Andaluc\u00eda con Palestina&quot; en la ciudad de Granada, donde la movilizaci\u00f3n no ha parado desde el 7 de octubre hasta el momento, en donde la ciudad ha sido un terreno de manifestaciones y plataforma de conferencias y eventos culturales solidarios que destacan a Palestina en su totalidad\" \/>\n<meta name=\"robots\" content=\"index, follow, max-snippet:-1, max-image-preview:large, max-video-preview:-1\" \/>\n<link rel=\"canonical\" href=\"https:\/\/republicpalestine.com\/es\/2024\/05\/20\/en-un-pasillo-de-un-jardin-acerca-de-la-universidad-de-granada\/\" \/>\n<meta property=\"og:locale\" content=\"es_ES\" \/>\n<meta property=\"og:type\" content=\"article\" \/>\n<meta property=\"og:title\" content=\"Andaluc\u00eda con Palestina: \u00a1Un lema encarnado por el movimiento estudiantil en Granada!\" \/>\n<meta property=\"og:description\" content=\"Andaluc\u00eda con Palestina&quot; en la ciudad de Granada, donde la movilizaci\u00f3n no ha parado desde el 7 de octubre hasta el momento, en donde la ciudad ha sido un terreno de manifestaciones y plataforma de conferencias y eventos culturales solidarios que destacan a Palestina en su totalidad\" \/>\n<meta property=\"og:url\" content=\"https:\/\/republicpalestine.com\/es\/2024\/05\/20\/en-un-pasillo-de-un-jardin-acerca-de-la-universidad-de-granada\/\" \/>\n<meta property=\"og:site_name\" content=\"Rep\u00fablica de Palestina\" \/>\n<meta property=\"article:published_time\" content=\"2024-05-20T14:03:57+00:00\" \/>\n<meta property=\"article:modified_time\" content=\"2024-05-20T14:04:00+00:00\" \/>\n<meta property=\"og:image\" content=\"https:\/\/republicpalestine.com\/es\/wp-content\/uploads\/sites\/3\/2024\/05\/webzzz.jpeg\" \/>\n\t<meta property=\"og:image:width\" content=\"960\" \/>\n\t<meta property=\"og:image:height\" content=\"1280\" \/>\n\t<meta property=\"og:image:type\" content=\"image\/jpeg\" \/>\n<meta name=\"author\" content=\"RepublicofPalestine\" \/>\n<meta name=\"twitter:card\" content=\"summary_large_image\" \/>\n<meta name=\"twitter:label1\" content=\"Escrito por\" \/>\n\t<meta name=\"twitter:data1\" content=\"RepublicofPalestine\" \/>\n\t<meta name=\"twitter:label2\" content=\"Tiempo de lectura\" \/>\n\t<meta name=\"twitter:data2\" content=\"6 minutos\" \/>\n<script type=\"application\/ld+json\" class=\"yoast-schema-graph\">{\"@context\":\"https:\/\/schema.org\",\"@graph\":[{\"@type\":\"WebPage\",\"@id\":\"https:\/\/republicpalestine.com\/es\/2024\/05\/20\/en-un-pasillo-de-un-jardin-acerca-de-la-universidad-de-granada\/\",\"url\":\"https:\/\/republicpalestine.com\/es\/2024\/05\/20\/en-un-pasillo-de-un-jardin-acerca-de-la-universidad-de-granada\/\",\"name\":\"Andaluc\u00eda con Palestina: \u00a1Un lema encarnado por el movimiento estudiantil en Granada! - Rep\u00fablica de Palestina\",\"isPartOf\":{\"@id\":\"https:\/\/republicpalestine.com\/es\/#website\"},\"primaryImageOfPage\":{\"@id\":\"https:\/\/republicpalestine.com\/es\/2024\/05\/20\/en-un-pasillo-de-un-jardin-acerca-de-la-universidad-de-granada\/#primaryimage\"},\"image\":{\"@id\":\"https:\/\/republicpalestine.com\/es\/2024\/05\/20\/en-un-pasillo-de-un-jardin-acerca-de-la-universidad-de-granada\/#primaryimage\"},\"thumbnailUrl\":\"https:\/\/republicpalestine.com\/es\/wp-content\/uploads\/sites\/3\/2024\/05\/webzzz.jpeg\",\"datePublished\":\"2024-05-20T14:03:57+00:00\",\"dateModified\":\"2024-05-20T14:04:00+00:00\",\"author\":{\"@id\":\"https:\/\/republicpalestine.com\/es\/#\/schema\/person\/a116984632a4562b5d251d19cb8e8bf3\"},\"description\":\"Andaluc\u00eda con Palestina\\\" en la ciudad de Granada, donde la movilizaci\u00f3n no ha parado desde el 7 de octubre hasta el momento, en donde la ciudad ha sido un terreno de manifestaciones y plataforma de conferencias y eventos culturales solidarios que destacan a Palestina en su totalidad\",\"breadcrumb\":{\"@id\":\"https:\/\/republicpalestine.com\/es\/2024\/05\/20\/en-un-pasillo-de-un-jardin-acerca-de-la-universidad-de-granada\/#breadcrumb\"},\"inLanguage\":\"es\",\"potentialAction\":[{\"@type\":\"ReadAction\",\"target\":[\"https:\/\/republicpalestine.com\/es\/2024\/05\/20\/en-un-pasillo-de-un-jardin-acerca-de-la-universidad-de-granada\/\"]}]},{\"@type\":\"ImageObject\",\"inLanguage\":\"es\",\"@id\":\"https:\/\/republicpalestine.com\/es\/2024\/05\/20\/en-un-pasillo-de-un-jardin-acerca-de-la-universidad-de-granada\/#primaryimage\",\"url\":\"https:\/\/republicpalestine.com\/es\/wp-content\/uploads\/sites\/3\/2024\/05\/webzzz.jpeg\",\"contentUrl\":\"https:\/\/republicpalestine.com\/es\/wp-content\/uploads\/sites\/3\/2024\/05\/webzzz.jpeg\",\"width\":960,\"height\":1280},{\"@type\":\"BreadcrumbList\",\"@id\":\"https:\/\/republicpalestine.com\/es\/2024\/05\/20\/en-un-pasillo-de-un-jardin-acerca-de-la-universidad-de-granada\/#breadcrumb\",\"itemListElement\":[{\"@type\":\"ListItem\",\"position\":1,\"name\":\"\u0627\u0644\u0631\u0626\u064a\u0633\u064a\u0629\",\"item\":\"https:\/\/republicpalestine.com\/es\/\"},{\"@type\":\"ListItem\",\"position\":2,\"name\":\"Andaluc\u00eda con Palestina: \u00a1Un lema encarnado por el movimiento estudiantil en Granada!\"}]},{\"@type\":\"WebSite\",\"@id\":\"https:\/\/republicpalestine.com\/es\/#website\",\"url\":\"https:\/\/republicpalestine.com\/es\/\",\"name\":\"Rep\u00fablica de Palestina\",\"description\":\"\",\"potentialAction\":[{\"@type\":\"SearchAction\",\"target\":{\"@type\":\"EntryPoint\",\"urlTemplate\":\"https:\/\/republicpalestine.com\/es\/?s={search_term_string}\"},\"query-input\":{\"@type\":\"PropertyValueSpecification\",\"valueRequired\":true,\"valueName\":\"search_term_string\"}}],\"inLanguage\":\"es\"},{\"@type\":\"Person\",\"@id\":\"https:\/\/republicpalestine.com\/es\/#\/schema\/person\/a116984632a4562b5d251d19cb8e8bf3\",\"name\":\"RepublicofPalestine\",\"image\":{\"@type\":\"ImageObject\",\"inLanguage\":\"es\",\"@id\":\"https:\/\/republicpalestine.com\/es\/#\/schema\/person\/image\/\",\"url\":\"https:\/\/secure.gravatar.com\/avatar\/13240ade82024fefe7ea06e3569c7001?s=96&d=mm&r=g\",\"contentUrl\":\"https:\/\/secure.gravatar.com\/avatar\/13240ade82024fefe7ea06e3569c7001?s=96&d=mm&r=g\",\"caption\":\"RepublicofPalestine\"},\"sameAs\":[\"https:\/\/republicpalestine.com\"],\"url\":\"https:\/\/republicpalestine.com\/es\/author\/jmhoriaadmin\/\"}]}<\/script>\n<!-- \/ Yoast SEO Premium plugin. -->","yoast_head_json":{"title":"Andaluc\u00eda con Palestina: \u00a1Un lema encarnado por el movimiento estudiantil en Granada! - Rep\u00fablica de Palestina","description":"Andaluc\u00eda con Palestina\" en la ciudad de Granada, donde la movilizaci\u00f3n no ha parado desde el 7 de octubre hasta el momento, en donde la ciudad ha sido un terreno de manifestaciones y plataforma de conferencias y eventos culturales solidarios que destacan a Palestina en su totalidad","robots":{"index":"index","follow":"follow","max-snippet":"max-snippet:-1","max-image-preview":"max-image-preview:large","max-video-preview":"max-video-preview:-1"},"canonical":"https:\/\/republicpalestine.com\/es\/2024\/05\/20\/en-un-pasillo-de-un-jardin-acerca-de-la-universidad-de-granada\/","og_locale":"es_ES","og_type":"article","og_title":"Andaluc\u00eda con Palestina: \u00a1Un lema encarnado por el movimiento estudiantil en Granada!","og_description":"Andaluc\u00eda con Palestina\" en la ciudad de Granada, donde la movilizaci\u00f3n no ha parado desde el 7 de octubre hasta el momento, en donde la ciudad ha sido un terreno de manifestaciones y plataforma de conferencias y eventos culturales solidarios que destacan a Palestina en su totalidad","og_url":"https:\/\/republicpalestine.com\/es\/2024\/05\/20\/en-un-pasillo-de-un-jardin-acerca-de-la-universidad-de-granada\/","og_site_name":"Rep\u00fablica de Palestina","article_published_time":"2024-05-20T14:03:57+00:00","article_modified_time":"2024-05-20T14:04:00+00:00","og_image":[{"width":960,"height":1280,"url":"https:\/\/republicpalestine.com\/es\/wp-content\/uploads\/sites\/3\/2024\/05\/webzzz.jpeg","type":"image\/jpeg"}],"author":"RepublicofPalestine","twitter_card":"summary_large_image","twitter_misc":{"Escrito por":"RepublicofPalestine","Tiempo de lectura":"6 minutos"},"schema":{"@context":"https:\/\/schema.org","@graph":[{"@type":"WebPage","@id":"https:\/\/republicpalestine.com\/es\/2024\/05\/20\/en-un-pasillo-de-un-jardin-acerca-de-la-universidad-de-granada\/","url":"https:\/\/republicpalestine.com\/es\/2024\/05\/20\/en-un-pasillo-de-un-jardin-acerca-de-la-universidad-de-granada\/","name":"Andaluc\u00eda con Palestina: \u00a1Un lema encarnado por el movimiento estudiantil en Granada! - Rep\u00fablica de Palestina","isPartOf":{"@id":"https:\/\/republicpalestine.com\/es\/#website"},"primaryImageOfPage":{"@id":"https:\/\/republicpalestine.com\/es\/2024\/05\/20\/en-un-pasillo-de-un-jardin-acerca-de-la-universidad-de-granada\/#primaryimage"},"image":{"@id":"https:\/\/republicpalestine.com\/es\/2024\/05\/20\/en-un-pasillo-de-un-jardin-acerca-de-la-universidad-de-granada\/#primaryimage"},"thumbnailUrl":"https:\/\/republicpalestine.com\/es\/wp-content\/uploads\/sites\/3\/2024\/05\/webzzz.jpeg","datePublished":"2024-05-20T14:03:57+00:00","dateModified":"2024-05-20T14:04:00+00:00","author":{"@id":"https:\/\/republicpalestine.com\/es\/#\/schema\/person\/a116984632a4562b5d251d19cb8e8bf3"},"description":"Andaluc\u00eda con Palestina\" en la ciudad de Granada, donde la movilizaci\u00f3n no ha parado desde el 7 de octubre hasta el momento, en donde la ciudad ha sido un terreno de manifestaciones y plataforma de conferencias y eventos culturales solidarios que destacan a Palestina en su totalidad","breadcrumb":{"@id":"https:\/\/republicpalestine.com\/es\/2024\/05\/20\/en-un-pasillo-de-un-jardin-acerca-de-la-universidad-de-granada\/#breadcrumb"},"inLanguage":"es","potentialAction":[{"@type":"ReadAction","target":["https:\/\/republicpalestine.com\/es\/2024\/05\/20\/en-un-pasillo-de-un-jardin-acerca-de-la-universidad-de-granada\/"]}]},{"@type":"ImageObject","inLanguage":"es","@id":"https:\/\/republicpalestine.com\/es\/2024\/05\/20\/en-un-pasillo-de-un-jardin-acerca-de-la-universidad-de-granada\/#primaryimage","url":"https:\/\/republicpalestine.com\/es\/wp-content\/uploads\/sites\/3\/2024\/05\/webzzz.jpeg","contentUrl":"https:\/\/republicpalestine.com\/es\/wp-content\/uploads\/sites\/3\/2024\/05\/webzzz.jpeg","width":960,"height":1280},{"@type":"BreadcrumbList","@id":"https:\/\/republicpalestine.com\/es\/2024\/05\/20\/en-un-pasillo-de-un-jardin-acerca-de-la-universidad-de-granada\/#breadcrumb","itemListElement":[{"@type":"ListItem","position":1,"name":"\u0627\u0644\u0631\u0626\u064a\u0633\u064a\u0629","item":"https:\/\/republicpalestine.com\/es\/"},{"@type":"ListItem","position":2,"name":"Andaluc\u00eda con Palestina: \u00a1Un lema encarnado por el movimiento estudiantil en Granada!"}]},{"@type":"WebSite","@id":"https:\/\/republicpalestine.com\/es\/#website","url":"https:\/\/republicpalestine.com\/es\/","name":"Rep\u00fablica de Palestina","description":"","potentialAction":[{"@type":"SearchAction","target":{"@type":"EntryPoint","urlTemplate":"https:\/\/republicpalestine.com\/es\/?s={search_term_string}"},"query-input":{"@type":"PropertyValueSpecification","valueRequired":true,"valueName":"search_term_string"}}],"inLanguage":"es"},{"@type":"Person","@id":"https:\/\/republicpalestine.com\/es\/#\/schema\/person\/a116984632a4562b5d251d19cb8e8bf3","name":"RepublicofPalestine","image":{"@type":"ImageObject","inLanguage":"es","@id":"https:\/\/republicpalestine.com\/es\/#\/schema\/person\/image\/","url":"https:\/\/secure.gravatar.com\/avatar\/13240ade82024fefe7ea06e3569c7001?s=96&d=mm&r=g","contentUrl":"https:\/\/secure.gravatar.com\/avatar\/13240ade82024fefe7ea06e3569c7001?s=96&d=mm&r=g","caption":"RepublicofPalestine"},"sameAs":["https:\/\/republicpalestine.com"],"url":"https:\/\/republicpalestine.com\/es\/author\/jmhoriaadmin\/"}]}},"_links":{"self":[{"href":"https:\/\/republicpalestine.com\/es\/wp-json\/wp\/v2\/posts\/575","targetHints":{"allow":["GET"]}}],"collection":[{"href":"https:\/\/republicpalestine.com\/es\/wp-json\/wp\/v2\/posts"}],"about":[{"href":"https:\/\/republicpalestine.com\/es\/wp-json\/wp\/v2\/types\/post"}],"author":[{"embeddable":true,"href":"https:\/\/republicpalestine.com\/es\/wp-json\/wp\/v2\/users\/1"}],"replies":[{"embeddable":true,"href":"https:\/\/republicpalestine.com\/es\/wp-json\/wp\/v2\/comments?post=575"}],"version-history":[{"count":1,"href":"https:\/\/republicpalestine.com\/es\/wp-json\/wp\/v2\/posts\/575\/revisions"}],"predecessor-version":[{"id":577,"href":"https:\/\/republicpalestine.com\/es\/wp-json\/wp\/v2\/posts\/575\/revisions\/577"}],"wp:featuredmedia":[{"embeddable":true,"href":"https:\/\/republicpalestine.com\/es\/wp-json\/wp\/v2\/media\/576"}],"wp:attachment":[{"href":"https:\/\/republicpalestine.com\/es\/wp-json\/wp\/v2\/media?parent=575"}],"wp:term":[{"taxonomy":"category","embeddable":true,"href":"https:\/\/republicpalestine.com\/es\/wp-json\/wp\/v2\/categories?post=575"},{"taxonomy":"post_tag","embeddable":true,"href":"https:\/\/republicpalestine.com\/es\/wp-json\/wp\/v2\/tags?post=575"}],"curies":[{"name":"wp","href":"https:\/\/api.w.org\/{rel}","templated":true}]}}