{"id":605,"date":"2024-08-11T22:04:41","date_gmt":"2024-08-11T19:04:41","guid":{"rendered":"https:\/\/republicpalestine.com\/es\/?p=605"},"modified":"2024-08-11T22:04:41","modified_gmt":"2024-08-11T19:04:41","slug":"el-gobierno-espanol-se-alia-con-estados-unidos-con-una-politica-hipocrita-y-complice-con-la-guerra-de-exterminio-del-pueblo-palestino","status":"publish","type":"post","link":"https:\/\/republicpalestine.com\/es\/2024\/08\/11\/el-gobierno-espanol-se-alia-con-estados-unidos-con-una-politica-hipocrita-y-complice-con-la-guerra-de-exterminio-del-pueblo-palestino\/","title":{"rendered":"El gobierno espa\u00f1ol se al\u00eda con\u00a0Estados Unidos\u00a0con una pol\u00edtica hip\u00f3crita y c\u00f3mplice con\u00a0la guerra de exterminio\u00a0del pueblo palestino"},"content":{"rendered":"\n<p>El env\u00edo de buques de guerra a la regi\u00f3n por parte del gobierno espa\u00f1ol dentro de formaciones hostiles a las fuerzas de resistencia que defienden al pueblo palestino constituye un acto hostil en toda regla y en apoyo de la agresi\u00f3n y los cr\u00edmenes de guerra cometidos por la ocupaci\u00f3n y su socio estadounidense.<\/p>\n\n\n\n<p>La participaci\u00f3n del buque de guerra portahelic\u00f3pteros \u00abJuan Carlos&nbsp;I\u00bb en la coalici\u00f3nhostil encabezada por los Estados Unidos en la regi\u00f3n representa la continuaci\u00f3n de una pol\u00edtica hip\u00f3crita&nbsp;liderada por el gobierno de Pedro S\u00e1nchez, que anuncia oficialmente su rechazo a la guerra de genocidio mientras que apoya la agresi\u00f3n contra los pueblos de la regi\u00f3n. Ha participado y sigue participando en diversas formas de apoyo a la ocupaci\u00f3n y en acuerdos militares y de seguridad con ella.<\/p>\n\n\n\n<p>Obviamente estas fuerzas y unidades de guerra fueron enviadas para participar en la agresi\u00f3n contra los pa\u00edses y pueblos de la regi\u00f3n y para apoyar las pol\u00edticas agresivas y los cr\u00edmenes de guerra cometidos por el r\u00e9gimen genocida sionista con la cobertura, la participaci\u00f3n y el apoyo de&nbsp;los Estados Unidos de Am\u00e9rica.<\/p>\n\n\n\n<p>El gobierno sigue con su pol\u00edtica de doble rasero, quienes afirman en su discurso oficial que apoyan los derechos del pueblo palestino saben muy bien que primero deben dejar de apoyar y armar al sistema genocida sionista, rechazar cualquier cooperaci\u00f3n con \u00e9l en cualquier campo y no enviar fuerzas militares para participar en la agresi\u00f3n y las amenazas contra nuestros pueblos.<\/p>\n\n\n\n<p>Las posiciones de las fuerzas progresistas y antiimperialistas en Espa\u00f1a&nbsp;hicieron que se aumenta la conciencia de la sociedad espa\u00f1ola en cuanto a la causa palestina, as\u00ed comoel gran movimiento de masas que Espa\u00f1a ha presenciado en apoyo de los derechos del pueblo de Palestina, en rechazo a la guerra de genocidio y en su rechazo a cualquier silencio sobre las pol\u00edticas agresivas contrarias a la voluntad de los pueblos.<\/p>\n\n\n\n<p>Todos los que apoyamos la causa palestina y los que rechazamos&nbsp;las pol\u00edticas imperialistas&nbsp;y los que formamos parte de las fuerzas progresistas antiimperialistas en&nbsp;Espa\u00f1a y&nbsp;en los pa\u00edses de la Uni\u00f3n Europea debemos&nbsp;intensificar la lucha para detener estas pr\u00e1cticas hostiles por parte&nbsp;de los gobiernos de estos pa\u00edses.<\/p>\n\n\n\n<p>Mientras que&nbsp;las fuerzas imperialistas siguen con sus pr\u00e1cticas hostiles y env\u00edan susbuques de gu<a><\/a>erras a Oriente Medio, el genocidio contra el pueblo palestino sigue cada d\u00eda m\u00e1s brutal.&nbsp;El 10 de agosto de 2024, estamos en el&nbsp;d\u00eda 309 de la agresi\u00f3n contra la Franja de Gaza, la ocupaci\u00f3n israel\u00ed cometi\u00f3 una horrible masacre en la escuela Al-Taba\u2019een&nbsp;en el centro de la ciudad de Gaza, que provoc\u00f3 la muerte de m\u00e1s de 100 personas y decenas de heridos.<\/p>\n","protected":false},"excerpt":{"rendered":"<p>El env\u00edo de buques de guerra a la regi\u00f3n por parte del gobierno espa\u00f1ol dentro de formaciones hostiles a las fuerzas de resistencia que defienden al pueblo palestino constituye un acto hostil en toda regla y en apoyo de la agresi\u00f3n y los cr\u00edmenes de guerra cometidos por la ocupaci\u00f3n y su socio estadounidense. La participaci\u00f3n del buque de guerra portahelic\u00f3pteros \u00abJuan Carlos&nbsp;I\u00bb en la coalici\u00f3nhostil encabezada por los Estados Unidos en la regi\u00f3n representa la continuaci\u00f3n de una pol\u00edtica hip\u00f3crita&nbsp;liderada por el gobierno de Pedro S\u00e1nchez, que anuncia oficialmente su rechazo a la guerra de genocidio mientras que apoya la agresi\u00f3n contra los pueblos de la regi\u00f3n. Ha participado y sigue participando en diversas formas de apoyo a la ocupaci\u00f3n y en acuerdos militares y de seguridad con ella. Obviamente estas fuerzas y unidades de guerra fueron enviadas para participar en la agresi\u00f3n contra los pa\u00edses y pueblos de la regi\u00f3n y para apoyar las pol\u00edticas agresivas y los cr\u00edmenes de guerra cometidos por el r\u00e9gimen genocida sionista con la cobertura, la participaci\u00f3n y el apoyo de&nbsp;los Estados Unidos de Am\u00e9rica. El gobierno sigue con su pol\u00edtica de doble rasero, quienes afirman en su discurso oficial que apoyan los &hellip;<\/p>\n","protected":false},"author":1,"featured_media":0,"comment_status":"open","ping_status":"open","sticky":false,"template":"","format":"standard","meta":{"_acf_changed":false,"_eb_attr":"","footnotes":""},"categories":[1],"tags":[],"class_list":["post-605","post","type-post","status-publish","format-standard","hentry","category-archivo"],"acf":[],"yoast_head":"<!-- This site is optimized with the Yoast SEO Premium plugin v22.8 (Yoast SEO v24.8.1) - https:\/\/yoast.com\/wordpress\/plugins\/seo\/ -->\n<title>El gobierno espa\u00f1ol se al\u00eda con\u00a0Estados Unidos\u00a0con una pol\u00edtica hip\u00f3crita y c\u00f3mplice con\u00a0la guerra de exterminio\u00a0del pueblo palestino - Rep\u00fablica de Palestina<\/title>\n<meta name=\"robots\" content=\"index, follow, max-snippet:-1, max-image-preview:large, max-video-preview:-1\" \/>\n<link rel=\"canonical\" href=\"https:\/\/republicpalestine.com\/es\/2024\/08\/11\/el-gobierno-espanol-se-alia-con-estados-unidos-con-una-politica-hipocrita-y-complice-con-la-guerra-de-exterminio-del-pueblo-palestino\/\" \/>\n<meta property=\"og:locale\" content=\"es_ES\" \/>\n<meta property=\"og:type\" content=\"article\" \/>\n<meta property=\"og:title\" content=\"El gobierno espa\u00f1ol se al\u00eda con\u00a0Estados Unidos\u00a0con una pol\u00edtica hip\u00f3crita y c\u00f3mplice con\u00a0la guerra de exterminio\u00a0del pueblo palestino\" \/>\n<meta property=\"og:description\" content=\"El env\u00edo de buques de guerra a la regi\u00f3n por parte del gobierno espa\u00f1ol dentro de formaciones hostiles a las fuerzas de resistencia que defienden al pueblo palestino constituye un acto hostil en toda regla y en apoyo de la agresi\u00f3n y los cr\u00edmenes de guerra cometidos por la ocupaci\u00f3n y su socio estadounidense. La participaci\u00f3n del buque de guerra portahelic\u00f3pteros \u00abJuan Carlos&nbsp;I\u00bb en la coalici\u00f3nhostil encabezada por los Estados Unidos en la regi\u00f3n representa la continuaci\u00f3n de una pol\u00edtica hip\u00f3crita&nbsp;liderada por el gobierno de Pedro S\u00e1nchez, que anuncia oficialmente su rechazo a la guerra de genocidio mientras que apoya la agresi\u00f3n contra los pueblos de la regi\u00f3n. Ha participado y sigue participando en diversas formas de apoyo a la ocupaci\u00f3n y en acuerdos militares y de seguridad con ella. Obviamente estas fuerzas y unidades de guerra fueron enviadas para participar en la agresi\u00f3n contra los pa\u00edses y pueblos de la regi\u00f3n y para apoyar las pol\u00edticas agresivas y los cr\u00edmenes de guerra cometidos por el r\u00e9gimen genocida sionista con la cobertura, la participaci\u00f3n y el apoyo de&nbsp;los Estados Unidos de Am\u00e9rica. El gobierno sigue con su pol\u00edtica de doble rasero, quienes afirman en su discurso oficial que apoyan los &hellip;\" \/>\n<meta property=\"og:url\" content=\"https:\/\/republicpalestine.com\/es\/2024\/08\/11\/el-gobierno-espanol-se-alia-con-estados-unidos-con-una-politica-hipocrita-y-complice-con-la-guerra-de-exterminio-del-pueblo-palestino\/\" \/>\n<meta property=\"og:site_name\" content=\"Rep\u00fablica de Palestina\" \/>\n<meta property=\"article:published_time\" content=\"2024-08-11T19:04:41+00:00\" \/>\n<meta name=\"author\" content=\"RepublicofPalestine\" \/>\n<meta name=\"twitter:card\" content=\"summary_large_image\" \/>\n<meta name=\"twitter:label1\" content=\"Escrito por\" \/>\n\t<meta name=\"twitter:data1\" content=\"RepublicofPalestine\" \/>\n\t<meta name=\"twitter:label2\" content=\"Tiempo de lectura\" \/>\n\t<meta name=\"twitter:data2\" content=\"3 minutos\" \/>\n<script type=\"application\/ld+json\" class=\"yoast-schema-graph\">{\"@context\":\"https:\/\/schema.org\",\"@graph\":[{\"@type\":\"WebPage\",\"@id\":\"https:\/\/republicpalestine.com\/es\/2024\/08\/11\/el-gobierno-espanol-se-alia-con-estados-unidos-con-una-politica-hipocrita-y-complice-con-la-guerra-de-exterminio-del-pueblo-palestino\/\",\"url\":\"https:\/\/republicpalestine.com\/es\/2024\/08\/11\/el-gobierno-espanol-se-alia-con-estados-unidos-con-una-politica-hipocrita-y-complice-con-la-guerra-de-exterminio-del-pueblo-palestino\/\",\"name\":\"El gobierno espa\u00f1ol se al\u00eda con\u00a0Estados Unidos\u00a0con una pol\u00edtica hip\u00f3crita y c\u00f3mplice con\u00a0la guerra de exterminio\u00a0del pueblo palestino - Rep\u00fablica de Palestina\",\"isPartOf\":{\"@id\":\"https:\/\/republicpalestine.com\/es\/#website\"},\"datePublished\":\"2024-08-11T19:04:41+00:00\",\"author\":{\"@id\":\"https:\/\/republicpalestine.com\/es\/#\/schema\/person\/a116984632a4562b5d251d19cb8e8bf3\"},\"breadcrumb\":{\"@id\":\"https:\/\/republicpalestine.com\/es\/2024\/08\/11\/el-gobierno-espanol-se-alia-con-estados-unidos-con-una-politica-hipocrita-y-complice-con-la-guerra-de-exterminio-del-pueblo-palestino\/#breadcrumb\"},\"inLanguage\":\"es\",\"potentialAction\":[{\"@type\":\"ReadAction\",\"target\":[\"https:\/\/republicpalestine.com\/es\/2024\/08\/11\/el-gobierno-espanol-se-alia-con-estados-unidos-con-una-politica-hipocrita-y-complice-con-la-guerra-de-exterminio-del-pueblo-palestino\/\"]}]},{\"@type\":\"BreadcrumbList\",\"@id\":\"https:\/\/republicpalestine.com\/es\/2024\/08\/11\/el-gobierno-espanol-se-alia-con-estados-unidos-con-una-politica-hipocrita-y-complice-con-la-guerra-de-exterminio-del-pueblo-palestino\/#breadcrumb\",\"itemListElement\":[{\"@type\":\"ListItem\",\"position\":1,\"name\":\"\u0627\u0644\u0631\u0626\u064a\u0633\u064a\u0629\",\"item\":\"https:\/\/republicpalestine.com\/es\/\"},{\"@type\":\"ListItem\",\"position\":2,\"name\":\"El gobierno espa\u00f1ol se al\u00eda con\u00a0Estados Unidos\u00a0con una pol\u00edtica hip\u00f3crita y c\u00f3mplice con\u00a0la guerra de exterminio\u00a0del pueblo palestino\"}]},{\"@type\":\"WebSite\",\"@id\":\"https:\/\/republicpalestine.com\/es\/#website\",\"url\":\"https:\/\/republicpalestine.com\/es\/\",\"name\":\"Rep\u00fablica de Palestina\",\"description\":\"\",\"potentialAction\":[{\"@type\":\"SearchAction\",\"target\":{\"@type\":\"EntryPoint\",\"urlTemplate\":\"https:\/\/republicpalestine.com\/es\/?s={search_term_string}\"},\"query-input\":{\"@type\":\"PropertyValueSpecification\",\"valueRequired\":true,\"valueName\":\"search_term_string\"}}],\"inLanguage\":\"es\"},{\"@type\":\"Person\",\"@id\":\"https:\/\/republicpalestine.com\/es\/#\/schema\/person\/a116984632a4562b5d251d19cb8e8bf3\",\"name\":\"RepublicofPalestine\",\"image\":{\"@type\":\"ImageObject\",\"inLanguage\":\"es\",\"@id\":\"https:\/\/republicpalestine.com\/es\/#\/schema\/person\/image\/\",\"url\":\"https:\/\/secure.gravatar.com\/avatar\/13240ade82024fefe7ea06e3569c7001?s=96&d=mm&r=g\",\"contentUrl\":\"https:\/\/secure.gravatar.com\/avatar\/13240ade82024fefe7ea06e3569c7001?s=96&d=mm&r=g\",\"caption\":\"RepublicofPalestine\"},\"sameAs\":[\"https:\/\/republicpalestine.com\"],\"url\":\"https:\/\/republicpalestine.com\/es\/author\/jmhoriaadmin\/\"}]}<\/script>\n<!-- \/ Yoast SEO Premium plugin. -->","yoast_head_json":{"title":"El gobierno espa\u00f1ol se al\u00eda con\u00a0Estados Unidos\u00a0con una pol\u00edtica hip\u00f3crita y c\u00f3mplice con\u00a0la guerra de exterminio\u00a0del pueblo palestino - Rep\u00fablica de Palestina","robots":{"index":"index","follow":"follow","max-snippet":"max-snippet:-1","max-image-preview":"max-image-preview:large","max-video-preview":"max-video-preview:-1"},"canonical":"https:\/\/republicpalestine.com\/es\/2024\/08\/11\/el-gobierno-espanol-se-alia-con-estados-unidos-con-una-politica-hipocrita-y-complice-con-la-guerra-de-exterminio-del-pueblo-palestino\/","og_locale":"es_ES","og_type":"article","og_title":"El gobierno espa\u00f1ol se al\u00eda con\u00a0Estados Unidos\u00a0con una pol\u00edtica hip\u00f3crita y c\u00f3mplice con\u00a0la guerra de exterminio\u00a0del pueblo palestino","og_description":"El env\u00edo de buques de guerra a la regi\u00f3n por parte del gobierno espa\u00f1ol dentro de formaciones hostiles a las fuerzas de resistencia que defienden al pueblo palestino constituye un acto hostil en toda regla y en apoyo de la agresi\u00f3n y los cr\u00edmenes de guerra cometidos por la ocupaci\u00f3n y su socio estadounidense. La participaci\u00f3n del buque de guerra portahelic\u00f3pteros \u00abJuan Carlos&nbsp;I\u00bb en la coalici\u00f3nhostil encabezada por los Estados Unidos en la regi\u00f3n representa la continuaci\u00f3n de una pol\u00edtica hip\u00f3crita&nbsp;liderada por el gobierno de Pedro S\u00e1nchez, que anuncia oficialmente su rechazo a la guerra de genocidio mientras que apoya la agresi\u00f3n contra los pueblos de la regi\u00f3n. Ha participado y sigue participando en diversas formas de apoyo a la ocupaci\u00f3n y en acuerdos militares y de seguridad con ella. Obviamente estas fuerzas y unidades de guerra fueron enviadas para participar en la agresi\u00f3n contra los pa\u00edses y pueblos de la regi\u00f3n y para apoyar las pol\u00edticas agresivas y los cr\u00edmenes de guerra cometidos por el r\u00e9gimen genocida sionista con la cobertura, la participaci\u00f3n y el apoyo de&nbsp;los Estados Unidos de Am\u00e9rica. El gobierno sigue con su pol\u00edtica de doble rasero, quienes afirman en su discurso oficial que apoyan los &hellip;","og_url":"https:\/\/republicpalestine.com\/es\/2024\/08\/11\/el-gobierno-espanol-se-alia-con-estados-unidos-con-una-politica-hipocrita-y-complice-con-la-guerra-de-exterminio-del-pueblo-palestino\/","og_site_name":"Rep\u00fablica de Palestina","article_published_time":"2024-08-11T19:04:41+00:00","author":"RepublicofPalestine","twitter_card":"summary_large_image","twitter_misc":{"Escrito por":"RepublicofPalestine","Tiempo de lectura":"3 minutos"},"schema":{"@context":"https:\/\/schema.org","@graph":[{"@type":"WebPage","@id":"https:\/\/republicpalestine.com\/es\/2024\/08\/11\/el-gobierno-espanol-se-alia-con-estados-unidos-con-una-politica-hipocrita-y-complice-con-la-guerra-de-exterminio-del-pueblo-palestino\/","url":"https:\/\/republicpalestine.com\/es\/2024\/08\/11\/el-gobierno-espanol-se-alia-con-estados-unidos-con-una-politica-hipocrita-y-complice-con-la-guerra-de-exterminio-del-pueblo-palestino\/","name":"El gobierno espa\u00f1ol se al\u00eda con\u00a0Estados Unidos\u00a0con una pol\u00edtica hip\u00f3crita y c\u00f3mplice con\u00a0la guerra de exterminio\u00a0del pueblo palestino - Rep\u00fablica de Palestina","isPartOf":{"@id":"https:\/\/republicpalestine.com\/es\/#website"},"datePublished":"2024-08-11T19:04:41+00:00","author":{"@id":"https:\/\/republicpalestine.com\/es\/#\/schema\/person\/a116984632a4562b5d251d19cb8e8bf3"},"breadcrumb":{"@id":"https:\/\/republicpalestine.com\/es\/2024\/08\/11\/el-gobierno-espanol-se-alia-con-estados-unidos-con-una-politica-hipocrita-y-complice-con-la-guerra-de-exterminio-del-pueblo-palestino\/#breadcrumb"},"inLanguage":"es","potentialAction":[{"@type":"ReadAction","target":["https:\/\/republicpalestine.com\/es\/2024\/08\/11\/el-gobierno-espanol-se-alia-con-estados-unidos-con-una-politica-hipocrita-y-complice-con-la-guerra-de-exterminio-del-pueblo-palestino\/"]}]},{"@type":"BreadcrumbList","@id":"https:\/\/republicpalestine.com\/es\/2024\/08\/11\/el-gobierno-espanol-se-alia-con-estados-unidos-con-una-politica-hipocrita-y-complice-con-la-guerra-de-exterminio-del-pueblo-palestino\/#breadcrumb","itemListElement":[{"@type":"ListItem","position":1,"name":"\u0627\u0644\u0631\u0626\u064a\u0633\u064a\u0629","item":"https:\/\/republicpalestine.com\/es\/"},{"@type":"ListItem","position":2,"name":"El gobierno espa\u00f1ol se al\u00eda con\u00a0Estados Unidos\u00a0con una pol\u00edtica hip\u00f3crita y c\u00f3mplice con\u00a0la guerra de exterminio\u00a0del pueblo palestino"}]},{"@type":"WebSite","@id":"https:\/\/republicpalestine.com\/es\/#website","url":"https:\/\/republicpalestine.com\/es\/","name":"Rep\u00fablica de Palestina","description":"","potentialAction":[{"@type":"SearchAction","target":{"@type":"EntryPoint","urlTemplate":"https:\/\/republicpalestine.com\/es\/?s={search_term_string}"},"query-input":{"@type":"PropertyValueSpecification","valueRequired":true,"valueName":"search_term_string"}}],"inLanguage":"es"},{"@type":"Person","@id":"https:\/\/republicpalestine.com\/es\/#\/schema\/person\/a116984632a4562b5d251d19cb8e8bf3","name":"RepublicofPalestine","image":{"@type":"ImageObject","inLanguage":"es","@id":"https:\/\/republicpalestine.com\/es\/#\/schema\/person\/image\/","url":"https:\/\/secure.gravatar.com\/avatar\/13240ade82024fefe7ea06e3569c7001?s=96&d=mm&r=g","contentUrl":"https:\/\/secure.gravatar.com\/avatar\/13240ade82024fefe7ea06e3569c7001?s=96&d=mm&r=g","caption":"RepublicofPalestine"},"sameAs":["https:\/\/republicpalestine.com"],"url":"https:\/\/republicpalestine.com\/es\/author\/jmhoriaadmin\/"}]}},"_links":{"self":[{"href":"https:\/\/republicpalestine.com\/es\/wp-json\/wp\/v2\/posts\/605","targetHints":{"allow":["GET"]}}],"collection":[{"href":"https:\/\/republicpalestine.com\/es\/wp-json\/wp\/v2\/posts"}],"about":[{"href":"https:\/\/republicpalestine.com\/es\/wp-json\/wp\/v2\/types\/post"}],"author":[{"embeddable":true,"href":"https:\/\/republicpalestine.com\/es\/wp-json\/wp\/v2\/users\/1"}],"replies":[{"embeddable":true,"href":"https:\/\/republicpalestine.com\/es\/wp-json\/wp\/v2\/comments?post=605"}],"version-history":[{"count":1,"href":"https:\/\/republicpalestine.com\/es\/wp-json\/wp\/v2\/posts\/605\/revisions"}],"predecessor-version":[{"id":607,"href":"https:\/\/republicpalestine.com\/es\/wp-json\/wp\/v2\/posts\/605\/revisions\/607"}],"wp:attachment":[{"href":"https:\/\/republicpalestine.com\/es\/wp-json\/wp\/v2\/media?parent=605"}],"wp:term":[{"taxonomy":"category","embeddable":true,"href":"https:\/\/republicpalestine.com\/es\/wp-json\/wp\/v2\/categories?post=605"},{"taxonomy":"post_tag","embeddable":true,"href":"https:\/\/republicpalestine.com\/es\/wp-json\/wp\/v2\/tags?post=605"}],"curies":[{"name":"wp","href":"https:\/\/api.w.org\/{rel}","templated":true}]}}