{"id":609,"date":"2024-08-30T19:53:15","date_gmt":"2024-08-30T16:53:15","guid":{"rendered":"https:\/\/republicpalestine.com\/es\/?p=609"},"modified":"2024-09-01T15:32:20","modified_gmt":"2024-09-01T12:32:20","slug":"el-campo-de-detencion-sde-teman-una-representacion-espacial-del-genocidio-en-palestina","status":"publish","type":"post","link":"https:\/\/republicpalestine.com\/es\/2024\/08\/30\/el-campo-de-detencion-sde-teman-una-representacion-espacial-del-genocidio-en-palestina\/","title":{"rendered":"El campo de detenci\u00f3n \u201cSde Teman\u201d: una representaci\u00f3n espacial del genocidio en Palestina"},"content":{"rendered":"\n<p>Desde el 7 de octubre de 2023, Palestina ha conocido un aumento en las pr\u00e1cticas terroristas de las autoridades de ocupaci\u00f3n israel\u00ed &#8211; sionista contra los prisioneros palestinos. Durante el genocidio en la Franja de Gaza, se destac\u00f3 una nueva instalaci\u00f3n en el desierto del N\u00e9guev conocida como el campo de detenci\u00f3n \u201csde teman\u201d. Este campo de detenci\u00f3n, establecido por el ej\u00e9rcito de ocupaci\u00f3n en una base militar, simboliza otra forma de represi\u00f3n, en la que miles de palestinos son capturados en condiciones duras, lejos de los ojos del mundo y en un estado completo de aislamiento.<\/p>\n\n\n\n<p><strong>La ubicaci\u00f3n del campo de detenci\u00f3n: un crimen intencionado<\/strong><\/p>\n\n\n\n<p>El campo de detenci\u00f3n \u201cSde Teman\u201d se encuentra en una base militar en el desierto del N\u00e9guev, a 30 kil\u00f3metros de la Franja de Gaza. El ej\u00e9rcito de ocupaci\u00f3n la estableci\u00f3 directamente despu\u00e9s del inicio del genocidio en Gaza el 7 de octubre de 2023. Seg\u00fan el testimonio de algunos prisioneros liberados y de abogados que lograron visitar a los prisioneros, la prisi\u00f3n est\u00e1 situada en un lugar alejado de cualquier n\u00facleo habitado, en una zona aislada y completamente desconectada del mundo exterior.<\/p>\n\n\n\n<p>En realidad, el campo de detenci\u00f3n es similar a un cuartel militar con numerosas unidades militares distribuidas por todas partes. La prisi\u00f3n se extiende por amplias \u00e1reas, dividida en cuatro secciones, y en cada secci\u00f3n hay cuatro tiendas de lona met\u00e1lica que se asemejan a cobertizos. En cada una de estas tiendas se mantienen a 100 prisioneros en condiciones inhumanas que incluyen la privaci\u00f3n de los elementos b\u00e1sicos necesarios para la supervivencia.<\/p>\n\n\n\n<p>El campo de detenci\u00f3n \u201cSde Teman\u201d descrito como <a href=\"https:\/\/www.elsaltodiario.com\/genocidio\/campo-torturas-Sde-Teman-guantanamo-israel\">el nuevo Guant\u00e1namo<\/a>, ya que cuenta con instalaciones similares a jaulas en complejos cercados. Durante las horas nocturnas, las luces permanecen encendidas y enfocadas en los prisioneros con el objetivo de agotarlos y privarlos de sue\u00f1o. Adem\u00e1s, se observan altas paredes, un techo de metal y un suelo arenoso en una zona con temperaturas elevadas (en el desierto de N\u00e9guev). Tambi\u00e9n hay numerosas c\u00e1maras de vigilancia y una intensa presencia de soldados armados.<\/p>\n\n\n\n<p><strong>El crimen de desaparici\u00f3n forzada:<\/strong><\/p>\n\n\n\n<p>Las fuerzas de ocupaci\u00f3n cometieron el crimen de desaparici\u00f3n forzada contra miles de palestinos en la Franja de Gaza, donde las autoridades de ocupaci\u00f3n deliberadamente ocultaron datos e informaci\u00f3n sobre quienes fueron secuestrados y llevados al campo de detenci\u00f3n \u201cSde Teman\u201d y otras c\u00e1rceles. Las operaciones de desaparici\u00f3n forzada se dirigieron a equipos m\u00e9dicos, pacientes y ciudadanos que el ej\u00e9rcito de ocupaci\u00f3n desplaz\u00f3 por la fuerza, bajo bombardeos y amenazas a sus vidas. Tambi\u00e9n fueron detenidos en lugares secretos sin haber sido informados del motivo de su arresto o tener acceso a abogados.<\/p>\n\n\n\n<p>El ej\u00e9rcito de ocupaci\u00f3n arrest\u00f3 a miles de ciudadanos palestinos en la Franja de Gaza, tras irrumpir en escuelas, centros de refugio, hogares y hospitales a los que hab\u00edan acudido en busca de refugio del bombardeo a\u00e9reo y de artiller\u00eda que hab\u00eda atacado sus lugares de residencia. En cuanto a los grupos de edad de los prisioneros, se ha documentado la presencia de ni\u00f1os, j\u00f3venes y ancianos.<\/p>\n\n\n\n<p>Sobre el n\u00famero de prisioneros en \u201cSde Teman\u201d, los testimonios de los prisioneros liberados y las observaciones de los abogados que lograron acceder a la prisi\u00f3n indican que hay m\u00e1s de 1000 prisioneros. Los datos oficiales palestinos en Gaza confirman la presencia de alrededor de 5000 prisioneros. Sin embargo, el n\u00famero real de prisioneros sigue siendo desconocido, ya que las autoridades de ocupaci\u00f3n no revelan informaci\u00f3n al respecto y tambi\u00e9n trasladan a algunos prisioneros a otras c\u00e1rceles.<\/p>\n\n\n\n<p><strong>Intentos de \u201clegalizar\u201d el crimen:<\/strong><\/p>\n\n\n\n<p>Desde el inicio del genocidio en Gaza, las autoridades de ocupaci\u00f3n han considerado a los prisioneros que han capturado y llevado a \u201cSde Teman\u201d como \u00abcombatientes ilegales\u00bb, lo que significa que no reciben la protecci\u00f3n que corresponde a los prisioneros de guerra seg\u00fan la Tercera Convenci\u00f3n de Ginebra. Esta pr\u00e1ctica es una violaci\u00f3n rotunda del derecho internacional, ya que no cuenta con ninguna base legal o respaldo en las normas internacionales.<\/p>\n\n\n\n<p>La ley de \u201ccombatientes ilegales\u201d se refiere a un instrumento jur\u00eddico injusto a lo que las autoridades de ocupaci\u00f3n recurren para aplicarla a los prisioneros palestinos, tras su incapacidad para condenarlos. Esta legislaci\u00f3n permite iniciar juicios bajo el pretexto de que existe un expediente secreto en poder de los organismos de seguridad de las autoridades de ocupaci\u00f3n, sin permitir que se revele o se haga p\u00fablico. Esto les permite detener a los prisioneros indefinidamente, someti\u00e9ndolos a presiones, chantajes y extorsiones.<\/p>\n\n\n\n<p>En este contexto, es crucial se\u00f1alar que todas las \u201cleyes\u201d de la ocupaci\u00f3n no son leg\u00edtimas. Por un lado, provienen de un sistema colonial que utiliza t\u00e9rminos y herramientas jur\u00eddicas para reforzar la opresi\u00f3n, el colonialismo y el genocidio. Por otro lado, estas leyes se implementan en un contexto de doble moral por parte de la comunidad internacional, que reconoce a una entidad colonial que comete genocidio como un estado, mientras no hay ning\u00fan tipo de rendici\u00f3n de cuentas ni imposici\u00f3n de sanciones contra esta entidad, ya sea en su forma pol\u00edtica criminal o en su falsa legitimidad legal.<\/p>\n\n\n\n<p><strong>Cr\u00edmenes de tortura y violaci\u00f3n como herramienta de genocidio:<\/strong><\/p>\n\n\n\n<p>Los prisioneros son sometidos a torturas severas que provocan sangrado en sus cuerpos, as\u00ed como a la privaci\u00f3n de agua, alimentos y atenci\u00f3n m\u00e9dica para los enfermos y las v\u00edctimas de tortura. Adem\u00e1s, se utilizan cables el\u00e9ctricos y se sumergen las cabezas de los prisioneros en agua durante largos per\u00edodos. Tambi\u00e9n son golpeados con pu\u00f1os, patadas, garrotes, culatas de rifles y detectores de metales manuales. Estas pr\u00e1cticas han llevado a la amputaci\u00f3n de extremidades de muchos prisioneros como parte de los cr\u00edmenes de tortura cometidos contra ellos.<\/p>\n\n\n\n<p>Las autoridades de ocupaci\u00f3n tambi\u00e9n practican m\u00e9todos brutales y crueles de tortura psicol\u00f3gica. Uno de los prisioneros liberados se\u00f1al\u00f3 que, durante los interrogatorios, los soldados de inteligencia y del ej\u00e9rcito de ocupaci\u00f3n lo obligaron a ver un video en el que las excavadoras de la ocupaci\u00f3n desenterraban las tumbas de su hermana y su hermano y profanaban sus cuerpos. Ambos hab\u00edan sido enterrados en el patio del hospital \u201cKamal Adwan\u201d en el centro de la Franja de Gaza.<\/p>\n\n\n\n<p>En la prisi\u00f3n \u201cSde Teman\u201d se document\u00f3 la comisi\u00f3n de <a href=\"https:\/\/republicpalestine.com\/es\/2024\/08\/10\/agresion-sexual-y-tortura-brutal-10-soldados-sionistas-atacan-a-un-cautivo-palestino-en-el-campo-de-detencion-de-sde-teman\/\">un crimen de violaci\u00f3n <\/a>contra un prisionero palestino, donde varios soldados lo agredieron sexualmente bajo las c\u00e1maras de vigilancia del lugar. Aunque los prisioneros han sido objeto de numerosas violaciones sexuales a manos de los soldados de ocupaci\u00f3n, la mayor\u00eda de estos cr\u00edmenes no se documentan ni se filtran, lo que lleva a la falta de rendici\u00f3n de cuentas.<\/p>\n\n\n\n<p>Basado en esto, campo de detenci\u00f3n \u201cSde Teman\u201d es una representaci\u00f3n del genocidio que lleva a cabo el ej\u00e9rcito de ocupaci\u00f3n en Palestina. Adem\u00e1s de los cr\u00edmenes de tortura contra los prisioneros palestinos, que buscan borrar la identidad y generar consecuencias pol\u00edticas y sociales que afectan la memoria nacional, tambi\u00e9n se han documentado casos de ejecuciones extrajudiciales llevadas a cabo por soldados de ocupaci\u00f3n dentro de la prisi\u00f3n.<\/p>\n\n\n\n<p>En otro nivel, la filtraci\u00f3n sistem\u00e1tica de informaci\u00f3n refleja la estrategia medi\u00e1tica enga\u00f1osa adoptada por la entidad sionista. Estas filtraciones tienen como objetivo centrar la atenci\u00f3n en campo de detenci\u00f3n de \u201cSde Teman\u201d y desviar la atenci\u00f3n de cr\u00edmenes similares que las autoridades de ocupaci\u00f3n cometen contra los prisioneros palestinos en otras c\u00e1rceles, adem\u00e1s de intentar ocultar la cantidad de prisioneros palestinos, que se cuentan por miles.<\/p>\n\n\n\n<p>En cuanto a la situaci\u00f3n legal de los prisioneros en campo de detenci\u00f3n de \u201csde teman\u201d, y el intento de encontrar justificaciones legales para los cr\u00edmenes, esto forma parte de la naturaleza colonial del ente sionista que busca legitimar y normalizar su existencia. Sin embargo, es evidente que todos estos cr\u00edmenes violan todas las leyes y normas internacionales, dado que la existencia de las c\u00e1rceles es ilegal, el genocidio que sigue en curso y la expansi\u00f3n colonial, y el propio ente sionista no tienen legitimidad.<\/p>\n\n\n\n<p><strong>Bahaa Gasan<\/strong><\/p>\n","protected":false},"excerpt":{"rendered":"<p>Desde el 7 de octubre de 2023, Palestina ha conocido un aumento en las pr\u00e1cticas terroristas de las autoridades de ocupaci\u00f3n israel\u00ed &#8211; sionista contra los prisioneros palestinos. Durante el genocidio en la Franja de Gaza, se destac\u00f3 una nueva instalaci\u00f3n en el desierto del N\u00e9guev conocida como el campo de detenci\u00f3n \u201csde teman\u201d. Este campo de detenci\u00f3n, establecido por el ej\u00e9rcito de ocupaci\u00f3n en una base militar, simboliza otra forma de represi\u00f3n, en la que miles de palestinos son capturados en condiciones duras, lejos de los ojos del mundo y en un estado completo de aislamiento. La ubicaci\u00f3n del campo de detenci\u00f3n: un crimen intencionado El campo de detenci\u00f3n \u201cSde Teman\u201d se encuentra en una base militar en el desierto del N\u00e9guev, a 30 kil\u00f3metros de la Franja de Gaza. El ej\u00e9rcito de ocupaci\u00f3n la estableci\u00f3 directamente despu\u00e9s del inicio del genocidio en Gaza el 7 de octubre de 2023. Seg\u00fan el testimonio de algunos prisioneros liberados y de abogados que lograron visitar a los prisioneros, la prisi\u00f3n est\u00e1 situada en un lugar alejado de cualquier n\u00facleo habitado, en una zona aislada y completamente desconectada del mundo exterior. En realidad, el campo de detenci\u00f3n es similar a un cuartel &hellip;<\/p>\n","protected":false},"author":1,"featured_media":602,"comment_status":"open","ping_status":"open","sticky":false,"template":"","format":"standard","meta":{"_acf_changed":false,"_eb_attr":"","footnotes":""},"categories":[1,5,3],"tags":[19,18,25,17,26,27],"class_list":["post-609","post","type-post","status-publish","format-standard","has-post-thumbnail","hentry","category-archivo","category-con-palestina","category-noticias","tag-freepalestina","tag-gaza","tag-genocidio-2","tag-palestina","tag-palestinalibre","tag-sde-teman"],"acf":[],"yoast_head":"<!-- This site is optimized with the Yoast SEO Premium plugin v22.8 (Yoast SEO v24.8.1) - https:\/\/yoast.com\/wordpress\/plugins\/seo\/ -->\n<title>El campo de detenci\u00f3n \u201cSde Teman\u201d: una representaci\u00f3n espacial del genocidio en Palestina - Rep\u00fablica de Palestina<\/title>\n<meta name=\"robots\" content=\"index, follow, max-snippet:-1, max-image-preview:large, max-video-preview:-1\" \/>\n<link rel=\"canonical\" href=\"https:\/\/republicpalestine.com\/es\/2024\/08\/30\/el-campo-de-detencion-sde-teman-una-representacion-espacial-del-genocidio-en-palestina\/\" \/>\n<meta property=\"og:locale\" content=\"es_ES\" \/>\n<meta property=\"og:type\" content=\"article\" \/>\n<meta property=\"og:title\" content=\"El campo de detenci\u00f3n \u201cSde Teman\u201d: una representaci\u00f3n espacial del genocidio en Palestina\" \/>\n<meta property=\"og:description\" content=\"Desde el 7 de octubre de 2023, Palestina ha conocido un aumento en las pr\u00e1cticas terroristas de las autoridades de ocupaci\u00f3n israel\u00ed &#8211; sionista contra los prisioneros palestinos. Durante el genocidio en la Franja de Gaza, se destac\u00f3 una nueva instalaci\u00f3n en el desierto del N\u00e9guev conocida como el campo de detenci\u00f3n \u201csde teman\u201d. Este campo de detenci\u00f3n, establecido por el ej\u00e9rcito de ocupaci\u00f3n en una base militar, simboliza otra forma de represi\u00f3n, en la que miles de palestinos son capturados en condiciones duras, lejos de los ojos del mundo y en un estado completo de aislamiento. La ubicaci\u00f3n del campo de detenci\u00f3n: un crimen intencionado El campo de detenci\u00f3n \u201cSde Teman\u201d se encuentra en una base militar en el desierto del N\u00e9guev, a 30 kil\u00f3metros de la Franja de Gaza. El ej\u00e9rcito de ocupaci\u00f3n la estableci\u00f3 directamente despu\u00e9s del inicio del genocidio en Gaza el 7 de octubre de 2023. Seg\u00fan el testimonio de algunos prisioneros liberados y de abogados que lograron visitar a los prisioneros, la prisi\u00f3n est\u00e1 situada en un lugar alejado de cualquier n\u00facleo habitado, en una zona aislada y completamente desconectada del mundo exterior. En realidad, el campo de detenci\u00f3n es similar a un cuartel &hellip;\" \/>\n<meta property=\"og:url\" content=\"https:\/\/republicpalestine.com\/es\/2024\/08\/30\/el-campo-de-detencion-sde-teman-una-representacion-espacial-del-genocidio-en-palestina\/\" \/>\n<meta property=\"og:site_name\" content=\"Rep\u00fablica de Palestina\" \/>\n<meta property=\"article:published_time\" content=\"2024-08-30T16:53:15+00:00\" \/>\n<meta property=\"article:modified_time\" content=\"2024-09-01T12:32:20+00:00\" \/>\n<meta property=\"og:image\" content=\"https:\/\/republicpalestine.com\/es\/wp-content\/uploads\/sites\/3\/2024\/08\/\u0633\u064a\u062f\u064a-\u062a\u064a\u0645\u0627\u0646.jpeg\" \/>\n\t<meta property=\"og:image:width\" content=\"275\" \/>\n\t<meta property=\"og:image:height\" content=\"183\" \/>\n\t<meta property=\"og:image:type\" content=\"image\/jpeg\" \/>\n<meta name=\"author\" content=\"RepublicofPalestine\" \/>\n<meta name=\"twitter:card\" content=\"summary_large_image\" \/>\n<meta name=\"twitter:label1\" content=\"Escrito por\" \/>\n\t<meta name=\"twitter:data1\" content=\"RepublicofPalestine\" \/>\n\t<meta name=\"twitter:label2\" content=\"Tiempo de lectura\" \/>\n\t<meta name=\"twitter:data2\" content=\"7 minutos\" \/>\n<script type=\"application\/ld+json\" class=\"yoast-schema-graph\">{\"@context\":\"https:\/\/schema.org\",\"@graph\":[{\"@type\":\"WebPage\",\"@id\":\"https:\/\/republicpalestine.com\/es\/2024\/08\/30\/el-campo-de-detencion-sde-teman-una-representacion-espacial-del-genocidio-en-palestina\/\",\"url\":\"https:\/\/republicpalestine.com\/es\/2024\/08\/30\/el-campo-de-detencion-sde-teman-una-representacion-espacial-del-genocidio-en-palestina\/\",\"name\":\"El campo de detenci\u00f3n \u201cSde Teman\u201d: una representaci\u00f3n espacial del genocidio en Palestina - Rep\u00fablica de Palestina\",\"isPartOf\":{\"@id\":\"https:\/\/republicpalestine.com\/es\/#website\"},\"primaryImageOfPage\":{\"@id\":\"https:\/\/republicpalestine.com\/es\/2024\/08\/30\/el-campo-de-detencion-sde-teman-una-representacion-espacial-del-genocidio-en-palestina\/#primaryimage\"},\"image\":{\"@id\":\"https:\/\/republicpalestine.com\/es\/2024\/08\/30\/el-campo-de-detencion-sde-teman-una-representacion-espacial-del-genocidio-en-palestina\/#primaryimage\"},\"thumbnailUrl\":\"https:\/\/republicpalestine.com\/es\/wp-content\/uploads\/sites\/3\/2024\/08\/\u0633\u064a\u062f\u064a-\u062a\u064a\u0645\u0627\u0646.jpeg\",\"datePublished\":\"2024-08-30T16:53:15+00:00\",\"dateModified\":\"2024-09-01T12:32:20+00:00\",\"author\":{\"@id\":\"https:\/\/republicpalestine.com\/es\/#\/schema\/person\/a116984632a4562b5d251d19cb8e8bf3\"},\"breadcrumb\":{\"@id\":\"https:\/\/republicpalestine.com\/es\/2024\/08\/30\/el-campo-de-detencion-sde-teman-una-representacion-espacial-del-genocidio-en-palestina\/#breadcrumb\"},\"inLanguage\":\"es\",\"potentialAction\":[{\"@type\":\"ReadAction\",\"target\":[\"https:\/\/republicpalestine.com\/es\/2024\/08\/30\/el-campo-de-detencion-sde-teman-una-representacion-espacial-del-genocidio-en-palestina\/\"]}]},{\"@type\":\"ImageObject\",\"inLanguage\":\"es\",\"@id\":\"https:\/\/republicpalestine.com\/es\/2024\/08\/30\/el-campo-de-detencion-sde-teman-una-representacion-espacial-del-genocidio-en-palestina\/#primaryimage\",\"url\":\"https:\/\/republicpalestine.com\/es\/wp-content\/uploads\/sites\/3\/2024\/08\/\u0633\u064a\u062f\u064a-\u062a\u064a\u0645\u0627\u0646.jpeg\",\"contentUrl\":\"https:\/\/republicpalestine.com\/es\/wp-content\/uploads\/sites\/3\/2024\/08\/\u0633\u064a\u062f\u064a-\u062a\u064a\u0645\u0627\u0646.jpeg\",\"width\":275,\"height\":183,\"caption\":\"Una foto de un detenido palestino en el campo de detenci\u00f3n israel\u00ed \\\"Sde Teman\\\"\"},{\"@type\":\"BreadcrumbList\",\"@id\":\"https:\/\/republicpalestine.com\/es\/2024\/08\/30\/el-campo-de-detencion-sde-teman-una-representacion-espacial-del-genocidio-en-palestina\/#breadcrumb\",\"itemListElement\":[{\"@type\":\"ListItem\",\"position\":1,\"name\":\"\u0627\u0644\u0631\u0626\u064a\u0633\u064a\u0629\",\"item\":\"https:\/\/republicpalestine.com\/es\/\"},{\"@type\":\"ListItem\",\"position\":2,\"name\":\"El campo de detenci\u00f3n \u201cSde Teman\u201d: una representaci\u00f3n espacial del genocidio en Palestina\"}]},{\"@type\":\"WebSite\",\"@id\":\"https:\/\/republicpalestine.com\/es\/#website\",\"url\":\"https:\/\/republicpalestine.com\/es\/\",\"name\":\"Rep\u00fablica de Palestina\",\"description\":\"\",\"potentialAction\":[{\"@type\":\"SearchAction\",\"target\":{\"@type\":\"EntryPoint\",\"urlTemplate\":\"https:\/\/republicpalestine.com\/es\/?s={search_term_string}\"},\"query-input\":{\"@type\":\"PropertyValueSpecification\",\"valueRequired\":true,\"valueName\":\"search_term_string\"}}],\"inLanguage\":\"es\"},{\"@type\":\"Person\",\"@id\":\"https:\/\/republicpalestine.com\/es\/#\/schema\/person\/a116984632a4562b5d251d19cb8e8bf3\",\"name\":\"RepublicofPalestine\",\"image\":{\"@type\":\"ImageObject\",\"inLanguage\":\"es\",\"@id\":\"https:\/\/republicpalestine.com\/es\/#\/schema\/person\/image\/\",\"url\":\"https:\/\/secure.gravatar.com\/avatar\/13240ade82024fefe7ea06e3569c7001?s=96&d=mm&r=g\",\"contentUrl\":\"https:\/\/secure.gravatar.com\/avatar\/13240ade82024fefe7ea06e3569c7001?s=96&d=mm&r=g\",\"caption\":\"RepublicofPalestine\"},\"sameAs\":[\"https:\/\/republicpalestine.com\"],\"url\":\"https:\/\/republicpalestine.com\/es\/author\/jmhoriaadmin\/\"}]}<\/script>\n<!-- \/ Yoast SEO Premium plugin. -->","yoast_head_json":{"title":"El campo de detenci\u00f3n \u201cSde Teman\u201d: una representaci\u00f3n espacial del genocidio en Palestina - Rep\u00fablica de Palestina","robots":{"index":"index","follow":"follow","max-snippet":"max-snippet:-1","max-image-preview":"max-image-preview:large","max-video-preview":"max-video-preview:-1"},"canonical":"https:\/\/republicpalestine.com\/es\/2024\/08\/30\/el-campo-de-detencion-sde-teman-una-representacion-espacial-del-genocidio-en-palestina\/","og_locale":"es_ES","og_type":"article","og_title":"El campo de detenci\u00f3n \u201cSde Teman\u201d: una representaci\u00f3n espacial del genocidio en Palestina","og_description":"Desde el 7 de octubre de 2023, Palestina ha conocido un aumento en las pr\u00e1cticas terroristas de las autoridades de ocupaci\u00f3n israel\u00ed &#8211; sionista contra los prisioneros palestinos. Durante el genocidio en la Franja de Gaza, se destac\u00f3 una nueva instalaci\u00f3n en el desierto del N\u00e9guev conocida como el campo de detenci\u00f3n \u201csde teman\u201d. Este campo de detenci\u00f3n, establecido por el ej\u00e9rcito de ocupaci\u00f3n en una base militar, simboliza otra forma de represi\u00f3n, en la que miles de palestinos son capturados en condiciones duras, lejos de los ojos del mundo y en un estado completo de aislamiento. La ubicaci\u00f3n del campo de detenci\u00f3n: un crimen intencionado El campo de detenci\u00f3n \u201cSde Teman\u201d se encuentra en una base militar en el desierto del N\u00e9guev, a 30 kil\u00f3metros de la Franja de Gaza. El ej\u00e9rcito de ocupaci\u00f3n la estableci\u00f3 directamente despu\u00e9s del inicio del genocidio en Gaza el 7 de octubre de 2023. Seg\u00fan el testimonio de algunos prisioneros liberados y de abogados que lograron visitar a los prisioneros, la prisi\u00f3n est\u00e1 situada en un lugar alejado de cualquier n\u00facleo habitado, en una zona aislada y completamente desconectada del mundo exterior. En realidad, el campo de detenci\u00f3n es similar a un cuartel &hellip;","og_url":"https:\/\/republicpalestine.com\/es\/2024\/08\/30\/el-campo-de-detencion-sde-teman-una-representacion-espacial-del-genocidio-en-palestina\/","og_site_name":"Rep\u00fablica de Palestina","article_published_time":"2024-08-30T16:53:15+00:00","article_modified_time":"2024-09-01T12:32:20+00:00","og_image":[{"width":275,"height":183,"url":"https:\/\/republicpalestine.com\/es\/wp-content\/uploads\/sites\/3\/2024\/08\/\u0633\u064a\u062f\u064a-\u062a\u064a\u0645\u0627\u0646.jpeg","type":"image\/jpeg"}],"author":"RepublicofPalestine","twitter_card":"summary_large_image","twitter_misc":{"Escrito por":"RepublicofPalestine","Tiempo de lectura":"7 minutos"},"schema":{"@context":"https:\/\/schema.org","@graph":[{"@type":"WebPage","@id":"https:\/\/republicpalestine.com\/es\/2024\/08\/30\/el-campo-de-detencion-sde-teman-una-representacion-espacial-del-genocidio-en-palestina\/","url":"https:\/\/republicpalestine.com\/es\/2024\/08\/30\/el-campo-de-detencion-sde-teman-una-representacion-espacial-del-genocidio-en-palestina\/","name":"El campo de detenci\u00f3n \u201cSde Teman\u201d: una representaci\u00f3n espacial del genocidio en Palestina - Rep\u00fablica de Palestina","isPartOf":{"@id":"https:\/\/republicpalestine.com\/es\/#website"},"primaryImageOfPage":{"@id":"https:\/\/republicpalestine.com\/es\/2024\/08\/30\/el-campo-de-detencion-sde-teman-una-representacion-espacial-del-genocidio-en-palestina\/#primaryimage"},"image":{"@id":"https:\/\/republicpalestine.com\/es\/2024\/08\/30\/el-campo-de-detencion-sde-teman-una-representacion-espacial-del-genocidio-en-palestina\/#primaryimage"},"thumbnailUrl":"https:\/\/republicpalestine.com\/es\/wp-content\/uploads\/sites\/3\/2024\/08\/\u0633\u064a\u062f\u064a-\u062a\u064a\u0645\u0627\u0646.jpeg","datePublished":"2024-08-30T16:53:15+00:00","dateModified":"2024-09-01T12:32:20+00:00","author":{"@id":"https:\/\/republicpalestine.com\/es\/#\/schema\/person\/a116984632a4562b5d251d19cb8e8bf3"},"breadcrumb":{"@id":"https:\/\/republicpalestine.com\/es\/2024\/08\/30\/el-campo-de-detencion-sde-teman-una-representacion-espacial-del-genocidio-en-palestina\/#breadcrumb"},"inLanguage":"es","potentialAction":[{"@type":"ReadAction","target":["https:\/\/republicpalestine.com\/es\/2024\/08\/30\/el-campo-de-detencion-sde-teman-una-representacion-espacial-del-genocidio-en-palestina\/"]}]},{"@type":"ImageObject","inLanguage":"es","@id":"https:\/\/republicpalestine.com\/es\/2024\/08\/30\/el-campo-de-detencion-sde-teman-una-representacion-espacial-del-genocidio-en-palestina\/#primaryimage","url":"https:\/\/republicpalestine.com\/es\/wp-content\/uploads\/sites\/3\/2024\/08\/\u0633\u064a\u062f\u064a-\u062a\u064a\u0645\u0627\u0646.jpeg","contentUrl":"https:\/\/republicpalestine.com\/es\/wp-content\/uploads\/sites\/3\/2024\/08\/\u0633\u064a\u062f\u064a-\u062a\u064a\u0645\u0627\u0646.jpeg","width":275,"height":183,"caption":"Una foto de un detenido palestino en el campo de detenci\u00f3n israel\u00ed \"Sde Teman\""},{"@type":"BreadcrumbList","@id":"https:\/\/republicpalestine.com\/es\/2024\/08\/30\/el-campo-de-detencion-sde-teman-una-representacion-espacial-del-genocidio-en-palestina\/#breadcrumb","itemListElement":[{"@type":"ListItem","position":1,"name":"\u0627\u0644\u0631\u0626\u064a\u0633\u064a\u0629","item":"https:\/\/republicpalestine.com\/es\/"},{"@type":"ListItem","position":2,"name":"El campo de detenci\u00f3n \u201cSde Teman\u201d: una representaci\u00f3n espacial del genocidio en Palestina"}]},{"@type":"WebSite","@id":"https:\/\/republicpalestine.com\/es\/#website","url":"https:\/\/republicpalestine.com\/es\/","name":"Rep\u00fablica de Palestina","description":"","potentialAction":[{"@type":"SearchAction","target":{"@type":"EntryPoint","urlTemplate":"https:\/\/republicpalestine.com\/es\/?s={search_term_string}"},"query-input":{"@type":"PropertyValueSpecification","valueRequired":true,"valueName":"search_term_string"}}],"inLanguage":"es"},{"@type":"Person","@id":"https:\/\/republicpalestine.com\/es\/#\/schema\/person\/a116984632a4562b5d251d19cb8e8bf3","name":"RepublicofPalestine","image":{"@type":"ImageObject","inLanguage":"es","@id":"https:\/\/republicpalestine.com\/es\/#\/schema\/person\/image\/","url":"https:\/\/secure.gravatar.com\/avatar\/13240ade82024fefe7ea06e3569c7001?s=96&d=mm&r=g","contentUrl":"https:\/\/secure.gravatar.com\/avatar\/13240ade82024fefe7ea06e3569c7001?s=96&d=mm&r=g","caption":"RepublicofPalestine"},"sameAs":["https:\/\/republicpalestine.com"],"url":"https:\/\/republicpalestine.com\/es\/author\/jmhoriaadmin\/"}]}},"_links":{"self":[{"href":"https:\/\/republicpalestine.com\/es\/wp-json\/wp\/v2\/posts\/609","targetHints":{"allow":["GET"]}}],"collection":[{"href":"https:\/\/republicpalestine.com\/es\/wp-json\/wp\/v2\/posts"}],"about":[{"href":"https:\/\/republicpalestine.com\/es\/wp-json\/wp\/v2\/types\/post"}],"author":[{"embeddable":true,"href":"https:\/\/republicpalestine.com\/es\/wp-json\/wp\/v2\/users\/1"}],"replies":[{"embeddable":true,"href":"https:\/\/republicpalestine.com\/es\/wp-json\/wp\/v2\/comments?post=609"}],"version-history":[{"count":2,"href":"https:\/\/republicpalestine.com\/es\/wp-json\/wp\/v2\/posts\/609\/revisions"}],"predecessor-version":[{"id":611,"href":"https:\/\/republicpalestine.com\/es\/wp-json\/wp\/v2\/posts\/609\/revisions\/611"}],"wp:featuredmedia":[{"embeddable":true,"href":"https:\/\/republicpalestine.com\/es\/wp-json\/wp\/v2\/media\/602"}],"wp:attachment":[{"href":"https:\/\/republicpalestine.com\/es\/wp-json\/wp\/v2\/media?parent=609"}],"wp:term":[{"taxonomy":"category","embeddable":true,"href":"https:\/\/republicpalestine.com\/es\/wp-json\/wp\/v2\/categories?post=609"},{"taxonomy":"post_tag","embeddable":true,"href":"https:\/\/republicpalestine.com\/es\/wp-json\/wp\/v2\/tags?post=609"}],"curies":[{"name":"wp","href":"https:\/\/api.w.org\/{rel}","templated":true}]}}