{"id":652,"date":"2024-10-03T00:14:39","date_gmt":"2024-10-02T21:14:39","guid":{"rendered":"https:\/\/republicpalestine.com\/es\/?p=652"},"modified":"2024-10-03T00:14:40","modified_gmt":"2024-10-02T21:14:40","slug":"mas-alla-de-haifa-el-legado-de-nasrala-y-la-continuacion-de-la-lucha-contra-la-ocupacion","status":"publish","type":"post","link":"https:\/\/republicpalestine.com\/es\/2024\/10\/03\/mas-alla-de-haifa-el-legado-de-nasrala-y-la-continuacion-de-la-lucha-contra-la-ocupacion\/","title":{"rendered":"M\u00e1s all\u00e1 de Haifa: el legado de Nasral\u00e1 y la continuaci\u00f3n de la lucha contra la ocupaci\u00f3n"},"content":{"rendered":"\n<p>El m\u00e1rtir Hassan Nasral\u00e1, secretario general de Hezbol\u00e1, fue capaz de dirigir el movimiento de resistencia liban\u00e9s contra la ocupaci\u00f3n sionista con valent\u00eda y firmeza, marcando victorias hist\u00f3ricas que convirtieron a su partido en una fuerza a tener en cuenta en la regi\u00f3n. Bajo su liderazgo, la liberaci\u00f3n del sur del L\u00edbano se logr\u00f3 en el a\u00f1o 2000, tras 18 a\u00f1os de ocupaci\u00f3n. Hezbol\u00e1 emergi\u00f3 como una fuerza central frente al imperialismo y el sionismo. Su papel de liderazgo se reflej\u00f3 en la direcci\u00f3n de los ataques militares contra el enemigo y abrir nuevos frentes. Tambi\u00e9n se volvi\u00f3 prominente durante la guerra de julio de 2006 con el lema \u00abM\u00e1s all\u00e1 de Haifa\u00bb, lo que profundiz\u00f3 el desaf\u00edo y la confrontaci\u00f3n. Su apoyo a la batalla de \u00abInundaci\u00f3n de Al-Aqsa\u00bb en 2023 fue solo una continuaci\u00f3n del enfoque de resistencia abierta dirigido por Hezbol\u00e1 durante d\u00e9cadas.<\/p>\n\n\n\n<p><strong>Liberaci\u00f3n del sur del L\u00edbano:<\/strong><\/p>\n\n\n\n<p>La liberaci\u00f3n del sur del L\u00edbano en 2000 fue un acontecimiento fundamental en el conflicto entre el L\u00edbano y la entidad sionista, que puso fin a aproximadamente 18 a\u00f1os de ocupaci\u00f3n colonial de la franja fronteriza en el sur del L\u00edbano. Hezbol\u00e1, liderado por el Secretario General Hassan Nasral\u00e1, desempe\u00f1\u00f3 un papel clave en esta liberaci\u00f3n. El 25 de mayo de 2000, la entidad sionista abandon\u00f3 el sur del L\u00edbano, tras el colapso de las milicias del Ej\u00e9rcito del Sur del L\u00edbano que recib\u00edan apoyo de la entidad sionista.<\/p>\n\n\n\n<p>Hezbol\u00e1 fue el factor principal en esta retirada, ya que sus permanentes e intensas operaciones militares ejercieron una presi\u00f3n constante sobre las fuerzas de ocupaci\u00f3n sionistas. Esto represent\u00f3 una gran victoria para el liderazgo de Hezbol\u00e1, que adopt\u00f3 un enfoque estrat\u00e9gico hacia la resistencia en su visi\u00f3n y pr\u00e1ctica. Hezbol\u00e1 pas\u00f3 a ser visto como una fuerza importante en el L\u00edbano y como una resistencia exitosa contra la ocupaci\u00f3n sionista, y esto le vali\u00f3 un amplio apoyo popular no s\u00f3lo en el L\u00edbano sino en el mundo \u00e1rabe en su conjunto.<\/p>\n\n\n\n<p><strong>Desde la ca\u00edda de Bagdad hasta la victoria de julio:<\/strong><\/p>\n\n\n\n<p>La ocupaci\u00f3n de Irak fue uno de los pasos del nuevo orden mundial buscado por la administraci\u00f3n estadounidense, que incluye imponer la visi\u00f3n estadounidense sobre el mundo, ya sea mediante el poder duro o el poder blando. A pesar de los cr\u00edmenes atroces de la ocupaci\u00f3n estadounidense, su ej\u00e9rcito enfrent\u00f3 una resistencia que llev\u00f3 al agotamiento de las fuerzas estadounidenses y a la apertura de un nuevo cap\u00edtulo en la resistencia \u00e1rabe contra el imperialismo.<\/p>\n\n\n\n<p>Por otro lado, debido a los cambios geopol\u00edticos en la regi\u00f3n, la tendencia a la normalizaci\u00f3n (con la ocupaci\u00f3n) ha surgido con fuerza y se ha intensificado, afectando negativamente a la causa palestina y a su declive en la agenda de los reg\u00edmenes \u00e1rabes oficiales, especialmente en los estados del Golfo. Frente a esta postura oficial \u00e1rabe hacia la normalizaci\u00f3n, se est\u00e1 reforzando otra ecuaci\u00f3n en el L\u00edbano lo represent\u00f3 Hezbol\u00e1, lo que ha sido, crear una separaci\u00f3n entre el estado y la resistencia, lo que se ha traducido en una gran firmeza y victorias pol\u00edticas y estrat\u00e9gicas para el partido.<\/p>\n\n\n\n<p><strong>Haifa y m\u00e1s all\u00e1, el desaf\u00edo tras la firmeza:<\/strong><\/p>\n\n\n\n<p>El lema \u00abM\u00e1s all\u00e1 de Haifa\u00bb surgi\u00f3 en medio de la guerra de julio de 2006. En el contexto militar, Hezbol\u00e1 lanz\u00f3 misiles contra ciudades ocupadas del norte de Palestina, incluida Haifa. El alcance de los misiles a Haifa constituy\u00f3 en s\u00ed misma un acontecimiento sin precedentes, ya que demostr\u00f3 la capacidad de Hezbol\u00e1 para atacar las profundidades de la entidad sionista m\u00e1s de lo que se esperaba anteriormente, lo que demuestra el desarrollo de las capacidades de resistencia en el L\u00edbano.<\/p>\n\n\n\n<p>Este lema tiene una gran dimensi\u00f3n simb\u00f3lica en el contexto del discurso de resistencia adoptado por Hezbol\u00e1. Con esta frase, el secretario general Nasral\u00e1 quer\u00eda confirmar que el partido no solo busca defender el sur del L\u00edbano, sino que est\u00e1 dispuesto a llevar la lucha hasta el coraz\u00f3n de la entidad sionista. \u00abM\u00e1s all\u00e1 de Haifa\u00bb significa que el partido no se conformar\u00e1 con la respuesta tradicional o limitada, sino que seguir\u00e1 ampliando el alcance de la confrontaci\u00f3n a otras \u00e1reas.<\/p>\n\n\n\n<p>La inundaci\u00f3n y la cuenta abierta: el secretario general Nasral\u00e1 no esper\u00f3 a lanzar el Frente de Apoyo en 2023 para presionar a la entidad sionista para que detuviera el genocidio en Palestina. Esto forma parte de la visi\u00f3n de Hezbol\u00e1, que considera cada enfrentamiento con la ocupaci\u00f3n como parte de una batalla mayor destinada a ponerle fin o debilitarla significativamente. Por lo tanto, apoyar a la resistencia palestina en la batalla de \u00abInundaci\u00f3n de Al-Aqsa\u00bb representa continuar con su enfoque de tratar de ampliar la confrontaci\u00f3n para que no se limite a ciertas fronteras, sino que se extienda a varios frentes posibles.<\/p>\n\n\n\n<p>En el mismo contexto, el Frente de Apoyo expres\u00f3 la disposici\u00f3n de Hezbol\u00e1 a abrir m\u00faltiples frentes con la ocupaci\u00f3n en cualquier enfrentamiento. Este concepto se volvi\u00f3 m\u00e1s claro en la Batalla de \u00abInundaci\u00f3n de Al-Aqsa\u00bb, donde se fortaleci\u00f3 la idea de unidad de frentes entre la resistencia palestina y la resistencia libanesa (Hezbol\u00e1), as\u00ed como la posibilidad de que otros frentes se unen como el de Irak, Yemen y el sur de Siria. Incluso despu\u00e9s del asesinato del Secretario General Hassan Nasral\u00e1, el frente de apoyo contin\u00faa a pesar de la gran p\u00e9rdida que represent\u00f3 su martirio.<\/p>\n\n\n\n<p><strong>La partida del resistente y la continuaci\u00f3n de la resistencia:<\/strong><\/p>\n\n\n\n<p>Hassan Nasral\u00e1 ha dejado una huella inolvidable en la historia de la resistencia libanesa, liderando a Hezbol\u00e1 de manera constante frente a los principales desaf\u00edos. No solo fue un l\u00edder militar, sino un s\u00edmbolo de esperanza e inspiraci\u00f3n para muchos en el mundo \u00e1rabe. Gracias a sus estrategias, Nasral\u00e1 pudo identificar las caracter\u00edsticas de la resistencia, afirmando la importancia de la unidad y la integraci\u00f3n entre las diversas fuerzas frente a la ocupaci\u00f3n. Su legado permanecer\u00e1 presente. Sus ideas y directrices seguir\u00e1n reflejando una visi\u00f3n ambiciosa para el futuro de la resistencia, lo que lo convertir\u00e1 en una figura fundamental en la historia de la lucha \u00e1rabe contra la ocupaci\u00f3n.<\/p>\n\n\n\n<p>El equipo editorial de \u00abRep\u00fablica de Palestina\u00bb<\/p>\n","protected":false},"excerpt":{"rendered":"<p>El m\u00e1rtir Hassan Nasral\u00e1, secretario general de Hezbol\u00e1, fue capaz de dirigir el movimiento de resistencia liban\u00e9s contra la ocupaci\u00f3n sionista con valent\u00eda y firmeza, marcando victorias hist\u00f3ricas que convirtieron a su partido en una fuerza a tener en cuenta en la regi\u00f3n. Bajo su liderazgo, la liberaci\u00f3n del sur del L\u00edbano se logr\u00f3 en el a\u00f1o 2000, tras 18 a\u00f1os de ocupaci\u00f3n. Hezbol\u00e1 emergi\u00f3 como una fuerza central frente al imperialismo y el sionismo. Su papel de liderazgo se reflej\u00f3 en la direcci\u00f3n de los ataques militares contra el enemigo y abrir nuevos frentes. Tambi\u00e9n se volvi\u00f3 prominente durante la guerra de julio de 2006 con el lema \u00abM\u00e1s all\u00e1 de Haifa\u00bb, lo que profundiz\u00f3 el desaf\u00edo y la confrontaci\u00f3n. Su apoyo a la batalla de \u00abInundaci\u00f3n de Al-Aqsa\u00bb en 2023 fue solo una continuaci\u00f3n del enfoque de resistencia abierta dirigido por Hezbol\u00e1 durante d\u00e9cadas. Liberaci\u00f3n del sur del L\u00edbano: La liberaci\u00f3n del sur del L\u00edbano en 2000 fue un acontecimiento fundamental en el conflicto entre el L\u00edbano y la entidad sionista, que puso fin a aproximadamente 18 a\u00f1os de ocupaci\u00f3n colonial de la franja fronteriza en el sur del L\u00edbano. Hezbol\u00e1, liderado por el Secretario General Hassan Nasral\u00e1, &hellip;<\/p>\n","protected":false},"author":1,"featured_media":653,"comment_status":"open","ping_status":"open","sticky":false,"template":"","format":"standard","meta":{"_acf_changed":false,"_eb_attr":"","footnotes":""},"categories":[1,5,3],"tags":[42,25,38,17,39],"class_list":["post-652","post","type-post","status-publish","format-standard","has-post-thumbnail","hentry","category-archivo","category-con-palestina","category-noticias","tag-eje-de-la-resistencia","tag-genocidio-2","tag-libano","tag-palestina","tag-sur-del-libano"],"acf":[],"yoast_head":"<!-- This site is optimized with the Yoast SEO Premium plugin v22.8 (Yoast SEO v24.8.1) - https:\/\/yoast.com\/wordpress\/plugins\/seo\/ -->\n<title>M\u00e1s all\u00e1 de Haifa: el legado de Nasral\u00e1 y la continuaci\u00f3n de la lucha contra la ocupaci\u00f3n - Rep\u00fablica de Palestina<\/title>\n<meta name=\"robots\" content=\"index, follow, max-snippet:-1, max-image-preview:large, max-video-preview:-1\" \/>\n<link rel=\"canonical\" href=\"https:\/\/republicpalestine.com\/es\/2024\/10\/03\/mas-alla-de-haifa-el-legado-de-nasrala-y-la-continuacion-de-la-lucha-contra-la-ocupacion\/\" \/>\n<meta property=\"og:locale\" content=\"es_ES\" \/>\n<meta property=\"og:type\" content=\"article\" \/>\n<meta property=\"og:title\" content=\"M\u00e1s all\u00e1 de Haifa: el legado de Nasral\u00e1 y la continuaci\u00f3n de la lucha contra la ocupaci\u00f3n\" \/>\n<meta property=\"og:description\" content=\"El m\u00e1rtir Hassan Nasral\u00e1, secretario general de Hezbol\u00e1, fue capaz de dirigir el movimiento de resistencia liban\u00e9s contra la ocupaci\u00f3n sionista con valent\u00eda y firmeza, marcando victorias hist\u00f3ricas que convirtieron a su partido en una fuerza a tener en cuenta en la regi\u00f3n. Bajo su liderazgo, la liberaci\u00f3n del sur del L\u00edbano se logr\u00f3 en el a\u00f1o 2000, tras 18 a\u00f1os de ocupaci\u00f3n. Hezbol\u00e1 emergi\u00f3 como una fuerza central frente al imperialismo y el sionismo. Su papel de liderazgo se reflej\u00f3 en la direcci\u00f3n de los ataques militares contra el enemigo y abrir nuevos frentes. Tambi\u00e9n se volvi\u00f3 prominente durante la guerra de julio de 2006 con el lema \u00abM\u00e1s all\u00e1 de Haifa\u00bb, lo que profundiz\u00f3 el desaf\u00edo y la confrontaci\u00f3n. Su apoyo a la batalla de \u00abInundaci\u00f3n de Al-Aqsa\u00bb en 2023 fue solo una continuaci\u00f3n del enfoque de resistencia abierta dirigido por Hezbol\u00e1 durante d\u00e9cadas. Liberaci\u00f3n del sur del L\u00edbano: La liberaci\u00f3n del sur del L\u00edbano en 2000 fue un acontecimiento fundamental en el conflicto entre el L\u00edbano y la entidad sionista, que puso fin a aproximadamente 18 a\u00f1os de ocupaci\u00f3n colonial de la franja fronteriza en el sur del L\u00edbano. Hezbol\u00e1, liderado por el Secretario General Hassan Nasral\u00e1, &hellip;\" \/>\n<meta property=\"og:url\" content=\"https:\/\/republicpalestine.com\/es\/2024\/10\/03\/mas-alla-de-haifa-el-legado-de-nasrala-y-la-continuacion-de-la-lucha-contra-la-ocupacion\/\" \/>\n<meta property=\"og:site_name\" content=\"Rep\u00fablica de Palestina\" \/>\n<meta property=\"article:published_time\" content=\"2024-10-02T21:14:39+00:00\" \/>\n<meta property=\"article:modified_time\" content=\"2024-10-02T21:14:40+00:00\" \/>\n<meta property=\"og:image\" content=\"https:\/\/republicpalestine.com\/es\/wp-content\/uploads\/sites\/3\/2024\/10\/\u0627\u0644\u0633\u064a\u062f.jpeg\" \/>\n\t<meta property=\"og:image:width\" content=\"718\" \/>\n\t<meta property=\"og:image:height\" content=\"694\" \/>\n\t<meta property=\"og:image:type\" content=\"image\/jpeg\" \/>\n<meta name=\"author\" content=\"RepublicofPalestine\" \/>\n<meta name=\"twitter:card\" content=\"summary_large_image\" \/>\n<meta name=\"twitter:label1\" content=\"Escrito por\" \/>\n\t<meta name=\"twitter:data1\" content=\"RepublicofPalestine\" \/>\n\t<meta name=\"twitter:label2\" content=\"Tiempo de lectura\" \/>\n\t<meta name=\"twitter:data2\" content=\"5 minutos\" \/>\n<script type=\"application\/ld+json\" class=\"yoast-schema-graph\">{\"@context\":\"https:\/\/schema.org\",\"@graph\":[{\"@type\":\"WebPage\",\"@id\":\"https:\/\/republicpalestine.com\/es\/2024\/10\/03\/mas-alla-de-haifa-el-legado-de-nasrala-y-la-continuacion-de-la-lucha-contra-la-ocupacion\/\",\"url\":\"https:\/\/republicpalestine.com\/es\/2024\/10\/03\/mas-alla-de-haifa-el-legado-de-nasrala-y-la-continuacion-de-la-lucha-contra-la-ocupacion\/\",\"name\":\"M\u00e1s all\u00e1 de Haifa: el legado de Nasral\u00e1 y la continuaci\u00f3n de la lucha contra la ocupaci\u00f3n - Rep\u00fablica de Palestina\",\"isPartOf\":{\"@id\":\"https:\/\/republicpalestine.com\/es\/#website\"},\"primaryImageOfPage\":{\"@id\":\"https:\/\/republicpalestine.com\/es\/2024\/10\/03\/mas-alla-de-haifa-el-legado-de-nasrala-y-la-continuacion-de-la-lucha-contra-la-ocupacion\/#primaryimage\"},\"image\":{\"@id\":\"https:\/\/republicpalestine.com\/es\/2024\/10\/03\/mas-alla-de-haifa-el-legado-de-nasrala-y-la-continuacion-de-la-lucha-contra-la-ocupacion\/#primaryimage\"},\"thumbnailUrl\":\"https:\/\/republicpalestine.com\/es\/wp-content\/uploads\/sites\/3\/2024\/10\/\u0627\u0644\u0633\u064a\u062f.jpeg\",\"datePublished\":\"2024-10-02T21:14:39+00:00\",\"dateModified\":\"2024-10-02T21:14:40+00:00\",\"author\":{\"@id\":\"https:\/\/republicpalestine.com\/es\/#\/schema\/person\/a116984632a4562b5d251d19cb8e8bf3\"},\"breadcrumb\":{\"@id\":\"https:\/\/republicpalestine.com\/es\/2024\/10\/03\/mas-alla-de-haifa-el-legado-de-nasrala-y-la-continuacion-de-la-lucha-contra-la-ocupacion\/#breadcrumb\"},\"inLanguage\":\"es\",\"potentialAction\":[{\"@type\":\"ReadAction\",\"target\":[\"https:\/\/republicpalestine.com\/es\/2024\/10\/03\/mas-alla-de-haifa-el-legado-de-nasrala-y-la-continuacion-de-la-lucha-contra-la-ocupacion\/\"]}]},{\"@type\":\"ImageObject\",\"inLanguage\":\"es\",\"@id\":\"https:\/\/republicpalestine.com\/es\/2024\/10\/03\/mas-alla-de-haifa-el-legado-de-nasrala-y-la-continuacion-de-la-lucha-contra-la-ocupacion\/#primaryimage\",\"url\":\"https:\/\/republicpalestine.com\/es\/wp-content\/uploads\/sites\/3\/2024\/10\/\u0627\u0644\u0633\u064a\u062f.jpeg\",\"contentUrl\":\"https:\/\/republicpalestine.com\/es\/wp-content\/uploads\/sites\/3\/2024\/10\/\u0627\u0644\u0633\u064a\u062f.jpeg\",\"width\":718,\"height\":694,\"caption\":\"M\u00e1rtir l\u00edder Hassan Nasral\u00e1\"},{\"@type\":\"BreadcrumbList\",\"@id\":\"https:\/\/republicpalestine.com\/es\/2024\/10\/03\/mas-alla-de-haifa-el-legado-de-nasrala-y-la-continuacion-de-la-lucha-contra-la-ocupacion\/#breadcrumb\",\"itemListElement\":[{\"@type\":\"ListItem\",\"position\":1,\"name\":\"\u0627\u0644\u0631\u0626\u064a\u0633\u064a\u0629\",\"item\":\"https:\/\/republicpalestine.com\/es\/\"},{\"@type\":\"ListItem\",\"position\":2,\"name\":\"M\u00e1s all\u00e1 de Haifa: el legado de Nasral\u00e1 y la continuaci\u00f3n de la lucha contra la ocupaci\u00f3n\"}]},{\"@type\":\"WebSite\",\"@id\":\"https:\/\/republicpalestine.com\/es\/#website\",\"url\":\"https:\/\/republicpalestine.com\/es\/\",\"name\":\"Rep\u00fablica de Palestina\",\"description\":\"\",\"potentialAction\":[{\"@type\":\"SearchAction\",\"target\":{\"@type\":\"EntryPoint\",\"urlTemplate\":\"https:\/\/republicpalestine.com\/es\/?s={search_term_string}\"},\"query-input\":{\"@type\":\"PropertyValueSpecification\",\"valueRequired\":true,\"valueName\":\"search_term_string\"}}],\"inLanguage\":\"es\"},{\"@type\":\"Person\",\"@id\":\"https:\/\/republicpalestine.com\/es\/#\/schema\/person\/a116984632a4562b5d251d19cb8e8bf3\",\"name\":\"RepublicofPalestine\",\"image\":{\"@type\":\"ImageObject\",\"inLanguage\":\"es\",\"@id\":\"https:\/\/republicpalestine.com\/es\/#\/schema\/person\/image\/\",\"url\":\"https:\/\/secure.gravatar.com\/avatar\/13240ade82024fefe7ea06e3569c7001?s=96&d=mm&r=g\",\"contentUrl\":\"https:\/\/secure.gravatar.com\/avatar\/13240ade82024fefe7ea06e3569c7001?s=96&d=mm&r=g\",\"caption\":\"RepublicofPalestine\"},\"sameAs\":[\"https:\/\/republicpalestine.com\"],\"url\":\"https:\/\/republicpalestine.com\/es\/author\/jmhoriaadmin\/\"}]}<\/script>\n<!-- \/ Yoast SEO Premium plugin. -->","yoast_head_json":{"title":"M\u00e1s all\u00e1 de Haifa: el legado de Nasral\u00e1 y la continuaci\u00f3n de la lucha contra la ocupaci\u00f3n - Rep\u00fablica de Palestina","robots":{"index":"index","follow":"follow","max-snippet":"max-snippet:-1","max-image-preview":"max-image-preview:large","max-video-preview":"max-video-preview:-1"},"canonical":"https:\/\/republicpalestine.com\/es\/2024\/10\/03\/mas-alla-de-haifa-el-legado-de-nasrala-y-la-continuacion-de-la-lucha-contra-la-ocupacion\/","og_locale":"es_ES","og_type":"article","og_title":"M\u00e1s all\u00e1 de Haifa: el legado de Nasral\u00e1 y la continuaci\u00f3n de la lucha contra la ocupaci\u00f3n","og_description":"El m\u00e1rtir Hassan Nasral\u00e1, secretario general de Hezbol\u00e1, fue capaz de dirigir el movimiento de resistencia liban\u00e9s contra la ocupaci\u00f3n sionista con valent\u00eda y firmeza, marcando victorias hist\u00f3ricas que convirtieron a su partido en una fuerza a tener en cuenta en la regi\u00f3n. Bajo su liderazgo, la liberaci\u00f3n del sur del L\u00edbano se logr\u00f3 en el a\u00f1o 2000, tras 18 a\u00f1os de ocupaci\u00f3n. Hezbol\u00e1 emergi\u00f3 como una fuerza central frente al imperialismo y el sionismo. Su papel de liderazgo se reflej\u00f3 en la direcci\u00f3n de los ataques militares contra el enemigo y abrir nuevos frentes. Tambi\u00e9n se volvi\u00f3 prominente durante la guerra de julio de 2006 con el lema \u00abM\u00e1s all\u00e1 de Haifa\u00bb, lo que profundiz\u00f3 el desaf\u00edo y la confrontaci\u00f3n. Su apoyo a la batalla de \u00abInundaci\u00f3n de Al-Aqsa\u00bb en 2023 fue solo una continuaci\u00f3n del enfoque de resistencia abierta dirigido por Hezbol\u00e1 durante d\u00e9cadas. Liberaci\u00f3n del sur del L\u00edbano: La liberaci\u00f3n del sur del L\u00edbano en 2000 fue un acontecimiento fundamental en el conflicto entre el L\u00edbano y la entidad sionista, que puso fin a aproximadamente 18 a\u00f1os de ocupaci\u00f3n colonial de la franja fronteriza en el sur del L\u00edbano. Hezbol\u00e1, liderado por el Secretario General Hassan Nasral\u00e1, &hellip;","og_url":"https:\/\/republicpalestine.com\/es\/2024\/10\/03\/mas-alla-de-haifa-el-legado-de-nasrala-y-la-continuacion-de-la-lucha-contra-la-ocupacion\/","og_site_name":"Rep\u00fablica de Palestina","article_published_time":"2024-10-02T21:14:39+00:00","article_modified_time":"2024-10-02T21:14:40+00:00","og_image":[{"width":718,"height":694,"url":"https:\/\/republicpalestine.com\/es\/wp-content\/uploads\/sites\/3\/2024\/10\/\u0627\u0644\u0633\u064a\u062f.jpeg","type":"image\/jpeg"}],"author":"RepublicofPalestine","twitter_card":"summary_large_image","twitter_misc":{"Escrito por":"RepublicofPalestine","Tiempo de lectura":"5 minutos"},"schema":{"@context":"https:\/\/schema.org","@graph":[{"@type":"WebPage","@id":"https:\/\/republicpalestine.com\/es\/2024\/10\/03\/mas-alla-de-haifa-el-legado-de-nasrala-y-la-continuacion-de-la-lucha-contra-la-ocupacion\/","url":"https:\/\/republicpalestine.com\/es\/2024\/10\/03\/mas-alla-de-haifa-el-legado-de-nasrala-y-la-continuacion-de-la-lucha-contra-la-ocupacion\/","name":"M\u00e1s all\u00e1 de Haifa: el legado de Nasral\u00e1 y la continuaci\u00f3n de la lucha contra la ocupaci\u00f3n - Rep\u00fablica de Palestina","isPartOf":{"@id":"https:\/\/republicpalestine.com\/es\/#website"},"primaryImageOfPage":{"@id":"https:\/\/republicpalestine.com\/es\/2024\/10\/03\/mas-alla-de-haifa-el-legado-de-nasrala-y-la-continuacion-de-la-lucha-contra-la-ocupacion\/#primaryimage"},"image":{"@id":"https:\/\/republicpalestine.com\/es\/2024\/10\/03\/mas-alla-de-haifa-el-legado-de-nasrala-y-la-continuacion-de-la-lucha-contra-la-ocupacion\/#primaryimage"},"thumbnailUrl":"https:\/\/republicpalestine.com\/es\/wp-content\/uploads\/sites\/3\/2024\/10\/\u0627\u0644\u0633\u064a\u062f.jpeg","datePublished":"2024-10-02T21:14:39+00:00","dateModified":"2024-10-02T21:14:40+00:00","author":{"@id":"https:\/\/republicpalestine.com\/es\/#\/schema\/person\/a116984632a4562b5d251d19cb8e8bf3"},"breadcrumb":{"@id":"https:\/\/republicpalestine.com\/es\/2024\/10\/03\/mas-alla-de-haifa-el-legado-de-nasrala-y-la-continuacion-de-la-lucha-contra-la-ocupacion\/#breadcrumb"},"inLanguage":"es","potentialAction":[{"@type":"ReadAction","target":["https:\/\/republicpalestine.com\/es\/2024\/10\/03\/mas-alla-de-haifa-el-legado-de-nasrala-y-la-continuacion-de-la-lucha-contra-la-ocupacion\/"]}]},{"@type":"ImageObject","inLanguage":"es","@id":"https:\/\/republicpalestine.com\/es\/2024\/10\/03\/mas-alla-de-haifa-el-legado-de-nasrala-y-la-continuacion-de-la-lucha-contra-la-ocupacion\/#primaryimage","url":"https:\/\/republicpalestine.com\/es\/wp-content\/uploads\/sites\/3\/2024\/10\/\u0627\u0644\u0633\u064a\u062f.jpeg","contentUrl":"https:\/\/republicpalestine.com\/es\/wp-content\/uploads\/sites\/3\/2024\/10\/\u0627\u0644\u0633\u064a\u062f.jpeg","width":718,"height":694,"caption":"M\u00e1rtir l\u00edder Hassan Nasral\u00e1"},{"@type":"BreadcrumbList","@id":"https:\/\/republicpalestine.com\/es\/2024\/10\/03\/mas-alla-de-haifa-el-legado-de-nasrala-y-la-continuacion-de-la-lucha-contra-la-ocupacion\/#breadcrumb","itemListElement":[{"@type":"ListItem","position":1,"name":"\u0627\u0644\u0631\u0626\u064a\u0633\u064a\u0629","item":"https:\/\/republicpalestine.com\/es\/"},{"@type":"ListItem","position":2,"name":"M\u00e1s all\u00e1 de Haifa: el legado de Nasral\u00e1 y la continuaci\u00f3n de la lucha contra la ocupaci\u00f3n"}]},{"@type":"WebSite","@id":"https:\/\/republicpalestine.com\/es\/#website","url":"https:\/\/republicpalestine.com\/es\/","name":"Rep\u00fablica de Palestina","description":"","potentialAction":[{"@type":"SearchAction","target":{"@type":"EntryPoint","urlTemplate":"https:\/\/republicpalestine.com\/es\/?s={search_term_string}"},"query-input":{"@type":"PropertyValueSpecification","valueRequired":true,"valueName":"search_term_string"}}],"inLanguage":"es"},{"@type":"Person","@id":"https:\/\/republicpalestine.com\/es\/#\/schema\/person\/a116984632a4562b5d251d19cb8e8bf3","name":"RepublicofPalestine","image":{"@type":"ImageObject","inLanguage":"es","@id":"https:\/\/republicpalestine.com\/es\/#\/schema\/person\/image\/","url":"https:\/\/secure.gravatar.com\/avatar\/13240ade82024fefe7ea06e3569c7001?s=96&d=mm&r=g","contentUrl":"https:\/\/secure.gravatar.com\/avatar\/13240ade82024fefe7ea06e3569c7001?s=96&d=mm&r=g","caption":"RepublicofPalestine"},"sameAs":["https:\/\/republicpalestine.com"],"url":"https:\/\/republicpalestine.com\/es\/author\/jmhoriaadmin\/"}]}},"_links":{"self":[{"href":"https:\/\/republicpalestine.com\/es\/wp-json\/wp\/v2\/posts\/652","targetHints":{"allow":["GET"]}}],"collection":[{"href":"https:\/\/republicpalestine.com\/es\/wp-json\/wp\/v2\/posts"}],"about":[{"href":"https:\/\/republicpalestine.com\/es\/wp-json\/wp\/v2\/types\/post"}],"author":[{"embeddable":true,"href":"https:\/\/republicpalestine.com\/es\/wp-json\/wp\/v2\/users\/1"}],"replies":[{"embeddable":true,"href":"https:\/\/republicpalestine.com\/es\/wp-json\/wp\/v2\/comments?post=652"}],"version-history":[{"count":1,"href":"https:\/\/republicpalestine.com\/es\/wp-json\/wp\/v2\/posts\/652\/revisions"}],"predecessor-version":[{"id":654,"href":"https:\/\/republicpalestine.com\/es\/wp-json\/wp\/v2\/posts\/652\/revisions\/654"}],"wp:featuredmedia":[{"embeddable":true,"href":"https:\/\/republicpalestine.com\/es\/wp-json\/wp\/v2\/media\/653"}],"wp:attachment":[{"href":"https:\/\/republicpalestine.com\/es\/wp-json\/wp\/v2\/media?parent=652"}],"wp:term":[{"taxonomy":"category","embeddable":true,"href":"https:\/\/republicpalestine.com\/es\/wp-json\/wp\/v2\/categories?post=652"},{"taxonomy":"post_tag","embeddable":true,"href":"https:\/\/republicpalestine.com\/es\/wp-json\/wp\/v2\/tags?post=652"}],"curies":[{"name":"wp","href":"https:\/\/api.w.org\/{rel}","templated":true}]}}