{"id":670,"date":"2024-10-18T18:48:04","date_gmt":"2024-10-18T15:48:04","guid":{"rendered":"https:\/\/republicpalestine.com\/es\/?p=670"},"modified":"2024-10-18T18:48:05","modified_gmt":"2024-10-18T15:48:05","slug":"los-generales-y-el-genocidio-la-batalla-por-la-existencia-en-el-norte-de-la-franja-de-gaza","status":"publish","type":"post","link":"https:\/\/republicpalestine.com\/es\/2024\/10\/18\/los-generales-y-el-genocidio-la-batalla-por-la-existencia-en-el-norte-de-la-franja-de-gaza\/","title":{"rendered":"Los \u00abgenerales\u00bb y el genocidio: la batalla por la existencia en el norte de la Franja de Gaza"},"content":{"rendered":"\n<p>Las noticias sobre el asedio y el ataque al norte de la Franja de Gaza se han repetido m\u00e1s de una vez en un a\u00f1o de genocidio desde el 7 de octubre de 2023. Sin embargo, el asedio actual se produce en una fase avanzada de este genocidio y en un entorno pol\u00edtico, regional e internacional que fomenta la continuaci\u00f3n del genocidio. No se han tomado las medidas menos necesarias y posibles para detener este Holocausto en la Franja de Gaza y poner fin a la ocupaci\u00f3n en toda Palestina. En este ataque actual contra el norte se reflejan algunas variables, entre ellas: los planes de desplazamiento forzado, el aumento de los intereses imperialistas conjuntos y el fracaso del sistema internacional actual.<\/p>\n\n\n\n<p><strong>El plan de los generales y el escenario de otra Nakba (cat\u00e1strofe):<\/strong><\/p>\n\n\n\n<p>desde el inicio de la guerra genocida contra la Franja de Gaza. Ha surgido el llamado \u00abPlan de los Generales\u00bb, cuyo objetivo es eliminar a los habitantes del norte de la Franja de Gaza mediante el asedio, el hambre y los bombardeos continuos, teniendo en cuenta que cualquiera que se quede en la zona despu\u00e9s del asedio es un \u00abcombatiente\u00bb y, por lo tanto, es blanco de ataques y asesinatos. Este plan ha recibido numerosas cr\u00edticas generalizadas por considerar que esta estrategia representa cr\u00edmenes de guerra. Aunque el gobierno de ocupaci\u00f3n no ha declarado oficialmente que realmente adopte este plan, la realidad indica lo contrario.<\/p>\n\n\n\n<p>El Plan de los Generales es una estrategia colonial desarrollada por varios l\u00edderes militares sionistas. Su formulaci\u00f3n se atribuye a un grupo de antiguos generales, incluidos el general Giora Eiland y otros, que desempe\u00f1aron un papel clave en el desarrollo de este plan para controlar el norte de la Franja de Gaza. En este contexto, es necesario se\u00f1alar las grandes similitudes entre el Plan Dalet, que se implement\u00f3 en 1948 y fue una de las causas de la Nakba, y el plan de los generales para el asedio del norte de la Franja de Gaza en 2023-2024. Ambos planes reflejan estrategias dirigidas a controlar las \u00e1reas habitadas por palestinos, centr\u00e1ndose en el desplazamiento de la poblaci\u00f3n y la expansi\u00f3n de los asentamientos.<\/p>\n\n\n\n<p>Los primeros pasos para implementar esta estrategia comenzaron el 6 de octubre de 2024 y a\u00fan est\u00e1n en curso. Estas pr\u00e1cticas coloniales y terroristas de la ocupaci\u00f3n provocaron la muerte de m\u00e1s de 342 ciudadanos palestinos y miles de heridos. Adem\u00e1s, se ha documentado la destrucci\u00f3n total de casas, barrios residenciales, calles, carreteras, infraestructuras, hospitales, escuelas, mezquitas y refugios para personas desplazadas, incluidas las instalaciones de la UNRWA, y la destrucci\u00f3n de todos los sectores vitales, en medio del asedio impuesto durante m\u00e1s de 107 d\u00edas a la entrada de ayuda humanitaria, como alimentos y medicamentos.<\/p>\n\n\n\n<p><strong>Crecientes intereses imperialistas:<\/strong><\/p>\n\n\n\n<p>el ataque actual al norte de la Franja de Gaza revela m\u00e1s intereses y ambiciones imperialistas conjuntos entre la entidad sionista y las potencias coloniales, especialmente el plan de expulsar al norte de la Franja de Gaza porque pasa por alto una gran reserva de gas natural en la costa palestina. La cantidad de gas natural en el yacimiento de \u00abGaza Marine\u00bb es de unos 33 mil millones de metros c\u00fabicos. Esta cantidad cubrir\u00e1 las necesidades de los palestinos tanto en Cisjordania como en la Franja de Gaza durante 25 a\u00f1os. Si se explota el yacimiento, el beneficio neto de la producci\u00f3n y exportaci\u00f3n de gas ser\u00e1 de unos 150 millones de d\u00f3lares anuales.<\/p>\n\n\n\n<p>En cuanto a la entidad sionista, busca diversificar sus fuentes de gas natural, lo que ser\u00e1 una ventaja estrat\u00e9gica para apoyar la estabilidad del suministro de gas y reducir la dependencia de otros pa\u00edses para importar gas o combustible. Por otro lado, estas ambiciones imperialistas est\u00e1n entrelazadas con la posibilidad de exportar gas a mercados cercanos como Egipto, Turqu\u00eda o Europa a trav\u00e9s de gasoductos regionales o incluso convertir el gas en gas licuado para su exportaci\u00f3n, especialmente porque los costos de transporte ser\u00e1n m\u00e1s bajos teniendo en cuenta la ubicaci\u00f3n estrat\u00e9gica de los yacimientos de gas a orillas del Mediterr\u00e1neo.<\/p>\n\n\n\n<p>Los intereses imperialistas no se detienen ah\u00ed, sino que tambi\u00e9n incluyen provocar cambios geopol\u00edticos de acuerdo con el plan establecido para el desplazamiento del norte de la Franja de Gaza. Esto redunda en beneficio de la entidad sionista y sus aliados, a expensas de los derechos de los palestinos. Esto tambi\u00e9n conducir\u00eda a otras oleadas de normalizaci\u00f3n con la entidad sionista, ya que la ocupaci\u00f3n podr\u00eda utilizar los beneficios geogr\u00e1ficos y estrat\u00e9gicos para lograr nuevos acuerdos con algunos reg\u00edmenes \u00e1rabes a cambio de inversiones o \u00abgarant\u00edas de seguridad\u00bb. Patrocinado sin lugar a dudas por los Estados Unidos.<\/p>\n\n\n\n<p><strong>Fracaso del sistema internacional:<\/strong><\/p>\n\n\n\n<p>uno de los temas prominentes que surgieron como resultado de la repetida agresi\u00f3n integral contra el norte de la Franja de Gaza, despu\u00e9s de m\u00e1s de un a\u00f1o de genocidio, es el fracaso del sistema internacional para proteger a los palestinos y prevenir el genocidio en la Franja de Gaza. Este asunto pone de relieve las profundas brechas en la estructura y los mecanismos de las instituciones internacionales, como las Naciones Unidas y el Consejo de Seguridad. A pesar de la existencia de tratados y leyes internacionales destinados a proteger a los civiles en las zonas de conflicto, la respuesta internacional a los acontecimientos en Gaza es ineficaz o, mejor dicho, est\u00e1 completamente ausente. El sistema internacional, que depende del consenso de las principales potencias, sufre una par\u00e1lisis ante los intereses geopol\u00edticos divergentes.<\/p>\n\n\n\n<p>Adem\u00e1s, las organizaciones humanitarias, como la Corte Penal Internacional, no han logrado llevar ante la justicia a los responsables de los cr\u00edmenes contra los palestinos. A pesar de las pruebas de violaciones de derechos humanos y cr\u00edmenes de guerra, la rendici\u00f3n de cuentas legal sigue ausente. Este fracaso refleja la incapacidad del sistema legal internacional para hacer cumplir la ley de manera imparcial, especialmente cuando la entidad sionista cuenta con el apoyo de las grandes potencias.<\/p>\n\n\n\n<p>En \u00faltima instancia, los palestinos de Gaza siguen enfrent\u00e1ndose al riesgo de genocidio sin la protecci\u00f3n efectiva de la comunidad internacional. El silencio mundial o la mera emisi\u00f3n de declaraciones de condena y denuncia mientras contin\u00faa la escalada militar, los palestinos siguen enfrent\u00e1ndose a una maquinaria de guerra superior desde el punto de vista tecnol\u00f3gico y militar, sin un horizonte real para una intervenci\u00f3n internacional eficaz. Este fracaso refleja el desequilibrio del sistema internacional. Los derechos humanos y las normas del derecho internacional pierden prioridad cuando interfieren con los intereses pol\u00edticos y econ\u00f3micos de las principales potencias.<\/p>\n\n\n\n<p><strong>Lo que queda.. La voluntad de la ocupaci\u00f3n no es absoluta:<\/strong><\/p>\n\n\n\n<p>cabe mencionar y recordar que el ej\u00e9rcito de ocupaci\u00f3n sionista nunca ha dejado de atacar el norte de la Franja de Gaza durante m\u00e1s de un a\u00f1o. Aqu\u00ed viene el papel de hablar sobre los intentos de enga\u00f1ar a los medios de comunicaci\u00f3n. El \u00abPlan de los Generales\u00bb ha suscitado una amplia gama de debates y controversias en los medios de comunicaci\u00f3n, en medio de la negaci\u00f3n oficial por parte del gobierno de ocupaci\u00f3n sionista. La cobertura medi\u00e1tica implica cierto enga\u00f1o. La prioridad es revelar lo que ocurre sobre el terreno y tener en cuenta que el hecho de que los medios de comunicaci\u00f3n se centren en el norte no significa que el resto de la Franja no sufra las mismas masacres y desastres humanitarios, incluida la hambruna.<\/p>\n\n\n\n<p>La situaci\u00f3n en el norte de la Franja de Gaza refleja un panorama sombr\u00edo de la realidad palestina bajo la ocupaci\u00f3n. El pueblo palestino est\u00e1 siendo sometido a pr\u00e1cticas terroristas basadas en estrategias coloniales que buscan expulsar a la gente y explotar los recursos naturales en un marco de alianzas imperialistas-reaccionarias. A medida que contin\u00faan la agresi\u00f3n y el genocidio, hay un fracaso internacional a la hora de lograr la justicia y proteger a los civiles, lo que refleja la incapacidad del sistema internacional para frenar a las fuerzas hegem\u00f3nicas, y responsabilizar a la ocupaci\u00f3n por sus cr\u00edmenes.<\/p>\n\n\n\n<p>Ante esta realidad, es necesario continuar las campa\u00f1as internacionales de solidaridad con la causa palestina y trabajar para detener el genocidio, poner fin a la ocupaci\u00f3n sionista y responsabilizarlo por los cr\u00edmenes que ha cometido contra los palestinos. Los esfuerzos globales concertados mediante la movilizaci\u00f3n del apoyo popular y pol\u00edtico pueden contribuir a cambiar el equilibrio de poder y lograr la justicia. La comunidad internacional debe adoptar una postura firme con respecto a los delitos continuados.<\/p>\n\n\n\n<p>Bahaa Ghassan<\/p>\n","protected":false},"excerpt":{"rendered":"<p>Las noticias sobre el asedio y el ataque al norte de la Franja de Gaza se han repetido m\u00e1s de una vez en un a\u00f1o de genocidio desde el 7 de octubre de 2023. Sin embargo, el asedio actual se produce en una fase avanzada de este genocidio y en un entorno pol\u00edtico, regional e internacional que fomenta la continuaci\u00f3n del genocidio. No se han tomado las medidas menos necesarias y posibles para detener este Holocausto en la Franja de Gaza y poner fin a la ocupaci\u00f3n en toda Palestina. En este ataque actual contra el norte se reflejan algunas variables, entre ellas: los planes de desplazamiento forzado, el aumento de los intereses imperialistas conjuntos y el fracaso del sistema internacional actual. El plan de los generales y el escenario de otra Nakba (cat\u00e1strofe): desde el inicio de la guerra genocida contra la Franja de Gaza. Ha surgido el llamado \u00abPlan de los Generales\u00bb, cuyo objetivo es eliminar a los habitantes del norte de la Franja de Gaza mediante el asedio, el hambre y los bombardeos continuos, teniendo en cuenta que cualquiera que se quede en la zona despu\u00e9s del asedio es un \u00abcombatiente\u00bb y, por lo tanto, es blanco &hellip;<\/p>\n","protected":false},"author":1,"featured_media":671,"comment_status":"open","ping_status":"open","sticky":false,"template":"","format":"standard","meta":{"_acf_changed":false,"_eb_attr":"","footnotes":""},"categories":[1,3],"tags":[45,18,25,46,34,17],"class_list":["post-670","post","type-post","status-publish","format-standard","has-post-thumbnail","hentry","category-archivo","category-noticias","tag-asedio","tag-gaza","tag-genocidio-2","tag-guerra_genocida","tag-ocupacion","tag-palestina"],"acf":[],"yoast_head":"<!-- This site is optimized with the Yoast SEO Premium plugin v22.8 (Yoast SEO v24.8.1) - https:\/\/yoast.com\/wordpress\/plugins\/seo\/ -->\n<title>Los \u00abgenerales\u00bb y el genocidio: la batalla por la existencia en el norte de la Franja de Gaza - Rep\u00fablica de Palestina<\/title>\n<meta name=\"robots\" content=\"index, follow, max-snippet:-1, max-image-preview:large, max-video-preview:-1\" \/>\n<link rel=\"canonical\" href=\"https:\/\/republicpalestine.com\/es\/2024\/10\/18\/los-generales-y-el-genocidio-la-batalla-por-la-existencia-en-el-norte-de-la-franja-de-gaza\/\" \/>\n<meta property=\"og:locale\" content=\"es_ES\" \/>\n<meta property=\"og:type\" content=\"article\" \/>\n<meta property=\"og:title\" content=\"Los \u00abgenerales\u00bb y el genocidio: la batalla por la existencia en el norte de la Franja de Gaza\" \/>\n<meta property=\"og:description\" content=\"Las noticias sobre el asedio y el ataque al norte de la Franja de Gaza se han repetido m\u00e1s de una vez en un a\u00f1o de genocidio desde el 7 de octubre de 2023. Sin embargo, el asedio actual se produce en una fase avanzada de este genocidio y en un entorno pol\u00edtico, regional e internacional que fomenta la continuaci\u00f3n del genocidio. No se han tomado las medidas menos necesarias y posibles para detener este Holocausto en la Franja de Gaza y poner fin a la ocupaci\u00f3n en toda Palestina. En este ataque actual contra el norte se reflejan algunas variables, entre ellas: los planes de desplazamiento forzado, el aumento de los intereses imperialistas conjuntos y el fracaso del sistema internacional actual. El plan de los generales y el escenario de otra Nakba (cat\u00e1strofe): desde el inicio de la guerra genocida contra la Franja de Gaza. Ha surgido el llamado \u00abPlan de los Generales\u00bb, cuyo objetivo es eliminar a los habitantes del norte de la Franja de Gaza mediante el asedio, el hambre y los bombardeos continuos, teniendo en cuenta que cualquiera que se quede en la zona despu\u00e9s del asedio es un \u00abcombatiente\u00bb y, por lo tanto, es blanco &hellip;\" \/>\n<meta property=\"og:url\" content=\"https:\/\/republicpalestine.com\/es\/2024\/10\/18\/los-generales-y-el-genocidio-la-batalla-por-la-existencia-en-el-norte-de-la-franja-de-gaza\/\" \/>\n<meta property=\"og:site_name\" content=\"Rep\u00fablica de Palestina\" \/>\n<meta property=\"article:published_time\" content=\"2024-10-18T15:48:04+00:00\" \/>\n<meta property=\"article:modified_time\" content=\"2024-10-18T15:48:05+00:00\" \/>\n<meta property=\"og:image\" content=\"https:\/\/republicpalestine.com\/es\/wp-content\/uploads\/sites\/3\/2024\/10\/gaza-strip.webp\" \/>\n\t<meta property=\"og:image:width\" content=\"1280\" \/>\n\t<meta property=\"og:image:height\" content=\"720\" \/>\n\t<meta property=\"og:image:type\" content=\"image\/webp\" \/>\n<meta name=\"author\" content=\"RepublicofPalestine\" \/>\n<meta name=\"twitter:card\" content=\"summary_large_image\" \/>\n<meta name=\"twitter:label1\" content=\"Escrito por\" \/>\n\t<meta name=\"twitter:data1\" content=\"RepublicofPalestine\" \/>\n\t<meta name=\"twitter:label2\" content=\"Tiempo de lectura\" \/>\n\t<meta name=\"twitter:data2\" content=\"7 minutos\" \/>\n<script type=\"application\/ld+json\" class=\"yoast-schema-graph\">{\"@context\":\"https:\/\/schema.org\",\"@graph\":[{\"@type\":\"WebPage\",\"@id\":\"https:\/\/republicpalestine.com\/es\/2024\/10\/18\/los-generales-y-el-genocidio-la-batalla-por-la-existencia-en-el-norte-de-la-franja-de-gaza\/\",\"url\":\"https:\/\/republicpalestine.com\/es\/2024\/10\/18\/los-generales-y-el-genocidio-la-batalla-por-la-existencia-en-el-norte-de-la-franja-de-gaza\/\",\"name\":\"Los \u00abgenerales\u00bb y el genocidio: la batalla por la existencia en el norte de la Franja de Gaza - Rep\u00fablica de Palestina\",\"isPartOf\":{\"@id\":\"https:\/\/republicpalestine.com\/es\/#website\"},\"primaryImageOfPage\":{\"@id\":\"https:\/\/republicpalestine.com\/es\/2024\/10\/18\/los-generales-y-el-genocidio-la-batalla-por-la-existencia-en-el-norte-de-la-franja-de-gaza\/#primaryimage\"},\"image\":{\"@id\":\"https:\/\/republicpalestine.com\/es\/2024\/10\/18\/los-generales-y-el-genocidio-la-batalla-por-la-existencia-en-el-norte-de-la-franja-de-gaza\/#primaryimage\"},\"thumbnailUrl\":\"https:\/\/republicpalestine.com\/es\/wp-content\/uploads\/sites\/3\/2024\/10\/gaza-strip.webp\",\"datePublished\":\"2024-10-18T15:48:04+00:00\",\"dateModified\":\"2024-10-18T15:48:05+00:00\",\"author\":{\"@id\":\"https:\/\/republicpalestine.com\/es\/#\/schema\/person\/a116984632a4562b5d251d19cb8e8bf3\"},\"breadcrumb\":{\"@id\":\"https:\/\/republicpalestine.com\/es\/2024\/10\/18\/los-generales-y-el-genocidio-la-batalla-por-la-existencia-en-el-norte-de-la-franja-de-gaza\/#breadcrumb\"},\"inLanguage\":\"es\",\"potentialAction\":[{\"@type\":\"ReadAction\",\"target\":[\"https:\/\/republicpalestine.com\/es\/2024\/10\/18\/los-generales-y-el-genocidio-la-batalla-por-la-existencia-en-el-norte-de-la-franja-de-gaza\/\"]}]},{\"@type\":\"ImageObject\",\"inLanguage\":\"es\",\"@id\":\"https:\/\/republicpalestine.com\/es\/2024\/10\/18\/los-generales-y-el-genocidio-la-batalla-por-la-existencia-en-el-norte-de-la-franja-de-gaza\/#primaryimage\",\"url\":\"https:\/\/republicpalestine.com\/es\/wp-content\/uploads\/sites\/3\/2024\/10\/gaza-strip.webp\",\"contentUrl\":\"https:\/\/republicpalestine.com\/es\/wp-content\/uploads\/sites\/3\/2024\/10\/gaza-strip.webp\",\"width\":1280,\"height\":720},{\"@type\":\"BreadcrumbList\",\"@id\":\"https:\/\/republicpalestine.com\/es\/2024\/10\/18\/los-generales-y-el-genocidio-la-batalla-por-la-existencia-en-el-norte-de-la-franja-de-gaza\/#breadcrumb\",\"itemListElement\":[{\"@type\":\"ListItem\",\"position\":1,\"name\":\"\u0627\u0644\u0631\u0626\u064a\u0633\u064a\u0629\",\"item\":\"https:\/\/republicpalestine.com\/es\/\"},{\"@type\":\"ListItem\",\"position\":2,\"name\":\"Los \u00abgenerales\u00bb y el genocidio: la batalla por la existencia en el norte de la Franja de Gaza\"}]},{\"@type\":\"WebSite\",\"@id\":\"https:\/\/republicpalestine.com\/es\/#website\",\"url\":\"https:\/\/republicpalestine.com\/es\/\",\"name\":\"Rep\u00fablica de Palestina\",\"description\":\"\",\"potentialAction\":[{\"@type\":\"SearchAction\",\"target\":{\"@type\":\"EntryPoint\",\"urlTemplate\":\"https:\/\/republicpalestine.com\/es\/?s={search_term_string}\"},\"query-input\":{\"@type\":\"PropertyValueSpecification\",\"valueRequired\":true,\"valueName\":\"search_term_string\"}}],\"inLanguage\":\"es\"},{\"@type\":\"Person\",\"@id\":\"https:\/\/republicpalestine.com\/es\/#\/schema\/person\/a116984632a4562b5d251d19cb8e8bf3\",\"name\":\"RepublicofPalestine\",\"image\":{\"@type\":\"ImageObject\",\"inLanguage\":\"es\",\"@id\":\"https:\/\/republicpalestine.com\/es\/#\/schema\/person\/image\/\",\"url\":\"https:\/\/secure.gravatar.com\/avatar\/13240ade82024fefe7ea06e3569c7001?s=96&d=mm&r=g\",\"contentUrl\":\"https:\/\/secure.gravatar.com\/avatar\/13240ade82024fefe7ea06e3569c7001?s=96&d=mm&r=g\",\"caption\":\"RepublicofPalestine\"},\"sameAs\":[\"https:\/\/republicpalestine.com\"],\"url\":\"https:\/\/republicpalestine.com\/es\/author\/jmhoriaadmin\/\"}]}<\/script>\n<!-- \/ Yoast SEO Premium plugin. -->","yoast_head_json":{"title":"Los \u00abgenerales\u00bb y el genocidio: la batalla por la existencia en el norte de la Franja de Gaza - Rep\u00fablica de Palestina","robots":{"index":"index","follow":"follow","max-snippet":"max-snippet:-1","max-image-preview":"max-image-preview:large","max-video-preview":"max-video-preview:-1"},"canonical":"https:\/\/republicpalestine.com\/es\/2024\/10\/18\/los-generales-y-el-genocidio-la-batalla-por-la-existencia-en-el-norte-de-la-franja-de-gaza\/","og_locale":"es_ES","og_type":"article","og_title":"Los \u00abgenerales\u00bb y el genocidio: la batalla por la existencia en el norte de la Franja de Gaza","og_description":"Las noticias sobre el asedio y el ataque al norte de la Franja de Gaza se han repetido m\u00e1s de una vez en un a\u00f1o de genocidio desde el 7 de octubre de 2023. Sin embargo, el asedio actual se produce en una fase avanzada de este genocidio y en un entorno pol\u00edtico, regional e internacional que fomenta la continuaci\u00f3n del genocidio. No se han tomado las medidas menos necesarias y posibles para detener este Holocausto en la Franja de Gaza y poner fin a la ocupaci\u00f3n en toda Palestina. En este ataque actual contra el norte se reflejan algunas variables, entre ellas: los planes de desplazamiento forzado, el aumento de los intereses imperialistas conjuntos y el fracaso del sistema internacional actual. El plan de los generales y el escenario de otra Nakba (cat\u00e1strofe): desde el inicio de la guerra genocida contra la Franja de Gaza. Ha surgido el llamado \u00abPlan de los Generales\u00bb, cuyo objetivo es eliminar a los habitantes del norte de la Franja de Gaza mediante el asedio, el hambre y los bombardeos continuos, teniendo en cuenta que cualquiera que se quede en la zona despu\u00e9s del asedio es un \u00abcombatiente\u00bb y, por lo tanto, es blanco &hellip;","og_url":"https:\/\/republicpalestine.com\/es\/2024\/10\/18\/los-generales-y-el-genocidio-la-batalla-por-la-existencia-en-el-norte-de-la-franja-de-gaza\/","og_site_name":"Rep\u00fablica de Palestina","article_published_time":"2024-10-18T15:48:04+00:00","article_modified_time":"2024-10-18T15:48:05+00:00","og_image":[{"width":1280,"height":720,"url":"https:\/\/republicpalestine.com\/es\/wp-content\/uploads\/sites\/3\/2024\/10\/gaza-strip.webp","type":"image\/webp"}],"author":"RepublicofPalestine","twitter_card":"summary_large_image","twitter_misc":{"Escrito por":"RepublicofPalestine","Tiempo de lectura":"7 minutos"},"schema":{"@context":"https:\/\/schema.org","@graph":[{"@type":"WebPage","@id":"https:\/\/republicpalestine.com\/es\/2024\/10\/18\/los-generales-y-el-genocidio-la-batalla-por-la-existencia-en-el-norte-de-la-franja-de-gaza\/","url":"https:\/\/republicpalestine.com\/es\/2024\/10\/18\/los-generales-y-el-genocidio-la-batalla-por-la-existencia-en-el-norte-de-la-franja-de-gaza\/","name":"Los \u00abgenerales\u00bb y el genocidio: la batalla por la existencia en el norte de la Franja de Gaza - Rep\u00fablica de Palestina","isPartOf":{"@id":"https:\/\/republicpalestine.com\/es\/#website"},"primaryImageOfPage":{"@id":"https:\/\/republicpalestine.com\/es\/2024\/10\/18\/los-generales-y-el-genocidio-la-batalla-por-la-existencia-en-el-norte-de-la-franja-de-gaza\/#primaryimage"},"image":{"@id":"https:\/\/republicpalestine.com\/es\/2024\/10\/18\/los-generales-y-el-genocidio-la-batalla-por-la-existencia-en-el-norte-de-la-franja-de-gaza\/#primaryimage"},"thumbnailUrl":"https:\/\/republicpalestine.com\/es\/wp-content\/uploads\/sites\/3\/2024\/10\/gaza-strip.webp","datePublished":"2024-10-18T15:48:04+00:00","dateModified":"2024-10-18T15:48:05+00:00","author":{"@id":"https:\/\/republicpalestine.com\/es\/#\/schema\/person\/a116984632a4562b5d251d19cb8e8bf3"},"breadcrumb":{"@id":"https:\/\/republicpalestine.com\/es\/2024\/10\/18\/los-generales-y-el-genocidio-la-batalla-por-la-existencia-en-el-norte-de-la-franja-de-gaza\/#breadcrumb"},"inLanguage":"es","potentialAction":[{"@type":"ReadAction","target":["https:\/\/republicpalestine.com\/es\/2024\/10\/18\/los-generales-y-el-genocidio-la-batalla-por-la-existencia-en-el-norte-de-la-franja-de-gaza\/"]}]},{"@type":"ImageObject","inLanguage":"es","@id":"https:\/\/republicpalestine.com\/es\/2024\/10\/18\/los-generales-y-el-genocidio-la-batalla-por-la-existencia-en-el-norte-de-la-franja-de-gaza\/#primaryimage","url":"https:\/\/republicpalestine.com\/es\/wp-content\/uploads\/sites\/3\/2024\/10\/gaza-strip.webp","contentUrl":"https:\/\/republicpalestine.com\/es\/wp-content\/uploads\/sites\/3\/2024\/10\/gaza-strip.webp","width":1280,"height":720},{"@type":"BreadcrumbList","@id":"https:\/\/republicpalestine.com\/es\/2024\/10\/18\/los-generales-y-el-genocidio-la-batalla-por-la-existencia-en-el-norte-de-la-franja-de-gaza\/#breadcrumb","itemListElement":[{"@type":"ListItem","position":1,"name":"\u0627\u0644\u0631\u0626\u064a\u0633\u064a\u0629","item":"https:\/\/republicpalestine.com\/es\/"},{"@type":"ListItem","position":2,"name":"Los \u00abgenerales\u00bb y el genocidio: la batalla por la existencia en el norte de la Franja de Gaza"}]},{"@type":"WebSite","@id":"https:\/\/republicpalestine.com\/es\/#website","url":"https:\/\/republicpalestine.com\/es\/","name":"Rep\u00fablica de Palestina","description":"","potentialAction":[{"@type":"SearchAction","target":{"@type":"EntryPoint","urlTemplate":"https:\/\/republicpalestine.com\/es\/?s={search_term_string}"},"query-input":{"@type":"PropertyValueSpecification","valueRequired":true,"valueName":"search_term_string"}}],"inLanguage":"es"},{"@type":"Person","@id":"https:\/\/republicpalestine.com\/es\/#\/schema\/person\/a116984632a4562b5d251d19cb8e8bf3","name":"RepublicofPalestine","image":{"@type":"ImageObject","inLanguage":"es","@id":"https:\/\/republicpalestine.com\/es\/#\/schema\/person\/image\/","url":"https:\/\/secure.gravatar.com\/avatar\/13240ade82024fefe7ea06e3569c7001?s=96&d=mm&r=g","contentUrl":"https:\/\/secure.gravatar.com\/avatar\/13240ade82024fefe7ea06e3569c7001?s=96&d=mm&r=g","caption":"RepublicofPalestine"},"sameAs":["https:\/\/republicpalestine.com"],"url":"https:\/\/republicpalestine.com\/es\/author\/jmhoriaadmin\/"}]}},"_links":{"self":[{"href":"https:\/\/republicpalestine.com\/es\/wp-json\/wp\/v2\/posts\/670","targetHints":{"allow":["GET"]}}],"collection":[{"href":"https:\/\/republicpalestine.com\/es\/wp-json\/wp\/v2\/posts"}],"about":[{"href":"https:\/\/republicpalestine.com\/es\/wp-json\/wp\/v2\/types\/post"}],"author":[{"embeddable":true,"href":"https:\/\/republicpalestine.com\/es\/wp-json\/wp\/v2\/users\/1"}],"replies":[{"embeddable":true,"href":"https:\/\/republicpalestine.com\/es\/wp-json\/wp\/v2\/comments?post=670"}],"version-history":[{"count":1,"href":"https:\/\/republicpalestine.com\/es\/wp-json\/wp\/v2\/posts\/670\/revisions"}],"predecessor-version":[{"id":672,"href":"https:\/\/republicpalestine.com\/es\/wp-json\/wp\/v2\/posts\/670\/revisions\/672"}],"wp:featuredmedia":[{"embeddable":true,"href":"https:\/\/republicpalestine.com\/es\/wp-json\/wp\/v2\/media\/671"}],"wp:attachment":[{"href":"https:\/\/republicpalestine.com\/es\/wp-json\/wp\/v2\/media?parent=670"}],"wp:term":[{"taxonomy":"category","embeddable":true,"href":"https:\/\/republicpalestine.com\/es\/wp-json\/wp\/v2\/categories?post=670"},{"taxonomy":"post_tag","embeddable":true,"href":"https:\/\/republicpalestine.com\/es\/wp-json\/wp\/v2\/tags?post=670"}],"curies":[{"name":"wp","href":"https:\/\/api.w.org\/{rel}","templated":true}]}}