{"id":678,"date":"2024-11-07T13:51:56","date_gmt":"2024-11-07T10:51:56","guid":{"rendered":"https:\/\/republicpalestine.com\/es\/?p=678"},"modified":"2024-11-07T13:51:57","modified_gmt":"2024-11-07T10:51:57","slug":"ley-para-la-proteccion-de-la-vida-judia-en-alemania-para-restringir-y-sancionar-a-los-opositores-a-la-ocupacion-israeli-y-al-genocidio","status":"publish","type":"post","link":"https:\/\/republicpalestine.com\/es\/2024\/11\/07\/ley-para-la-proteccion-de-la-vida-judia-en-alemania-para-restringir-y-sancionar-a-los-opositores-a-la-ocupacion-israeli-y-al-genocidio\/","title":{"rendered":"\u00a0\u201cLey para la Protecci\u00f3n de la Vida Jud\u00eda en Alemania\u201d: Para restringir y sancionar a los opositores a la ocupaci\u00f3n israel\u00ed y al genocidio"},"content":{"rendered":"\n<p>Los partidos alemanes, incluidos los partidos de la coalici\u00f3n de gobierno y de la oposici\u00f3n, han alcanzado un consenso sobre un proyecto de ley llamado \u00abLey para la Protecci\u00f3n de la Vida Jud\u00eda en Alemania\u00bb, que tiene como objetivo endurecer las sanciones contra quienes se opongan a Israel. Seg\u00fan la revista alemana <em><strong>Der Spiegel<\/strong><\/em>, la ley prohibir\u00e1 las \u201cinstituciones antiisrael\u00edes\u201d y las actividades de boicot contra la ocupaci\u00f3n israel\u00ed, con especial \u00e9nfasis en el movimiento<strong> BDS<\/strong>. El proyecto tambi\u00e9n propone reformas en el c\u00f3digo penal y en las leyes de residencia y nacionalidad, permitiendo la revocaci\u00f3n de permisos de residencia o ciudadan\u00eda, y apunta en su pre\u00e1mbulo a los inmigrantes provenientes de Oriente Medio y el norte de \u00c1frica, adem\u00e1s de los denominados \u201cizquierdistas antiimperialistas cr\u00edticos con Israel\u201d, quienes se oponen a las pol\u00edticas de ocupaci\u00f3n israel\u00ed en Alemania.<\/p>\n\n\n\n<p>Los partidos de la coalici\u00f3n gobernante, encabezados por el canciller Olaf Scholz, discutieron durante un a\u00f1o con la oposici\u00f3n, representada por la alianza conservadora (la Uni\u00f3n Dem\u00f3crata Cristiana y la Uni\u00f3n Social Cristiana), sobre c\u00f3mo formular medidas legales y de seguridad para combatir la oposici\u00f3n a Israel, vinculando las actividades de rechazo a las acciones genocidas atribuidas al estado israel\u00ed contra el pueblo palestino con el antisemitismo, que est\u00e1 prohibido por la ley alemana.<\/p>\n\n\n\n<p>El borrador, publicado por <strong><em>Der Spiegel<\/em> <\/strong>y que se presentar\u00e1 al parlamento alem\u00e1n (Bundestag) para su aprobaci\u00f3n, incluye los siguientes puntos:<\/p>\n\n\n\n<ul class=\"wp-block-list\">\n<li><strong>Modificaciones legales<\/strong>: dirigidas a cerrar lagunas en las leyes para endurecer las sanciones penales y los procedimientos relativos al asilo, residencia y ciudadan\u00eda, contra los grupos que se consideren objetivo de la ley.<\/li>\n\n\n\n<li><strong>Prohibici\u00f3n de organizaciones<\/strong>: la nueva ley otorgar\u00e1 a las autoridades la facultad de revisar y prohibir actividades de asociaciones y organizaciones que se consideren \u00abextremistas\u00bb.<\/li>\n\n\n\n<li><strong>\u00c1mbito art\u00edstico y cultural<\/strong>: la ley pide a las autoridades locales suspender la financiaci\u00f3n de proyectos que se consideren \u00abantisemitas\u00bb en Alemania. Hace referencia a las cr\u00edticas recibidas por Israel durante el \u00faltimo Festival de Cine de Berl\u00edn en el contexto de los sucesos en Gaza, instando a que se aborden con seriedad.<\/li>\n\n\n\n<li><strong>Escuelas y universidades<\/strong>: la ley insta a que las administraciones de centros educativos y universidades adopten medidas disciplinarias contra lo que denomina \u00abataques antisemitas\u00bb, tales como la expulsi\u00f3n de estudiantes, enfatizando la necesidad de cerrar las lagunas en las leyes locales para aplicar estas sanciones.<\/li>\n<\/ul>\n\n\n\n<p>El proyecto de ley ha generado un amplio debate en la plataforma \u00abX\u00bb entre c\u00edrculos period\u00edsticos y acad\u00e9micos. Richard Probst, jefe del Departamento de Estudios sobre Oriente Medio y el Norte de \u00c1frica de la Fundaci\u00f3n Friedrich Ebert, expres\u00f3 su descontento en la red social diciendo: \u201cSer\u00e1 un d\u00eda oscuro si se aprueban estas reformas legales. Rara vez el debate toma un camino tan opaco y sin apertura al di\u00e1logo en el parlamento y las plataformas de la sociedad civil\u201d.<\/p>\n\n\n\n<p>Cabe se\u00f1alar que esta medida se produce en el contexto del continuo respaldo del gobierno alem\u00e1n a las autoridades de ocupaci\u00f3n israel\u00edes, en medio de evidencias de <strong>complicidad<\/strong> en el suministro de armas al ej\u00e9rcito de ocupaci\u00f3n para el genocidio en Gaza. De hecho, no existen razones objetivas que justifiquen la adopci\u00f3n de esta ley; m\u00e1s bien, tanto el gobierno alem\u00e1n como la oposici\u00f3n parecen alinearse con <strong>pol\u00edticas sionistas y coloniales,<\/strong> encubriendo as\u00ed<strong> los cr\u00edmenes<\/strong> cometidos por la ocupaci\u00f3n en Palestina, L\u00edbano y Yemen.<\/p>\n\n\n\n<p><\/p>\n","protected":false},"excerpt":{"rendered":"<p>Los partidos alemanes, incluidos los partidos de la coalici\u00f3n de gobierno y de la oposici\u00f3n, han alcanzado un consenso sobre un proyecto de ley llamado \u00abLey para la Protecci\u00f3n de la Vida Jud\u00eda en Alemania\u00bb, que tiene como objetivo endurecer las sanciones contra quienes se opongan a Israel. Seg\u00fan la revista alemana Der Spiegel, la ley prohibir\u00e1 las \u201cinstituciones antiisrael\u00edes\u201d y las actividades de boicot contra la ocupaci\u00f3n israel\u00ed, con especial \u00e9nfasis en el movimiento BDS. El proyecto tambi\u00e9n propone reformas en el c\u00f3digo penal y en las leyes de residencia y nacionalidad, permitiendo la revocaci\u00f3n de permisos de residencia o ciudadan\u00eda, y apunta en su pre\u00e1mbulo a los inmigrantes provenientes de Oriente Medio y el norte de \u00c1frica, adem\u00e1s de los denominados \u201cizquierdistas antiimperialistas cr\u00edticos con Israel\u201d, quienes se oponen a las pol\u00edticas de ocupaci\u00f3n israel\u00ed en Alemania. Los partidos de la coalici\u00f3n gobernante, encabezados por el canciller Olaf Scholz, discutieron durante un a\u00f1o con la oposici\u00f3n, representada por la alianza conservadora (la Uni\u00f3n Dem\u00f3crata Cristiana y la Uni\u00f3n Social Cristiana), sobre c\u00f3mo formular medidas legales y de seguridad para combatir la oposici\u00f3n a Israel, vinculando las actividades de rechazo a las acciones genocidas atribuidas al estado israel\u00ed contra &hellip;<\/p>\n","protected":false},"author":1,"featured_media":679,"comment_status":"open","ping_status":"open","sticky":false,"template":"","format":"standard","meta":{"_acf_changed":false,"_eb_attr":"","footnotes":""},"categories":[1,4,3],"tags":[25,29,34,17,26,39],"class_list":["post-678","post","type-post","status-publish","format-standard","has-post-thumbnail","hentry","category-archivo","category-diaspora-palestina","category-noticias","tag-genocidio-2","tag-imperialismo","tag-ocupacion","tag-palestina","tag-palestinalibre","tag-sur-del-libano"],"acf":[],"yoast_head":"<!-- This site is optimized with the Yoast SEO Premium plugin v22.8 (Yoast SEO v24.8.1) - https:\/\/yoast.com\/wordpress\/plugins\/seo\/ -->\n<title>\u00a0\u201cLey para la Protecci\u00f3n de la Vida Jud\u00eda en Alemania\u201d: Para restringir y sancionar a los opositores a la ocupaci\u00f3n israel\u00ed y al genocidio - Rep\u00fablica de Palestina<\/title>\n<meta name=\"description\" content=\"Los partidos alemanes, incluidos los partidos de la coalici\u00f3n de gobierno y de la oposici\u00f3n, han alcanzado un consenso sobre un proyecto de ley llamado &quot;Ley para la Protecci\u00f3n de la Vida Jud\u00eda en Alemania&quot;, que tiene como objetivo endurecer las sanciones contra quienes se opongan a Israel. Seg\u00fan la revista alemana Der Spiegel, la ley prohibir\u00e1 las \u201cinstituciones antiisrael\u00edes\u201d y las actividades de boicot contra la ocupaci\u00f3n israel\u00ed, con especial \u00e9nfasis en el movimiento BDS.\" \/>\n<meta name=\"robots\" content=\"index, follow, max-snippet:-1, max-image-preview:large, max-video-preview:-1\" \/>\n<link rel=\"canonical\" href=\"https:\/\/republicpalestine.com\/es\/2024\/11\/07\/ley-para-la-proteccion-de-la-vida-judia-en-alemania-para-restringir-y-sancionar-a-los-opositores-a-la-ocupacion-israeli-y-al-genocidio\/\" \/>\n<meta property=\"og:locale\" content=\"es_ES\" \/>\n<meta property=\"og:type\" content=\"article\" \/>\n<meta property=\"og:title\" content=\"\u00a0\u201cLey para la Protecci\u00f3n de la Vida Jud\u00eda en Alemania\u201d: Para restringir y sancionar a los opositores a la ocupaci\u00f3n israel\u00ed y al genocidio\" \/>\n<meta property=\"og:description\" content=\"Los partidos alemanes, incluidos los partidos de la coalici\u00f3n de gobierno y de la oposici\u00f3n, han alcanzado un consenso sobre un proyecto de ley llamado &quot;Ley para la Protecci\u00f3n de la Vida Jud\u00eda en Alemania&quot;, que tiene como objetivo endurecer las sanciones contra quienes se opongan a Israel. Seg\u00fan la revista alemana Der Spiegel, la ley prohibir\u00e1 las \u201cinstituciones antiisrael\u00edes\u201d y las actividades de boicot contra la ocupaci\u00f3n israel\u00ed, con especial \u00e9nfasis en el movimiento BDS.\" \/>\n<meta property=\"og:url\" content=\"https:\/\/republicpalestine.com\/es\/2024\/11\/07\/ley-para-la-proteccion-de-la-vida-judia-en-alemania-para-restringir-y-sancionar-a-los-opositores-a-la-ocupacion-israeli-y-al-genocidio\/\" \/>\n<meta property=\"og:site_name\" content=\"Rep\u00fablica de Palestina\" \/>\n<meta property=\"article:published_time\" content=\"2024-11-07T10:51:56+00:00\" \/>\n<meta property=\"article:modified_time\" content=\"2024-11-07T10:51:57+00:00\" \/>\n<meta property=\"og:image\" content=\"https:\/\/republicpalestine.com\/es\/wp-content\/uploads\/sites\/3\/2024\/11\/SOPHAY-1-730x438-1.jpg\" \/>\n\t<meta property=\"og:image:width\" content=\"730\" \/>\n\t<meta property=\"og:image:height\" content=\"438\" \/>\n\t<meta property=\"og:image:type\" content=\"image\/jpeg\" \/>\n<meta name=\"author\" content=\"RepublicofPalestine\" \/>\n<meta name=\"twitter:card\" content=\"summary_large_image\" \/>\n<meta name=\"twitter:label1\" content=\"Escrito por\" \/>\n\t<meta name=\"twitter:data1\" content=\"RepublicofPalestine\" \/>\n\t<meta name=\"twitter:label2\" content=\"Tiempo de lectura\" \/>\n\t<meta name=\"twitter:data2\" content=\"3 minutos\" \/>\n<script type=\"application\/ld+json\" class=\"yoast-schema-graph\">{\"@context\":\"https:\/\/schema.org\",\"@graph\":[{\"@type\":\"WebPage\",\"@id\":\"https:\/\/republicpalestine.com\/es\/2024\/11\/07\/ley-para-la-proteccion-de-la-vida-judia-en-alemania-para-restringir-y-sancionar-a-los-opositores-a-la-ocupacion-israeli-y-al-genocidio\/\",\"url\":\"https:\/\/republicpalestine.com\/es\/2024\/11\/07\/ley-para-la-proteccion-de-la-vida-judia-en-alemania-para-restringir-y-sancionar-a-los-opositores-a-la-ocupacion-israeli-y-al-genocidio\/\",\"name\":\"\u00a0\u201cLey para la Protecci\u00f3n de la Vida Jud\u00eda en Alemania\u201d: Para restringir y sancionar a los opositores a la ocupaci\u00f3n israel\u00ed y al genocidio - Rep\u00fablica de Palestina\",\"isPartOf\":{\"@id\":\"https:\/\/republicpalestine.com\/es\/#website\"},\"primaryImageOfPage\":{\"@id\":\"https:\/\/republicpalestine.com\/es\/2024\/11\/07\/ley-para-la-proteccion-de-la-vida-judia-en-alemania-para-restringir-y-sancionar-a-los-opositores-a-la-ocupacion-israeli-y-al-genocidio\/#primaryimage\"},\"image\":{\"@id\":\"https:\/\/republicpalestine.com\/es\/2024\/11\/07\/ley-para-la-proteccion-de-la-vida-judia-en-alemania-para-restringir-y-sancionar-a-los-opositores-a-la-ocupacion-israeli-y-al-genocidio\/#primaryimage\"},\"thumbnailUrl\":\"https:\/\/republicpalestine.com\/es\/wp-content\/uploads\/sites\/3\/2024\/11\/SOPHAY-1-730x438-1.jpg\",\"datePublished\":\"2024-11-07T10:51:56+00:00\",\"dateModified\":\"2024-11-07T10:51:57+00:00\",\"author\":{\"@id\":\"https:\/\/republicpalestine.com\/es\/#\/schema\/person\/a116984632a4562b5d251d19cb8e8bf3\"},\"description\":\"Los partidos alemanes, incluidos los partidos de la coalici\u00f3n de gobierno y de la oposici\u00f3n, han alcanzado un consenso sobre un proyecto de ley llamado \\\"Ley para la Protecci\u00f3n de la Vida Jud\u00eda en Alemania\\\", que tiene como objetivo endurecer las sanciones contra quienes se opongan a Israel. Seg\u00fan la revista alemana Der Spiegel, la ley prohibir\u00e1 las \u201cinstituciones antiisrael\u00edes\u201d y las actividades de boicot contra la ocupaci\u00f3n israel\u00ed, con especial \u00e9nfasis en el movimiento BDS.\",\"breadcrumb\":{\"@id\":\"https:\/\/republicpalestine.com\/es\/2024\/11\/07\/ley-para-la-proteccion-de-la-vida-judia-en-alemania-para-restringir-y-sancionar-a-los-opositores-a-la-ocupacion-israeli-y-al-genocidio\/#breadcrumb\"},\"inLanguage\":\"es\",\"potentialAction\":[{\"@type\":\"ReadAction\",\"target\":[\"https:\/\/republicpalestine.com\/es\/2024\/11\/07\/ley-para-la-proteccion-de-la-vida-judia-en-alemania-para-restringir-y-sancionar-a-los-opositores-a-la-ocupacion-israeli-y-al-genocidio\/\"]}]},{\"@type\":\"ImageObject\",\"inLanguage\":\"es\",\"@id\":\"https:\/\/republicpalestine.com\/es\/2024\/11\/07\/ley-para-la-proteccion-de-la-vida-judia-en-alemania-para-restringir-y-sancionar-a-los-opositores-a-la-ocupacion-israeli-y-al-genocidio\/#primaryimage\",\"url\":\"https:\/\/republicpalestine.com\/es\/wp-content\/uploads\/sites\/3\/2024\/11\/SOPHAY-1-730x438-1.jpg\",\"contentUrl\":\"https:\/\/republicpalestine.com\/es\/wp-content\/uploads\/sites\/3\/2024\/11\/SOPHAY-1-730x438-1.jpg\",\"width\":730,\"height\":438},{\"@type\":\"BreadcrumbList\",\"@id\":\"https:\/\/republicpalestine.com\/es\/2024\/11\/07\/ley-para-la-proteccion-de-la-vida-judia-en-alemania-para-restringir-y-sancionar-a-los-opositores-a-la-ocupacion-israeli-y-al-genocidio\/#breadcrumb\",\"itemListElement\":[{\"@type\":\"ListItem\",\"position\":1,\"name\":\"\u0627\u0644\u0631\u0626\u064a\u0633\u064a\u0629\",\"item\":\"https:\/\/republicpalestine.com\/es\/\"},{\"@type\":\"ListItem\",\"position\":2,\"name\":\"\u00a0\u201cLey para la Protecci\u00f3n de la Vida Jud\u00eda en Alemania\u201d: Para restringir y sancionar a los opositores a la ocupaci\u00f3n israel\u00ed y al genocidio\"}]},{\"@type\":\"WebSite\",\"@id\":\"https:\/\/republicpalestine.com\/es\/#website\",\"url\":\"https:\/\/republicpalestine.com\/es\/\",\"name\":\"Rep\u00fablica de Palestina\",\"description\":\"\",\"potentialAction\":[{\"@type\":\"SearchAction\",\"target\":{\"@type\":\"EntryPoint\",\"urlTemplate\":\"https:\/\/republicpalestine.com\/es\/?s={search_term_string}\"},\"query-input\":{\"@type\":\"PropertyValueSpecification\",\"valueRequired\":true,\"valueName\":\"search_term_string\"}}],\"inLanguage\":\"es\"},{\"@type\":\"Person\",\"@id\":\"https:\/\/republicpalestine.com\/es\/#\/schema\/person\/a116984632a4562b5d251d19cb8e8bf3\",\"name\":\"RepublicofPalestine\",\"image\":{\"@type\":\"ImageObject\",\"inLanguage\":\"es\",\"@id\":\"https:\/\/republicpalestine.com\/es\/#\/schema\/person\/image\/\",\"url\":\"https:\/\/secure.gravatar.com\/avatar\/13240ade82024fefe7ea06e3569c7001?s=96&d=mm&r=g\",\"contentUrl\":\"https:\/\/secure.gravatar.com\/avatar\/13240ade82024fefe7ea06e3569c7001?s=96&d=mm&r=g\",\"caption\":\"RepublicofPalestine\"},\"sameAs\":[\"https:\/\/republicpalestine.com\"],\"url\":\"https:\/\/republicpalestine.com\/es\/author\/jmhoriaadmin\/\"}]}<\/script>\n<!-- \/ Yoast SEO Premium plugin. -->","yoast_head_json":{"title":"\u00a0\u201cLey para la Protecci\u00f3n de la Vida Jud\u00eda en Alemania\u201d: Para restringir y sancionar a los opositores a la ocupaci\u00f3n israel\u00ed y al genocidio - Rep\u00fablica de Palestina","description":"Los partidos alemanes, incluidos los partidos de la coalici\u00f3n de gobierno y de la oposici\u00f3n, han alcanzado un consenso sobre un proyecto de ley llamado \"Ley para la Protecci\u00f3n de la Vida Jud\u00eda en Alemania\", que tiene como objetivo endurecer las sanciones contra quienes se opongan a Israel. Seg\u00fan la revista alemana Der Spiegel, la ley prohibir\u00e1 las \u201cinstituciones antiisrael\u00edes\u201d y las actividades de boicot contra la ocupaci\u00f3n israel\u00ed, con especial \u00e9nfasis en el movimiento BDS.","robots":{"index":"index","follow":"follow","max-snippet":"max-snippet:-1","max-image-preview":"max-image-preview:large","max-video-preview":"max-video-preview:-1"},"canonical":"https:\/\/republicpalestine.com\/es\/2024\/11\/07\/ley-para-la-proteccion-de-la-vida-judia-en-alemania-para-restringir-y-sancionar-a-los-opositores-a-la-ocupacion-israeli-y-al-genocidio\/","og_locale":"es_ES","og_type":"article","og_title":"\u00a0\u201cLey para la Protecci\u00f3n de la Vida Jud\u00eda en Alemania\u201d: Para restringir y sancionar a los opositores a la ocupaci\u00f3n israel\u00ed y al genocidio","og_description":"Los partidos alemanes, incluidos los partidos de la coalici\u00f3n de gobierno y de la oposici\u00f3n, han alcanzado un consenso sobre un proyecto de ley llamado \"Ley para la Protecci\u00f3n de la Vida Jud\u00eda en Alemania\", que tiene como objetivo endurecer las sanciones contra quienes se opongan a Israel. Seg\u00fan la revista alemana Der Spiegel, la ley prohibir\u00e1 las \u201cinstituciones antiisrael\u00edes\u201d y las actividades de boicot contra la ocupaci\u00f3n israel\u00ed, con especial \u00e9nfasis en el movimiento BDS.","og_url":"https:\/\/republicpalestine.com\/es\/2024\/11\/07\/ley-para-la-proteccion-de-la-vida-judia-en-alemania-para-restringir-y-sancionar-a-los-opositores-a-la-ocupacion-israeli-y-al-genocidio\/","og_site_name":"Rep\u00fablica de Palestina","article_published_time":"2024-11-07T10:51:56+00:00","article_modified_time":"2024-11-07T10:51:57+00:00","og_image":[{"width":730,"height":438,"url":"https:\/\/republicpalestine.com\/es\/wp-content\/uploads\/sites\/3\/2024\/11\/SOPHAY-1-730x438-1.jpg","type":"image\/jpeg"}],"author":"RepublicofPalestine","twitter_card":"summary_large_image","twitter_misc":{"Escrito por":"RepublicofPalestine","Tiempo de lectura":"3 minutos"},"schema":{"@context":"https:\/\/schema.org","@graph":[{"@type":"WebPage","@id":"https:\/\/republicpalestine.com\/es\/2024\/11\/07\/ley-para-la-proteccion-de-la-vida-judia-en-alemania-para-restringir-y-sancionar-a-los-opositores-a-la-ocupacion-israeli-y-al-genocidio\/","url":"https:\/\/republicpalestine.com\/es\/2024\/11\/07\/ley-para-la-proteccion-de-la-vida-judia-en-alemania-para-restringir-y-sancionar-a-los-opositores-a-la-ocupacion-israeli-y-al-genocidio\/","name":"\u00a0\u201cLey para la Protecci\u00f3n de la Vida Jud\u00eda en Alemania\u201d: Para restringir y sancionar a los opositores a la ocupaci\u00f3n israel\u00ed y al genocidio - Rep\u00fablica de Palestina","isPartOf":{"@id":"https:\/\/republicpalestine.com\/es\/#website"},"primaryImageOfPage":{"@id":"https:\/\/republicpalestine.com\/es\/2024\/11\/07\/ley-para-la-proteccion-de-la-vida-judia-en-alemania-para-restringir-y-sancionar-a-los-opositores-a-la-ocupacion-israeli-y-al-genocidio\/#primaryimage"},"image":{"@id":"https:\/\/republicpalestine.com\/es\/2024\/11\/07\/ley-para-la-proteccion-de-la-vida-judia-en-alemania-para-restringir-y-sancionar-a-los-opositores-a-la-ocupacion-israeli-y-al-genocidio\/#primaryimage"},"thumbnailUrl":"https:\/\/republicpalestine.com\/es\/wp-content\/uploads\/sites\/3\/2024\/11\/SOPHAY-1-730x438-1.jpg","datePublished":"2024-11-07T10:51:56+00:00","dateModified":"2024-11-07T10:51:57+00:00","author":{"@id":"https:\/\/republicpalestine.com\/es\/#\/schema\/person\/a116984632a4562b5d251d19cb8e8bf3"},"description":"Los partidos alemanes, incluidos los partidos de la coalici\u00f3n de gobierno y de la oposici\u00f3n, han alcanzado un consenso sobre un proyecto de ley llamado \"Ley para la Protecci\u00f3n de la Vida Jud\u00eda en Alemania\", que tiene como objetivo endurecer las sanciones contra quienes se opongan a Israel. Seg\u00fan la revista alemana Der Spiegel, la ley prohibir\u00e1 las \u201cinstituciones antiisrael\u00edes\u201d y las actividades de boicot contra la ocupaci\u00f3n israel\u00ed, con especial \u00e9nfasis en el movimiento BDS.","breadcrumb":{"@id":"https:\/\/republicpalestine.com\/es\/2024\/11\/07\/ley-para-la-proteccion-de-la-vida-judia-en-alemania-para-restringir-y-sancionar-a-los-opositores-a-la-ocupacion-israeli-y-al-genocidio\/#breadcrumb"},"inLanguage":"es","potentialAction":[{"@type":"ReadAction","target":["https:\/\/republicpalestine.com\/es\/2024\/11\/07\/ley-para-la-proteccion-de-la-vida-judia-en-alemania-para-restringir-y-sancionar-a-los-opositores-a-la-ocupacion-israeli-y-al-genocidio\/"]}]},{"@type":"ImageObject","inLanguage":"es","@id":"https:\/\/republicpalestine.com\/es\/2024\/11\/07\/ley-para-la-proteccion-de-la-vida-judia-en-alemania-para-restringir-y-sancionar-a-los-opositores-a-la-ocupacion-israeli-y-al-genocidio\/#primaryimage","url":"https:\/\/republicpalestine.com\/es\/wp-content\/uploads\/sites\/3\/2024\/11\/SOPHAY-1-730x438-1.jpg","contentUrl":"https:\/\/republicpalestine.com\/es\/wp-content\/uploads\/sites\/3\/2024\/11\/SOPHAY-1-730x438-1.jpg","width":730,"height":438},{"@type":"BreadcrumbList","@id":"https:\/\/republicpalestine.com\/es\/2024\/11\/07\/ley-para-la-proteccion-de-la-vida-judia-en-alemania-para-restringir-y-sancionar-a-los-opositores-a-la-ocupacion-israeli-y-al-genocidio\/#breadcrumb","itemListElement":[{"@type":"ListItem","position":1,"name":"\u0627\u0644\u0631\u0626\u064a\u0633\u064a\u0629","item":"https:\/\/republicpalestine.com\/es\/"},{"@type":"ListItem","position":2,"name":"\u00a0\u201cLey para la Protecci\u00f3n de la Vida Jud\u00eda en Alemania\u201d: Para restringir y sancionar a los opositores a la ocupaci\u00f3n israel\u00ed y al genocidio"}]},{"@type":"WebSite","@id":"https:\/\/republicpalestine.com\/es\/#website","url":"https:\/\/republicpalestine.com\/es\/","name":"Rep\u00fablica de Palestina","description":"","potentialAction":[{"@type":"SearchAction","target":{"@type":"EntryPoint","urlTemplate":"https:\/\/republicpalestine.com\/es\/?s={search_term_string}"},"query-input":{"@type":"PropertyValueSpecification","valueRequired":true,"valueName":"search_term_string"}}],"inLanguage":"es"},{"@type":"Person","@id":"https:\/\/republicpalestine.com\/es\/#\/schema\/person\/a116984632a4562b5d251d19cb8e8bf3","name":"RepublicofPalestine","image":{"@type":"ImageObject","inLanguage":"es","@id":"https:\/\/republicpalestine.com\/es\/#\/schema\/person\/image\/","url":"https:\/\/secure.gravatar.com\/avatar\/13240ade82024fefe7ea06e3569c7001?s=96&d=mm&r=g","contentUrl":"https:\/\/secure.gravatar.com\/avatar\/13240ade82024fefe7ea06e3569c7001?s=96&d=mm&r=g","caption":"RepublicofPalestine"},"sameAs":["https:\/\/republicpalestine.com"],"url":"https:\/\/republicpalestine.com\/es\/author\/jmhoriaadmin\/"}]}},"_links":{"self":[{"href":"https:\/\/republicpalestine.com\/es\/wp-json\/wp\/v2\/posts\/678","targetHints":{"allow":["GET"]}}],"collection":[{"href":"https:\/\/republicpalestine.com\/es\/wp-json\/wp\/v2\/posts"}],"about":[{"href":"https:\/\/republicpalestine.com\/es\/wp-json\/wp\/v2\/types\/post"}],"author":[{"embeddable":true,"href":"https:\/\/republicpalestine.com\/es\/wp-json\/wp\/v2\/users\/1"}],"replies":[{"embeddable":true,"href":"https:\/\/republicpalestine.com\/es\/wp-json\/wp\/v2\/comments?post=678"}],"version-history":[{"count":1,"href":"https:\/\/republicpalestine.com\/es\/wp-json\/wp\/v2\/posts\/678\/revisions"}],"predecessor-version":[{"id":680,"href":"https:\/\/republicpalestine.com\/es\/wp-json\/wp\/v2\/posts\/678\/revisions\/680"}],"wp:featuredmedia":[{"embeddable":true,"href":"https:\/\/republicpalestine.com\/es\/wp-json\/wp\/v2\/media\/679"}],"wp:attachment":[{"href":"https:\/\/republicpalestine.com\/es\/wp-json\/wp\/v2\/media?parent=678"}],"wp:term":[{"taxonomy":"category","embeddable":true,"href":"https:\/\/republicpalestine.com\/es\/wp-json\/wp\/v2\/categories?post=678"},{"taxonomy":"post_tag","embeddable":true,"href":"https:\/\/republicpalestine.com\/es\/wp-json\/wp\/v2\/tags?post=678"}],"curies":[{"name":"wp","href":"https:\/\/api.w.org\/{rel}","templated":true}]}}