{"id":710,"date":"2024-12-04T23:16:36","date_gmt":"2024-12-04T20:16:36","guid":{"rendered":"https:\/\/republicpalestine.com\/es\/?p=710"},"modified":"2024-12-04T23:18:23","modified_gmt":"2024-12-04T20:18:23","slug":"desde-el-7-de-octubre-47-martires-del-movimiento-cautivo-durante-el-genocidio","status":"publish","type":"post","link":"https:\/\/republicpalestine.com\/es\/2024\/12\/04\/desde-el-7-de-octubre-47-martires-del-movimiento-cautivo-durante-el-genocidio\/","title":{"rendered":"Desde el 7 de octubre: 47 m\u00e1rtires del Movimiento Cautivo Palestino durante el genocidio"},"content":{"rendered":"\n<p>El domingo primero de diciembre de 2024, las Instituciones de los cautivos (la Comisi\u00f3n de Asuntos de los cautivos y los cautivos Liberados, la Sociedad de cautivos Palestinos y la Asociaci\u00f3n Addameer de Apoyo a los cautivos y Derechos Humanos) anunciaron el martirio de dos detenidos de la Franja de Gaza: Muhammad Abd al-Rahman Huychel Idris (35 a\u00f1os) y Mu&#8217;adh Khaled Muhammad Rayan (31 a\u00f1os).<\/p>\n\n\n\n<p>Las instituciones explicaron en un comunicado conjunto que hab\u00edan sido informadas del martirio del detenido Idris a trav\u00e9s de la Autoridad de Asuntos Civiles el 29 de noviembre de 2024, en el campo de detenci\u00f3n de Ofer, mientras recib\u00edan noticias del martirio del detenido Mu\u2019adh Rayan tras mantener correspondencia con el ej\u00e9rcito de ocupaci\u00f3n para comprobar su situaci\u00f3n, y en la respuesta result\u00f3 que hab\u00eda sido martirizado el 2 de noviembre de 2024, sin revelar el lugar de su martirio.<\/p>\n\n\n\n<p>Las instituciones indicaron que el detenido Muhammad Idris, seg\u00fan su familia, no sufr\u00eda ning\u00fan problema de salud antes de su p\u00e9rdida el 25 de agosto de 2024, mientras que el detenido Rayan sufr\u00eda una par\u00e1lisis completa antes de su detenci\u00f3n el 21 de octubre de 2024. A\u00f1adi\u00f3 que el pasado mes de noviembre se anunci\u00f3 que un padre y su hijo fueron martirizados en las c\u00e1rceles de ocupaci\u00f3n, despu\u00e9s de que \u00abHaMoked\u00bb consiguiera obtener una respuesta del Tribunal Supremo de la ocupaci\u00f3n sobre sus destinos, y son: Munir Abdullah Mahmoud Al-Faqa\u2019awi (42 a\u00f1os) y su hijo Yassin Munir Al-Faqa\u2019awi (18 a\u00f1os). Con lo que <strong>el n\u00famero de m\u00e1rtires del movimiento cautivo desde el comienzo de la guerra asciende a (47) m\u00e1rtires<\/strong>, y \u00e9stos son s\u00f3lo los cautivos m\u00e1rtires cuyos datos fueron recibidos por las instituciones, mientras que la ocupaci\u00f3n sigue ocultando a decenas de detenidos de Gaza que fueron martirizados despu\u00e9s de la guerra en los campos de detenci\u00f3n de la ocupaci\u00f3n.<\/p>\n\n\n\n<p>En este contexto, las instituciones de cautivos palestinos hacen hincapi\u00e9 que la revelaci\u00f3n de m\u00e1s m\u00e1rtires entre los detenidos de Gaza, asesinados durante los \u00faltimos meses y d\u00edas, significa que <strong>la ocupaci\u00f3n sigue cometiendo cr\u00edmenes sistem\u00e1ticos de tortura<\/strong>, adem\u00e1s de cr\u00edmenes m\u00e9dicos, cr\u00edmenes de inanici\u00f3n, cr\u00edmenes de violaci\u00f3n y agresiones sexuales a varios niveles, adem\u00e1s de las ilimitadas herramientas de abuso, incluidas las continuas restricciones, y convirtiendo cada detalle de la estructura del campo de detenci\u00f3n y de la prisi\u00f3n en una herramienta de tortura, desposesi\u00f3n y privaci\u00f3n.<\/p>\n\n\n\n<p>Las instituciones tambi\u00e9n subrayan que el nivel de testimonios y datos estremecedores e impactantes que ellas est\u00e1n siguiendo, incluso despu\u00e9s de m\u00e1s de 400 d\u00edas de la guerra genocida, nos lleva diariamente a otro aspecto del genocidio, que son los continuos cr\u00edmenes contra los presos y detenidos en las prisiones y campos de detenci\u00f3n de la ocupaci\u00f3n israel\u00ed.<\/p>\n\n\n\n<p>Las instituciones se\u00f1alaron que el factor tiempo constituye el d\u00eda decisivo m\u00e1s destacado para el destino de miles de cautivos en las prisiones y campos de detenci\u00f3n de la ocupaci\u00f3n, ya que miles de cautivos y detenidos enfermos y heridos, que soportaron los procedimientos y cr\u00edmenes del sistema penitenciario al principio de la guerra, ya no pueden hacerlo hoy en d\u00eda, y sus condiciones de salud se est\u00e1n deteriorando claramente, y muchos cautivos sanos se han convertido en pacientes debido a la continua propagaci\u00f3n de epidemias, enfermedades y al crimen de inanici\u00f3n, y esto es lo que vemos a diario, ya sea a trav\u00e9s de las visitas o de los tribunales. Las instituciones se\u00f1alaron que la continuaci\u00f3n de las condiciones catastr\u00f3ficas a las que se enfrentan los prisioneros, incluidos los enfermos y heridos en particular, seguramente conducir\u00e1 al martirio de m\u00e1s cautivos en las c\u00e1rceles y campos de detenci\u00f3n de la ocupaci\u00f3n, ya que las instituciones competentes ya no tienen la capacidad de contar el n\u00famero de pacientes en las c\u00e1rceles debido al brote de enfermedades entre sus filas, y la detenci\u00f3n de m\u00e1s heridos.<\/p>\n\n\n\n<p>El n\u00famero de m\u00e1rtires, cautivos y detenidos es hist\u00f3ricamente el m\u00e1s elevado en comparaci\u00f3n con las etapas en que Palestina fue testigo de levantamientos y sublevaciones populares hist\u00f3ricas. Las instituciones tambi\u00e9n se\u00f1alaron una cuesti\u00f3n importante, que es la manipulaci\u00f3n deliberada por parte del ej\u00e9rcito de ocupaci\u00f3n de las respuestas a la correspondencia de las instituciones competentes, y esta cuesti\u00f3n se ha repetido en muchos casos, ya que el ej\u00e9rcito de ocupaci\u00f3n responde deliberadamente en algunos casos que no hay informaci\u00f3n sobre el detenido o que no est\u00e1 disponible, s\u00f3lo para descubrir m\u00e1s tarde en otra respuesta que est\u00e1 detenido, o que fue martirizado, y el \u00faltimo de estos casos fue el de los dos m\u00e1rtires Al-Faqa\u2019wi, en el que la primera respuesta del ej\u00e9rcito fue que no estaban en la c\u00e1rcel, y tras gestiones legales se descubri\u00f3 que hab\u00edan sido martirizados.<\/p>\n\n\n\n<p>Las instituciones responsabilizaron plenamente a la ocupaci\u00f3n por su martirio, a\u00f1adiendo estos cr\u00edmenes al historial de los cr\u00edmenes de la ocupaci\u00f3n durante muchas d\u00e9cadas, que alcanzaron su punto m\u00e1ximo con la continuaci\u00f3n de la guerra genocida contra nuestro pueblo en Gaza, que constituye la etapa m\u00e1s sangrienta de la historia de nuestra larga lucha contra la ocupaci\u00f3n. Las instituciones indicaron que con el martirio de los detenidos Idris y Rayan, el<strong> n\u00famero de cautivos m\u00e1rtires cuyas identidades se conocen desde 1967 ha ascendido a (284<\/strong>), adem\u00e1s de decenas de prisioneros m\u00e1rtires cuyas identidades y circunstancias de su martirio siguen siendo ocultadas por la ocupaci\u00f3n, y otros detenidos que fueron ejecutados, y del n\u00famero total de m\u00e1rtires del movimiento cautivo, el n\u00famero de cautivos m\u00e1rtires despu\u00e9s del 7 de octubre ascendi\u00f3 a (47), cuyas identidades han sido anunciadas por las instituciones competentes<\/p>\n\n\n\n<p>Las instituciones renovaron su llamamiento al sistema internacional de derechos humanos para que avance en la adopci\u00f3n de decisiones efectivas para <strong>responsabilizar a los dirigentes de la ocupaci\u00f3n<\/strong> por los cr\u00edmenes de guerra que siguen cometiendo contra nuestro pueblo, e <strong>imponer sanciones a la ocupaci\u00f3n<\/strong> que la coloquen en un estado de aislamiento internacional, restituya al sistema de derechos humanos la funci\u00f3n b\u00e1sica para la que fue creado, ponga fin al aterrador estado de indefensi\u00f3n que lo ha afectado a la luz de la guerra genocida, y acabe con el estado de impunidad excepcional concedido por los antiguos pa\u00edses coloniales al estado ocupante Israel como que est\u00e1 encima de la rendici\u00f3n de cuentas, la responsabilizaci\u00f3n y el castigo.<\/p>\n\n\n\n<p>El n\u00famero de cautivos en las c\u00e1rceles de ocupaci\u00f3n reconocidos por la administraci\u00f3n penitenciaria de la ocupaci\u00f3n hasta principios de noviembre supera los 10.200, mientras sigue imponiendo el delito de desaparici\u00f3n forzada contra cientos de detenidos de Gaza en los campos de detenci\u00f3n del ej\u00e9rcito de ocupaci\u00f3n. Entre los cautivos hay (90) mujeres cautivas, al menos (270) ni\u00f1os, y (3443) detenidos administrativos, entre ellos (28) mujeres y (100) ni\u00f1os.<\/p>\n","protected":false},"excerpt":{"rendered":"<p>El domingo primero de diciembre de 2024, las Instituciones de los cautivos (la Comisi\u00f3n de Asuntos de los cautivos y los cautivos Liberados, la Sociedad de cautivos Palestinos y la Asociaci\u00f3n Addameer de Apoyo a los cautivos y Derechos Humanos) anunciaron el martirio de dos detenidos de la Franja de Gaza: Muhammad Abd al-Rahman Huychel Idris (35 a\u00f1os) y Mu&#8217;adh Khaled Muhammad Rayan (31 a\u00f1os). Las instituciones explicaron en un comunicado conjunto que hab\u00edan sido informadas del martirio del detenido Idris a trav\u00e9s de la Autoridad de Asuntos Civiles el 29 de noviembre de 2024, en el campo de detenci\u00f3n de Ofer, mientras recib\u00edan noticias del martirio del detenido Mu\u2019adh Rayan tras mantener correspondencia con el ej\u00e9rcito de ocupaci\u00f3n para comprobar su situaci\u00f3n, y en la respuesta result\u00f3 que hab\u00eda sido martirizado el 2 de noviembre de 2024, sin revelar el lugar de su martirio. Las instituciones indicaron que el detenido Muhammad Idris, seg\u00fan su familia, no sufr\u00eda ning\u00fan problema de salud antes de su p\u00e9rdida el 25 de agosto de 2024, mientras que el detenido Rayan sufr\u00eda una par\u00e1lisis completa antes de su detenci\u00f3n el 21 de octubre de 2024. A\u00f1adi\u00f3 que el pasado mes de noviembre se anunci\u00f3 &hellip;<\/p>\n","protected":false},"author":1,"featured_media":711,"comment_status":"open","ping_status":"open","sticky":false,"template":"","format":"standard","meta":{"_acf_changed":false,"_eb_attr":"","footnotes":""},"categories":[1,3],"tags":[18,25,34,17],"class_list":["post-710","post","type-post","status-publish","format-standard","has-post-thumbnail","hentry","category-archivo","category-noticias","tag-gaza","tag-genocidio-2","tag-ocupacion","tag-palestina"],"acf":[],"yoast_head":"<!-- This site is optimized with the Yoast SEO Premium plugin v22.8 (Yoast SEO v24.8.1) - https:\/\/yoast.com\/wordpress\/plugins\/seo\/ -->\n<title>Desde el 7 de octubre: 47 m\u00e1rtires del Movimiento Cautivo Palestino durante el genocidio - Rep\u00fablica de Palestina<\/title>\n<meta name=\"robots\" content=\"index, follow, max-snippet:-1, max-image-preview:large, max-video-preview:-1\" \/>\n<link rel=\"canonical\" href=\"https:\/\/republicpalestine.com\/es\/2024\/12\/04\/desde-el-7-de-octubre-47-martires-del-movimiento-cautivo-durante-el-genocidio\/\" \/>\n<meta property=\"og:locale\" content=\"es_ES\" \/>\n<meta property=\"og:type\" content=\"article\" \/>\n<meta property=\"og:title\" content=\"Desde el 7 de octubre: 47 m\u00e1rtires del Movimiento Cautivo Palestino durante el genocidio\" \/>\n<meta property=\"og:description\" content=\"El domingo primero de diciembre de 2024, las Instituciones de los cautivos (la Comisi\u00f3n de Asuntos de los cautivos y los cautivos Liberados, la Sociedad de cautivos Palestinos y la Asociaci\u00f3n Addameer de Apoyo a los cautivos y Derechos Humanos) anunciaron el martirio de dos detenidos de la Franja de Gaza: Muhammad Abd al-Rahman Huychel Idris (35 a\u00f1os) y Mu&#8217;adh Khaled Muhammad Rayan (31 a\u00f1os). Las instituciones explicaron en un comunicado conjunto que hab\u00edan sido informadas del martirio del detenido Idris a trav\u00e9s de la Autoridad de Asuntos Civiles el 29 de noviembre de 2024, en el campo de detenci\u00f3n de Ofer, mientras recib\u00edan noticias del martirio del detenido Mu\u2019adh Rayan tras mantener correspondencia con el ej\u00e9rcito de ocupaci\u00f3n para comprobar su situaci\u00f3n, y en la respuesta result\u00f3 que hab\u00eda sido martirizado el 2 de noviembre de 2024, sin revelar el lugar de su martirio. Las instituciones indicaron que el detenido Muhammad Idris, seg\u00fan su familia, no sufr\u00eda ning\u00fan problema de salud antes de su p\u00e9rdida el 25 de agosto de 2024, mientras que el detenido Rayan sufr\u00eda una par\u00e1lisis completa antes de su detenci\u00f3n el 21 de octubre de 2024. A\u00f1adi\u00f3 que el pasado mes de noviembre se anunci\u00f3 &hellip;\" \/>\n<meta property=\"og:url\" content=\"https:\/\/republicpalestine.com\/es\/2024\/12\/04\/desde-el-7-de-octubre-47-martires-del-movimiento-cautivo-durante-el-genocidio\/\" \/>\n<meta property=\"og:site_name\" content=\"Rep\u00fablica de Palestina\" \/>\n<meta property=\"article:published_time\" content=\"2024-12-04T20:16:36+00:00\" \/>\n<meta property=\"article:modified_time\" content=\"2024-12-04T20:18:23+00:00\" \/>\n<meta property=\"og:image\" content=\"https:\/\/republicpalestine.com\/es\/wp-content\/uploads\/sites\/3\/2024\/12\/palestina.jpg\" \/>\n\t<meta property=\"og:image:width\" content=\"730\" \/>\n\t<meta property=\"og:image:height\" content=\"438\" \/>\n\t<meta property=\"og:image:type\" content=\"image\/jpeg\" \/>\n<meta name=\"author\" content=\"RepublicofPalestine\" \/>\n<meta name=\"twitter:card\" content=\"summary_large_image\" \/>\n<meta name=\"twitter:label1\" content=\"Escrito por\" \/>\n\t<meta name=\"twitter:data1\" content=\"RepublicofPalestine\" \/>\n\t<meta name=\"twitter:label2\" content=\"Tiempo de lectura\" \/>\n\t<meta name=\"twitter:data2\" content=\"6 minutos\" \/>\n<script type=\"application\/ld+json\" class=\"yoast-schema-graph\">{\"@context\":\"https:\/\/schema.org\",\"@graph\":[{\"@type\":\"WebPage\",\"@id\":\"https:\/\/republicpalestine.com\/es\/2024\/12\/04\/desde-el-7-de-octubre-47-martires-del-movimiento-cautivo-durante-el-genocidio\/\",\"url\":\"https:\/\/republicpalestine.com\/es\/2024\/12\/04\/desde-el-7-de-octubre-47-martires-del-movimiento-cautivo-durante-el-genocidio\/\",\"name\":\"Desde el 7 de octubre: 47 m\u00e1rtires del Movimiento Cautivo Palestino durante el genocidio - Rep\u00fablica de Palestina\",\"isPartOf\":{\"@id\":\"https:\/\/republicpalestine.com\/es\/#website\"},\"primaryImageOfPage\":{\"@id\":\"https:\/\/republicpalestine.com\/es\/2024\/12\/04\/desde-el-7-de-octubre-47-martires-del-movimiento-cautivo-durante-el-genocidio\/#primaryimage\"},\"image\":{\"@id\":\"https:\/\/republicpalestine.com\/es\/2024\/12\/04\/desde-el-7-de-octubre-47-martires-del-movimiento-cautivo-durante-el-genocidio\/#primaryimage\"},\"thumbnailUrl\":\"https:\/\/republicpalestine.com\/es\/wp-content\/uploads\/sites\/3\/2024\/12\/palestina.jpg\",\"datePublished\":\"2024-12-04T20:16:36+00:00\",\"dateModified\":\"2024-12-04T20:18:23+00:00\",\"author\":{\"@id\":\"https:\/\/republicpalestine.com\/es\/#\/schema\/person\/a116984632a4562b5d251d19cb8e8bf3\"},\"breadcrumb\":{\"@id\":\"https:\/\/republicpalestine.com\/es\/2024\/12\/04\/desde-el-7-de-octubre-47-martires-del-movimiento-cautivo-durante-el-genocidio\/#breadcrumb\"},\"inLanguage\":\"es\",\"potentialAction\":[{\"@type\":\"ReadAction\",\"target\":[\"https:\/\/republicpalestine.com\/es\/2024\/12\/04\/desde-el-7-de-octubre-47-martires-del-movimiento-cautivo-durante-el-genocidio\/\"]}]},{\"@type\":\"ImageObject\",\"inLanguage\":\"es\",\"@id\":\"https:\/\/republicpalestine.com\/es\/2024\/12\/04\/desde-el-7-de-octubre-47-martires-del-movimiento-cautivo-durante-el-genocidio\/#primaryimage\",\"url\":\"https:\/\/republicpalestine.com\/es\/wp-content\/uploads\/sites\/3\/2024\/12\/palestina.jpg\",\"contentUrl\":\"https:\/\/republicpalestine.com\/es\/wp-content\/uploads\/sites\/3\/2024\/12\/palestina.jpg\",\"width\":730,\"height\":438},{\"@type\":\"BreadcrumbList\",\"@id\":\"https:\/\/republicpalestine.com\/es\/2024\/12\/04\/desde-el-7-de-octubre-47-martires-del-movimiento-cautivo-durante-el-genocidio\/#breadcrumb\",\"itemListElement\":[{\"@type\":\"ListItem\",\"position\":1,\"name\":\"\u0627\u0644\u0631\u0626\u064a\u0633\u064a\u0629\",\"item\":\"https:\/\/republicpalestine.com\/es\/\"},{\"@type\":\"ListItem\",\"position\":2,\"name\":\"Desde el 7 de octubre: 47 m\u00e1rtires del Movimiento Cautivo Palestino durante el genocidio\"}]},{\"@type\":\"WebSite\",\"@id\":\"https:\/\/republicpalestine.com\/es\/#website\",\"url\":\"https:\/\/republicpalestine.com\/es\/\",\"name\":\"Rep\u00fablica de Palestina\",\"description\":\"\",\"potentialAction\":[{\"@type\":\"SearchAction\",\"target\":{\"@type\":\"EntryPoint\",\"urlTemplate\":\"https:\/\/republicpalestine.com\/es\/?s={search_term_string}\"},\"query-input\":{\"@type\":\"PropertyValueSpecification\",\"valueRequired\":true,\"valueName\":\"search_term_string\"}}],\"inLanguage\":\"es\"},{\"@type\":\"Person\",\"@id\":\"https:\/\/republicpalestine.com\/es\/#\/schema\/person\/a116984632a4562b5d251d19cb8e8bf3\",\"name\":\"RepublicofPalestine\",\"image\":{\"@type\":\"ImageObject\",\"inLanguage\":\"es\",\"@id\":\"https:\/\/republicpalestine.com\/es\/#\/schema\/person\/image\/\",\"url\":\"https:\/\/secure.gravatar.com\/avatar\/13240ade82024fefe7ea06e3569c7001?s=96&d=mm&r=g\",\"contentUrl\":\"https:\/\/secure.gravatar.com\/avatar\/13240ade82024fefe7ea06e3569c7001?s=96&d=mm&r=g\",\"caption\":\"RepublicofPalestine\"},\"sameAs\":[\"https:\/\/republicpalestine.com\"],\"url\":\"https:\/\/republicpalestine.com\/es\/author\/jmhoriaadmin\/\"}]}<\/script>\n<!-- \/ Yoast SEO Premium plugin. -->","yoast_head_json":{"title":"Desde el 7 de octubre: 47 m\u00e1rtires del Movimiento Cautivo Palestino durante el genocidio - Rep\u00fablica de Palestina","robots":{"index":"index","follow":"follow","max-snippet":"max-snippet:-1","max-image-preview":"max-image-preview:large","max-video-preview":"max-video-preview:-1"},"canonical":"https:\/\/republicpalestine.com\/es\/2024\/12\/04\/desde-el-7-de-octubre-47-martires-del-movimiento-cautivo-durante-el-genocidio\/","og_locale":"es_ES","og_type":"article","og_title":"Desde el 7 de octubre: 47 m\u00e1rtires del Movimiento Cautivo Palestino durante el genocidio","og_description":"El domingo primero de diciembre de 2024, las Instituciones de los cautivos (la Comisi\u00f3n de Asuntos de los cautivos y los cautivos Liberados, la Sociedad de cautivos Palestinos y la Asociaci\u00f3n Addameer de Apoyo a los cautivos y Derechos Humanos) anunciaron el martirio de dos detenidos de la Franja de Gaza: Muhammad Abd al-Rahman Huychel Idris (35 a\u00f1os) y Mu&#8217;adh Khaled Muhammad Rayan (31 a\u00f1os). Las instituciones explicaron en un comunicado conjunto que hab\u00edan sido informadas del martirio del detenido Idris a trav\u00e9s de la Autoridad de Asuntos Civiles el 29 de noviembre de 2024, en el campo de detenci\u00f3n de Ofer, mientras recib\u00edan noticias del martirio del detenido Mu\u2019adh Rayan tras mantener correspondencia con el ej\u00e9rcito de ocupaci\u00f3n para comprobar su situaci\u00f3n, y en la respuesta result\u00f3 que hab\u00eda sido martirizado el 2 de noviembre de 2024, sin revelar el lugar de su martirio. Las instituciones indicaron que el detenido Muhammad Idris, seg\u00fan su familia, no sufr\u00eda ning\u00fan problema de salud antes de su p\u00e9rdida el 25 de agosto de 2024, mientras que el detenido Rayan sufr\u00eda una par\u00e1lisis completa antes de su detenci\u00f3n el 21 de octubre de 2024. A\u00f1adi\u00f3 que el pasado mes de noviembre se anunci\u00f3 &hellip;","og_url":"https:\/\/republicpalestine.com\/es\/2024\/12\/04\/desde-el-7-de-octubre-47-martires-del-movimiento-cautivo-durante-el-genocidio\/","og_site_name":"Rep\u00fablica de Palestina","article_published_time":"2024-12-04T20:16:36+00:00","article_modified_time":"2024-12-04T20:18:23+00:00","og_image":[{"width":730,"height":438,"url":"https:\/\/republicpalestine.com\/es\/wp-content\/uploads\/sites\/3\/2024\/12\/palestina.jpg","type":"image\/jpeg"}],"author":"RepublicofPalestine","twitter_card":"summary_large_image","twitter_misc":{"Escrito por":"RepublicofPalestine","Tiempo de lectura":"6 minutos"},"schema":{"@context":"https:\/\/schema.org","@graph":[{"@type":"WebPage","@id":"https:\/\/republicpalestine.com\/es\/2024\/12\/04\/desde-el-7-de-octubre-47-martires-del-movimiento-cautivo-durante-el-genocidio\/","url":"https:\/\/republicpalestine.com\/es\/2024\/12\/04\/desde-el-7-de-octubre-47-martires-del-movimiento-cautivo-durante-el-genocidio\/","name":"Desde el 7 de octubre: 47 m\u00e1rtires del Movimiento Cautivo Palestino durante el genocidio - Rep\u00fablica de Palestina","isPartOf":{"@id":"https:\/\/republicpalestine.com\/es\/#website"},"primaryImageOfPage":{"@id":"https:\/\/republicpalestine.com\/es\/2024\/12\/04\/desde-el-7-de-octubre-47-martires-del-movimiento-cautivo-durante-el-genocidio\/#primaryimage"},"image":{"@id":"https:\/\/republicpalestine.com\/es\/2024\/12\/04\/desde-el-7-de-octubre-47-martires-del-movimiento-cautivo-durante-el-genocidio\/#primaryimage"},"thumbnailUrl":"https:\/\/republicpalestine.com\/es\/wp-content\/uploads\/sites\/3\/2024\/12\/palestina.jpg","datePublished":"2024-12-04T20:16:36+00:00","dateModified":"2024-12-04T20:18:23+00:00","author":{"@id":"https:\/\/republicpalestine.com\/es\/#\/schema\/person\/a116984632a4562b5d251d19cb8e8bf3"},"breadcrumb":{"@id":"https:\/\/republicpalestine.com\/es\/2024\/12\/04\/desde-el-7-de-octubre-47-martires-del-movimiento-cautivo-durante-el-genocidio\/#breadcrumb"},"inLanguage":"es","potentialAction":[{"@type":"ReadAction","target":["https:\/\/republicpalestine.com\/es\/2024\/12\/04\/desde-el-7-de-octubre-47-martires-del-movimiento-cautivo-durante-el-genocidio\/"]}]},{"@type":"ImageObject","inLanguage":"es","@id":"https:\/\/republicpalestine.com\/es\/2024\/12\/04\/desde-el-7-de-octubre-47-martires-del-movimiento-cautivo-durante-el-genocidio\/#primaryimage","url":"https:\/\/republicpalestine.com\/es\/wp-content\/uploads\/sites\/3\/2024\/12\/palestina.jpg","contentUrl":"https:\/\/republicpalestine.com\/es\/wp-content\/uploads\/sites\/3\/2024\/12\/palestina.jpg","width":730,"height":438},{"@type":"BreadcrumbList","@id":"https:\/\/republicpalestine.com\/es\/2024\/12\/04\/desde-el-7-de-octubre-47-martires-del-movimiento-cautivo-durante-el-genocidio\/#breadcrumb","itemListElement":[{"@type":"ListItem","position":1,"name":"\u0627\u0644\u0631\u0626\u064a\u0633\u064a\u0629","item":"https:\/\/republicpalestine.com\/es\/"},{"@type":"ListItem","position":2,"name":"Desde el 7 de octubre: 47 m\u00e1rtires del Movimiento Cautivo Palestino durante el genocidio"}]},{"@type":"WebSite","@id":"https:\/\/republicpalestine.com\/es\/#website","url":"https:\/\/republicpalestine.com\/es\/","name":"Rep\u00fablica de Palestina","description":"","potentialAction":[{"@type":"SearchAction","target":{"@type":"EntryPoint","urlTemplate":"https:\/\/republicpalestine.com\/es\/?s={search_term_string}"},"query-input":{"@type":"PropertyValueSpecification","valueRequired":true,"valueName":"search_term_string"}}],"inLanguage":"es"},{"@type":"Person","@id":"https:\/\/republicpalestine.com\/es\/#\/schema\/person\/a116984632a4562b5d251d19cb8e8bf3","name":"RepublicofPalestine","image":{"@type":"ImageObject","inLanguage":"es","@id":"https:\/\/republicpalestine.com\/es\/#\/schema\/person\/image\/","url":"https:\/\/secure.gravatar.com\/avatar\/13240ade82024fefe7ea06e3569c7001?s=96&d=mm&r=g","contentUrl":"https:\/\/secure.gravatar.com\/avatar\/13240ade82024fefe7ea06e3569c7001?s=96&d=mm&r=g","caption":"RepublicofPalestine"},"sameAs":["https:\/\/republicpalestine.com"],"url":"https:\/\/republicpalestine.com\/es\/author\/jmhoriaadmin\/"}]}},"_links":{"self":[{"href":"https:\/\/republicpalestine.com\/es\/wp-json\/wp\/v2\/posts\/710","targetHints":{"allow":["GET"]}}],"collection":[{"href":"https:\/\/republicpalestine.com\/es\/wp-json\/wp\/v2\/posts"}],"about":[{"href":"https:\/\/republicpalestine.com\/es\/wp-json\/wp\/v2\/types\/post"}],"author":[{"embeddable":true,"href":"https:\/\/republicpalestine.com\/es\/wp-json\/wp\/v2\/users\/1"}],"replies":[{"embeddable":true,"href":"https:\/\/republicpalestine.com\/es\/wp-json\/wp\/v2\/comments?post=710"}],"version-history":[{"count":2,"href":"https:\/\/republicpalestine.com\/es\/wp-json\/wp\/v2\/posts\/710\/revisions"}],"predecessor-version":[{"id":713,"href":"https:\/\/republicpalestine.com\/es\/wp-json\/wp\/v2\/posts\/710\/revisions\/713"}],"wp:featuredmedia":[{"embeddable":true,"href":"https:\/\/republicpalestine.com\/es\/wp-json\/wp\/v2\/media\/711"}],"wp:attachment":[{"href":"https:\/\/republicpalestine.com\/es\/wp-json\/wp\/v2\/media?parent=710"}],"wp:term":[{"taxonomy":"category","embeddable":true,"href":"https:\/\/republicpalestine.com\/es\/wp-json\/wp\/v2\/categories?post=710"},{"taxonomy":"post_tag","embeddable":true,"href":"https:\/\/republicpalestine.com\/es\/wp-json\/wp\/v2\/tags?post=710"}],"curies":[{"name":"wp","href":"https:\/\/api.w.org\/{rel}","templated":true}]}}