{"id":714,"date":"2024-12-06T15:44:05","date_gmt":"2024-12-06T12:44:05","guid":{"rendered":"https:\/\/republicpalestine.com\/es\/?p=714"},"modified":"2024-12-06T15:46:52","modified_gmt":"2024-12-06T12:46:52","slug":"sobre-el-acuerdo-en-el-libano-y-el-frente-de-apoyo","status":"publish","type":"post","link":"https:\/\/republicpalestine.com\/es\/2024\/12\/06\/sobre-el-acuerdo-en-el-libano-y-el-frente-de-apoyo\/","title":{"rendered":"Sobre el acuerdo en el L\u00edbano y el frente de apoyo"},"content":{"rendered":"\n<p><strong>Por: Wissam Rafidi <\/strong><\/p>\n\n\n\n<p class=\"has-medium-font-size\">En el momento de escribir este art\u00edculo, en la ma\u00f1ana en que entr\u00f3 en vigor el alto el fuego en el L\u00edbano, si la campa\u00f1a contra Hezbol\u00e1 y la resistencia libanesa no ha comenzado, tardar\u00e1 horas en hacerlo, y puede decirse que ya antes de que se anunciara el acuerdo se empezaron a vislumbrar los signos de la misma.<\/p>\n\n\n\n<p class=\"has-medium-font-size\">La campa\u00f1a ser\u00e1 lanzada por fuerzas sectarias que ven a los chi\u00edes y a Ir\u00e1n como sus enemigos, no contra el proyecto sionista y el Estado genocida. Se trata de periodistas que trabajan para peri\u00f3dicos y medios de comunicaci\u00f3n satelitales cuya posici\u00f3n es conocida desde el primer d\u00eda de la Batalla del Diluvio, una posici\u00f3n de hostilidad hacia la resistencia y de promoci\u00f3n de los posicionamientos a favor de la ocupaci\u00f3n. Es probable que su campa\u00f1a se base en varios ejes, el m\u00e1s importante de los cuales es que Hezbol\u00e1 vendi\u00f3 a la resistencia palestina al aceptar el acuerdo sin mencionar Gaza, ya que siempre ha hecho hincapi\u00e9 en la conexi\u00f3n entre los dos frentes, por lo que esas fuerzas sectarias con esos medios de comunicaci\u00f3n seguir\u00e1n afirmando, como hac\u00edan antes del 7 de octubre, que el eje de la resistencia ha llegado a su fin y con \u00e9l la unidad de los frentes.<\/p>\n\n\n\n<p class=\"has-medium-font-size\">Para quienes siguieron el curso de los di\u00e1logos, las filtraciones e incluso los tres discursos del primer secretario de Hezbol\u00e1, Naim Qassem, estaba claro que Gaza no formar\u00eda parte del acuerdo, y quiz\u00e1s tambi\u00e9n los discursos y algunas declaraciones procedentes de distintas partes llevan a formarse una suerte de conjetura de que en paralelo se estaban llevando a cabo segundas negociaciones relacionadas con Gaza sin que se anunciara su vinculaci\u00f3n con las negociaciones sobre L\u00edbano. Se trata solo de conjeturas, que desde luego no alcanzan el nivel de informaci\u00f3n objetiva en la que basarse. Lo cierto es que se firm\u00f3 un acuerdo sin abordar el tema de Gaza, y hay que tratar de basarse en esto e intentar comprender qu\u00e9 hay detr\u00e1s de este hecho: \u00bfHa \u201cvendido\u201d la resistencia libanesa a Gaza, o desde el pasado septiembre se han desarrollado circunstancias pol\u00edticas y sobre el terreno que no han permitido que se plantee el tema de Gaza, o, por \u00faltimo, hay algo que no se ha anunciado relacionado con Gaza?<\/p>\n\n\n\n<p class=\"has-medium-font-size\">Para entrar en el debate sobre esta cuesti\u00f3n, basta recordar lo que se pueden considerar hechos concretos que emergen con el anuncio de la firma:<\/p>\n\n\n\n<p class=\"has-medium-font-size\"><strong>En primer lugar<\/strong>, si la entidad poderosa del Estado sionista genocida no vence, se considerar\u00e1 derrotada, y esto es lo que expresa el resultado de la reciente encuesta p\u00fablica israel\u00ed que indica que el 69 % de la poblaci\u00f3n israel\u00ed cree que Israel no ha derrotado a Hezbol\u00e1, o, seg\u00fan otra lectura de los datos estad\u00edsticos, que el 69 % de los israel\u00edes cree que Israel ha sido derrotado en la medida en que no ha derrotado a Hezbol\u00e1, y por lo tanto el partido ha vencido. Ese resultado, junto con las declaraciones de numerosos funcionarios de ciudades y asentamientos, e incluso el discurso evasivo por excelencia de Netanyahu, sin tener en cuenta las declaraciones de figuras de la oposici\u00f3n, que solo son intentos de ganar protagonismo, confirman sin lugar a dudas que el Estado genocida est\u00e1 fracasando y est\u00e1 experimentando una derrota con todas sus repercusiones futuras, que ser\u00e1n numerosas e importantes, como lo fueron las repercusiones de la incursi\u00f3n del 7 de octubre y la heroica resistencia en Gaza desde hace 14 meses.<\/p>\n\n\n\n<p class=\"has-medium-font-size\"><strong>En segundo lugar<\/strong>, si bien analistas, periodistas y pol\u00edticos podr\u00e1n analizar las razones por las que el Estado genocida acept\u00f3 el alto el fuego y sacar sus conclusiones, se puede considerar que la raz\u00f3n principal ha sido su derrota manifiesta en la guerra por tierra contra el L\u00edbano, concretamente en las recientes batallas en Khiam, Kfar Kila, Shamaa y Bayadieh (la \u00faltima de las cuales envi\u00f3 a casa al comandante de la Brigada Golani), as\u00ed como una serie de ataques con misiles contra lugares estrat\u00e9gicos clave, entre los que destaca la residencia de Netanyahu, un peligroso precedente moral y pol\u00edtico en la historia de la lucha contra la ocupaci\u00f3n que nunca antes se hab\u00eda producido, y el ataque con un misil contra el cuartel general del comandante de la Fuerza A\u00e9rea, reivindicado por Hezbol\u00e1 el pasado martes por la noche. La ofensiva con unos 320 misiles durante el d\u00eda y la noche del pasado domingo lanz\u00f3 quiz\u00e1s el mensaje m\u00e1s importante al Estado genocida: sabemos c\u00f3mo negociar, imponer nuestras condiciones y hacer que cedan. La sucesi\u00f3n de concesiones en las condiciones y exigencias sionistas hasta el momento de la firma sugiere que detr\u00e1s de ellas est\u00e1n el campo de batalla, los combatientes de la resistencia y sus logros.<\/p>\n\n\n\n<p class=\"has-medium-font-size\">El anuncio del Estado genocida sobre la destrucci\u00f3n del 80 % del arsenal de misiles de Hezbol\u00e1 ha quedado atr\u00e1s como propaganda fallida, al mismo tiempo que se ha confirmado que los ataques con buscapersonas y el asesinato del Secretario General, el \u201cS\u00edmbolo de los M\u00e1rtires\u201d, as\u00ed como de la c\u00fapula militar, ya no tienen ning\u00fan impacto en el partido, que ha recuperado sus capacidades sobre el terreno en un per\u00edodo de tiempo excepcional. Pese a las promesas de que Hezbol\u00e1 ser\u00eda derrotado, como declar\u00f3 el infantil de Netanyahu, ministro de guerra de Israel, de que Hezbol\u00e1 ser\u00eda desarmado, o de que se cambiar\u00eda el sistema pol\u00edtico liban\u00e9s, solo se ha logrado la aplicaci\u00f3n de la resoluci\u00f3n 1701, que Hezbol\u00e1 ya hab\u00eda aceptado en 2006.<\/p>\n\n\n\n<p class=\"has-medium-font-size\"><strong>En tercer lugar<\/strong>, conviene recordar que quienes van a lanzar la campa\u00f1a de descr\u00e9dito y ataque contra el acuerdo y Hezbol\u00e1, incluidos pol\u00edticos, sectarios, medios de comunicaci\u00f3n y reg\u00edmenes subordinados, como los cuadros de las Falanges y las Fuerzas Libanesas, no han derramado ni una sola gota de sangre, ni han aportado una sola bala en la historia de la lucha contra el monstruo sionista y sus aliados occidentales, mientras que Hezbol\u00e1 ha brindado miles de combatientes entre m\u00e1rtires y heridos (solo el ataque con buscapersonas caus\u00f3 4.000 bajas entre los combatientes y miembros del partido) sacrificados por apoyar a Gaza y defender el L\u00edbano. Como resultado de la agresi\u00f3n sionista en respuesta a la postura adoptada por Hezbol\u00e1, 1.400.000 libaneses fueron desplazados y cientos de casas e instalaciones fueron destruidas en el sur, Dahiya, Tiro y Sid\u00f3n. Adem\u00e1s, Hezbol\u00e1 ha ofrecido a sus principales l\u00edderes militares, incluido el Secretario General, el \u201cSe\u00f1or de los m\u00e1rtires, Hassan Nasral\u00e1\u201d [el l\u00edder Nasral\u00e1 representa un s\u00edmbolo de la resistencia contra la ocupaci\u00f3n sionista y se considera a nivel internacional una figura antiimperialista].<\/p>\n\n\n\n<p class=\"has-medium-font-size\"><strong>En cuarto lugar<\/strong>, el intento de hacer estallar la situaci\u00f3n interna libanesa en contra de Hezbol\u00e1 y sus combatientes en el sur mediante un segundo frente, tanto militar como pol\u00edtico, fue una apuesta seria apoyada por llamamientos expl\u00edcitos de Netanyahu, la embajadora estadounidense, Lisa Johnson, l\u00edderes de las Fuerzas y las Falanges libanesas y el equipo del pol\u00edtico sun\u00ed Ashraf Rifi. Adem\u00e1s, varios informes de prensa indicaron que se estaban acumulando armas en algunas zonas, como si se estuvieran preparando para hacer estallar un frente contra la resistencia. Se trata de una apuesta, un empe\u00f1o y una planificaci\u00f3n que han fracasado por completo, y esto puede ser un factor importante para que Netanyahu se mostrara partidario del acuerdo.<\/p>\n\n\n\n<p class=\"has-medium-font-size\"><strong>En quinto y \u00faltimo lugar<\/strong>, el pueblo liban\u00e9s ha pagado un alto precio en t\u00e9rminos de n\u00famero de personas desplazadas y de destrucci\u00f3n sistem\u00e1tica en Dahiya, el sur, Tiro y Sid\u00f3n, que son, esencialmente, las zonas de apoyo popular a Hezbol\u00e1. Por consiguiente, la base social, que respalda al partido, tiene derecho a pedirle que trate seriamente de conseguir un alto el fuego desde una posici\u00f3n de fuerza y no de debilidad, lo que creo firmemente que ha podido ser el eje principal que ha guiado al partido en sus negociaciones y la raz\u00f3n principal de su acuerdo, como es totalmente comprensible. Adem\u00e1s, otros dos actores influyeron aparentemente en la decisi\u00f3n del partido, a saber, Nabih Berri, a quien el partido le tuvo que delegar el tr\u00e1mite de la negociaci\u00f3n, y el Gobierno, que no puede calificarse de partidario de la resistencia, aunque se involucr\u00f3 en las negociaciones, pero solo por razones circunstanciales. Estos dos actores, desde mi punto de vista, tuvieron un margen de negociaci\u00f3n menor al que podr\u00eda haber tenido el partido en otras circunstancias.<\/p>\n\n\n\n<p class=\"has-medium-font-size\">Teniendo en cuenta la victoria sobre el terreno de Hezbol\u00e1, la derrota del Estado genocida, los logros de Hezbol\u00e1 en el campo de batalla por tierra y en las campa\u00f1as de ataques con misiles y drones contra sus bases, el restablecimiento de sus capacidades de combate y de misiles tal como eran antes del 17 de septiembre, el fracaso del plan de abrir un frente liban\u00e9s colaboracionista hostil, militar y pol\u00edtico a espaldas de la resistencia, adem\u00e1s del claro apoyo de su base popular a la elecci\u00f3n del partido por la resistencia, \u00bfno habr\u00eda sido posible lograr mejores condiciones para el alto el fuego, es decir, insistir en vincular la firma del acuerdo con el cese de la agresi\u00f3n contra nuestro pueblo en Gaza, como cl\u00e1usula principal del acuerdo, tal y como ven\u00eda declarando Hezbol\u00e1 desde el 8 de octubre? Es leg\u00edtimo que nuestro pueblo, cuya sangre se ha mezclado con la del pueblo liban\u00e9s y su resistencia extraordinaria en el sur, y habida cuenta de que aprecia y honra la posici\u00f3n de Hezbol\u00e1 y sus sacrificios por Palestina y Gaza, se plantee esta pregunta y espere una respuesta de Hezbol\u00e1 que no deber\u00eda demorarse. <\/p>\n\n\n\n<p class=\"has-medium-font-size\">La argumentaci\u00f3n presentada se basa en la comprensi\u00f3n de las complejidades del frente interno liban\u00e9s, que no est\u00e1 completamente alineado con la resistencia, dado que una parte tiene objetivos mucho m\u00e1s modestos que los de la resistencia, y otra trabaja abiertamente en su contra, as\u00ed como en la consideraci\u00f3n del precio pagado por la poblaci\u00f3n libanesa por su apoyo a la resistencia.<\/p>\n\n\n\n<p class=\"has-medium-font-size\">Finalmente, quiz\u00e1 haya una parte de la respuesta en lo que se\u00f1al\u00f3 Osama Hamdan (representante de Hamas en el L\u00edbano) en su \u00faltima declaraci\u00f3n al canal Al-Mayadeen. Hamdan, conocido por la prudencia de sus declaraciones, afirm\u00f3 que la resistencia palestina est\u00e1 en constante coordinaci\u00f3n con Hezbol\u00e1 y est\u00e1 plenamente informada de los detalles de lo que est\u00e1 ocurriendo. Por consiguiente, \u00bfhay algo que no se haya anunciado y que pueda servir para detener la agresi\u00f3n sionista contra nuestro pueblo en Gaza, que se base ante todo en la resistencia de la Franja de Gaza?<\/p>\n","protected":false},"excerpt":{"rendered":"<p>Por: Wissam Rafidi En el momento de escribir este art\u00edculo, en la ma\u00f1ana en que entr\u00f3 en vigor el alto el fuego en el L\u00edbano, si la campa\u00f1a contra Hezbol\u00e1 y la resistencia libanesa no ha comenzado, tardar\u00e1 horas en hacerlo, y puede decirse que ya antes de que se anunciara el acuerdo se empezaron a vislumbrar los signos de la misma. La campa\u00f1a ser\u00e1 lanzada por fuerzas sectarias que ven a los chi\u00edes y a Ir\u00e1n como sus enemigos, no contra el proyecto sionista y el Estado genocida. Se trata de periodistas que trabajan para peri\u00f3dicos y medios de comunicaci\u00f3n satelitales cuya posici\u00f3n es conocida desde el primer d\u00eda de la Batalla del Diluvio, una posici\u00f3n de hostilidad hacia la resistencia y de promoci\u00f3n de los posicionamientos a favor de la ocupaci\u00f3n. Es probable que su campa\u00f1a se base en varios ejes, el m\u00e1s importante de los cuales es que Hezbol\u00e1 vendi\u00f3 a la resistencia palestina al aceptar el acuerdo sin mencionar Gaza, ya que siempre ha hecho hincapi\u00e9 en la conexi\u00f3n entre los dos frentes, por lo que esas fuerzas sectarias con esos medios de comunicaci\u00f3n seguir\u00e1n afirmando, como hac\u00edan antes del 7 de octubre, que el eje &hellip;<\/p>\n","protected":false},"author":1,"featured_media":715,"comment_status":"open","ping_status":"open","sticky":false,"template":"","format":"standard","meta":{"_acf_changed":false,"_eb_attr":"","footnotes":""},"categories":[1,5],"tags":[42,18,25,38,17,60,39],"class_list":["post-714","post","type-post","status-publish","format-standard","has-post-thumbnail","hentry","category-archivo","category-con-palestina","tag-eje-de-la-resistencia","tag-gaza","tag-genocidio-2","tag-libano","tag-palestina","tag-proyecto_sionista","tag-sur-del-libano"],"acf":[],"yoast_head":"<!-- This site is optimized with the Yoast SEO Premium plugin v22.8 (Yoast SEO v24.8.1) - https:\/\/yoast.com\/wordpress\/plugins\/seo\/ -->\n<title>Sobre el acuerdo en el L\u00edbano y el frente de apoyo - Rep\u00fablica de Palestina<\/title>\n<meta name=\"robots\" content=\"index, follow, max-snippet:-1, max-image-preview:large, max-video-preview:-1\" \/>\n<link rel=\"canonical\" href=\"https:\/\/republicpalestine.com\/es\/2024\/12\/06\/sobre-el-acuerdo-en-el-libano-y-el-frente-de-apoyo\/\" \/>\n<meta property=\"og:locale\" content=\"es_ES\" \/>\n<meta property=\"og:type\" content=\"article\" \/>\n<meta property=\"og:title\" content=\"Sobre el acuerdo en el L\u00edbano y el frente de apoyo\" \/>\n<meta property=\"og:description\" content=\"Por: Wissam Rafidi En el momento de escribir este art\u00edculo, en la ma\u00f1ana en que entr\u00f3 en vigor el alto el fuego en el L\u00edbano, si la campa\u00f1a contra Hezbol\u00e1 y la resistencia libanesa no ha comenzado, tardar\u00e1 horas en hacerlo, y puede decirse que ya antes de que se anunciara el acuerdo se empezaron a vislumbrar los signos de la misma. La campa\u00f1a ser\u00e1 lanzada por fuerzas sectarias que ven a los chi\u00edes y a Ir\u00e1n como sus enemigos, no contra el proyecto sionista y el Estado genocida. Se trata de periodistas que trabajan para peri\u00f3dicos y medios de comunicaci\u00f3n satelitales cuya posici\u00f3n es conocida desde el primer d\u00eda de la Batalla del Diluvio, una posici\u00f3n de hostilidad hacia la resistencia y de promoci\u00f3n de los posicionamientos a favor de la ocupaci\u00f3n. Es probable que su campa\u00f1a se base en varios ejes, el m\u00e1s importante de los cuales es que Hezbol\u00e1 vendi\u00f3 a la resistencia palestina al aceptar el acuerdo sin mencionar Gaza, ya que siempre ha hecho hincapi\u00e9 en la conexi\u00f3n entre los dos frentes, por lo que esas fuerzas sectarias con esos medios de comunicaci\u00f3n seguir\u00e1n afirmando, como hac\u00edan antes del 7 de octubre, que el eje &hellip;\" \/>\n<meta property=\"og:url\" content=\"https:\/\/republicpalestine.com\/es\/2024\/12\/06\/sobre-el-acuerdo-en-el-libano-y-el-frente-de-apoyo\/\" \/>\n<meta property=\"og:site_name\" content=\"Rep\u00fablica de Palestina\" \/>\n<meta property=\"article:published_time\" content=\"2024-12-06T12:44:05+00:00\" \/>\n<meta property=\"article:modified_time\" content=\"2024-12-06T12:46:52+00:00\" \/>\n<meta property=\"og:image\" content=\"https:\/\/republicpalestine.com\/es\/wp-content\/uploads\/sites\/3\/2024\/12\/\u0644\u0628\u0646\u0627\u0646-\u0648\u0641\u0644\u0633\u0637\u064a\u0646-1.jpg\" \/>\n\t<meta property=\"og:image:width\" content=\"800\" \/>\n\t<meta property=\"og:image:height\" content=\"450\" \/>\n\t<meta property=\"og:image:type\" content=\"image\/jpeg\" \/>\n<meta name=\"author\" content=\"RepublicofPalestine\" \/>\n<meta name=\"twitter:card\" content=\"summary_large_image\" \/>\n<meta name=\"twitter:label1\" content=\"Escrito por\" \/>\n\t<meta name=\"twitter:data1\" content=\"RepublicofPalestine\" \/>\n\t<meta name=\"twitter:label2\" content=\"Tiempo de lectura\" \/>\n\t<meta name=\"twitter:data2\" content=\"9 minutos\" \/>\n<script type=\"application\/ld+json\" class=\"yoast-schema-graph\">{\"@context\":\"https:\/\/schema.org\",\"@graph\":[{\"@type\":\"WebPage\",\"@id\":\"https:\/\/republicpalestine.com\/es\/2024\/12\/06\/sobre-el-acuerdo-en-el-libano-y-el-frente-de-apoyo\/\",\"url\":\"https:\/\/republicpalestine.com\/es\/2024\/12\/06\/sobre-el-acuerdo-en-el-libano-y-el-frente-de-apoyo\/\",\"name\":\"Sobre el acuerdo en el L\u00edbano y el frente de apoyo - Rep\u00fablica de Palestina\",\"isPartOf\":{\"@id\":\"https:\/\/republicpalestine.com\/es\/#website\"},\"primaryImageOfPage\":{\"@id\":\"https:\/\/republicpalestine.com\/es\/2024\/12\/06\/sobre-el-acuerdo-en-el-libano-y-el-frente-de-apoyo\/#primaryimage\"},\"image\":{\"@id\":\"https:\/\/republicpalestine.com\/es\/2024\/12\/06\/sobre-el-acuerdo-en-el-libano-y-el-frente-de-apoyo\/#primaryimage\"},\"thumbnailUrl\":\"https:\/\/republicpalestine.com\/es\/wp-content\/uploads\/sites\/3\/2024\/12\/\u0644\u0628\u0646\u0627\u0646-\u0648\u0641\u0644\u0633\u0637\u064a\u0646-1.jpg\",\"datePublished\":\"2024-12-06T12:44:05+00:00\",\"dateModified\":\"2024-12-06T12:46:52+00:00\",\"author\":{\"@id\":\"https:\/\/republicpalestine.com\/es\/#\/schema\/person\/a116984632a4562b5d251d19cb8e8bf3\"},\"breadcrumb\":{\"@id\":\"https:\/\/republicpalestine.com\/es\/2024\/12\/06\/sobre-el-acuerdo-en-el-libano-y-el-frente-de-apoyo\/#breadcrumb\"},\"inLanguage\":\"es\",\"potentialAction\":[{\"@type\":\"ReadAction\",\"target\":[\"https:\/\/republicpalestine.com\/es\/2024\/12\/06\/sobre-el-acuerdo-en-el-libano-y-el-frente-de-apoyo\/\"]}]},{\"@type\":\"ImageObject\",\"inLanguage\":\"es\",\"@id\":\"https:\/\/republicpalestine.com\/es\/2024\/12\/06\/sobre-el-acuerdo-en-el-libano-y-el-frente-de-apoyo\/#primaryimage\",\"url\":\"https:\/\/republicpalestine.com\/es\/wp-content\/uploads\/sites\/3\/2024\/12\/\u0644\u0628\u0646\u0627\u0646-\u0648\u0641\u0644\u0633\u0637\u064a\u0646-1.jpg\",\"contentUrl\":\"https:\/\/republicpalestine.com\/es\/wp-content\/uploads\/sites\/3\/2024\/12\/\u0644\u0628\u0646\u0627\u0646-\u0648\u0641\u0644\u0633\u0637\u064a\u0646-1.jpg\",\"width\":800,\"height\":450},{\"@type\":\"BreadcrumbList\",\"@id\":\"https:\/\/republicpalestine.com\/es\/2024\/12\/06\/sobre-el-acuerdo-en-el-libano-y-el-frente-de-apoyo\/#breadcrumb\",\"itemListElement\":[{\"@type\":\"ListItem\",\"position\":1,\"name\":\"\u0627\u0644\u0631\u0626\u064a\u0633\u064a\u0629\",\"item\":\"https:\/\/republicpalestine.com\/es\/\"},{\"@type\":\"ListItem\",\"position\":2,\"name\":\"Sobre el acuerdo en el L\u00edbano y el frente de apoyo\"}]},{\"@type\":\"WebSite\",\"@id\":\"https:\/\/republicpalestine.com\/es\/#website\",\"url\":\"https:\/\/republicpalestine.com\/es\/\",\"name\":\"Rep\u00fablica de Palestina\",\"description\":\"\",\"potentialAction\":[{\"@type\":\"SearchAction\",\"target\":{\"@type\":\"EntryPoint\",\"urlTemplate\":\"https:\/\/republicpalestine.com\/es\/?s={search_term_string}\"},\"query-input\":{\"@type\":\"PropertyValueSpecification\",\"valueRequired\":true,\"valueName\":\"search_term_string\"}}],\"inLanguage\":\"es\"},{\"@type\":\"Person\",\"@id\":\"https:\/\/republicpalestine.com\/es\/#\/schema\/person\/a116984632a4562b5d251d19cb8e8bf3\",\"name\":\"RepublicofPalestine\",\"image\":{\"@type\":\"ImageObject\",\"inLanguage\":\"es\",\"@id\":\"https:\/\/republicpalestine.com\/es\/#\/schema\/person\/image\/\",\"url\":\"https:\/\/secure.gravatar.com\/avatar\/13240ade82024fefe7ea06e3569c7001?s=96&d=mm&r=g\",\"contentUrl\":\"https:\/\/secure.gravatar.com\/avatar\/13240ade82024fefe7ea06e3569c7001?s=96&d=mm&r=g\",\"caption\":\"RepublicofPalestine\"},\"sameAs\":[\"https:\/\/republicpalestine.com\"],\"url\":\"https:\/\/republicpalestine.com\/es\/author\/jmhoriaadmin\/\"}]}<\/script>\n<!-- \/ Yoast SEO Premium plugin. -->","yoast_head_json":{"title":"Sobre el acuerdo en el L\u00edbano y el frente de apoyo - Rep\u00fablica de Palestina","robots":{"index":"index","follow":"follow","max-snippet":"max-snippet:-1","max-image-preview":"max-image-preview:large","max-video-preview":"max-video-preview:-1"},"canonical":"https:\/\/republicpalestine.com\/es\/2024\/12\/06\/sobre-el-acuerdo-en-el-libano-y-el-frente-de-apoyo\/","og_locale":"es_ES","og_type":"article","og_title":"Sobre el acuerdo en el L\u00edbano y el frente de apoyo","og_description":"Por: Wissam Rafidi En el momento de escribir este art\u00edculo, en la ma\u00f1ana en que entr\u00f3 en vigor el alto el fuego en el L\u00edbano, si la campa\u00f1a contra Hezbol\u00e1 y la resistencia libanesa no ha comenzado, tardar\u00e1 horas en hacerlo, y puede decirse que ya antes de que se anunciara el acuerdo se empezaron a vislumbrar los signos de la misma. La campa\u00f1a ser\u00e1 lanzada por fuerzas sectarias que ven a los chi\u00edes y a Ir\u00e1n como sus enemigos, no contra el proyecto sionista y el Estado genocida. Se trata de periodistas que trabajan para peri\u00f3dicos y medios de comunicaci\u00f3n satelitales cuya posici\u00f3n es conocida desde el primer d\u00eda de la Batalla del Diluvio, una posici\u00f3n de hostilidad hacia la resistencia y de promoci\u00f3n de los posicionamientos a favor de la ocupaci\u00f3n. Es probable que su campa\u00f1a se base en varios ejes, el m\u00e1s importante de los cuales es que Hezbol\u00e1 vendi\u00f3 a la resistencia palestina al aceptar el acuerdo sin mencionar Gaza, ya que siempre ha hecho hincapi\u00e9 en la conexi\u00f3n entre los dos frentes, por lo que esas fuerzas sectarias con esos medios de comunicaci\u00f3n seguir\u00e1n afirmando, como hac\u00edan antes del 7 de octubre, que el eje &hellip;","og_url":"https:\/\/republicpalestine.com\/es\/2024\/12\/06\/sobre-el-acuerdo-en-el-libano-y-el-frente-de-apoyo\/","og_site_name":"Rep\u00fablica de Palestina","article_published_time":"2024-12-06T12:44:05+00:00","article_modified_time":"2024-12-06T12:46:52+00:00","og_image":[{"width":800,"height":450,"url":"https:\/\/republicpalestine.com\/es\/wp-content\/uploads\/sites\/3\/2024\/12\/\u0644\u0628\u0646\u0627\u0646-\u0648\u0641\u0644\u0633\u0637\u064a\u0646-1.jpg","type":"image\/jpeg"}],"author":"RepublicofPalestine","twitter_card":"summary_large_image","twitter_misc":{"Escrito por":"RepublicofPalestine","Tiempo de lectura":"9 minutos"},"schema":{"@context":"https:\/\/schema.org","@graph":[{"@type":"WebPage","@id":"https:\/\/republicpalestine.com\/es\/2024\/12\/06\/sobre-el-acuerdo-en-el-libano-y-el-frente-de-apoyo\/","url":"https:\/\/republicpalestine.com\/es\/2024\/12\/06\/sobre-el-acuerdo-en-el-libano-y-el-frente-de-apoyo\/","name":"Sobre el acuerdo en el L\u00edbano y el frente de apoyo - Rep\u00fablica de Palestina","isPartOf":{"@id":"https:\/\/republicpalestine.com\/es\/#website"},"primaryImageOfPage":{"@id":"https:\/\/republicpalestine.com\/es\/2024\/12\/06\/sobre-el-acuerdo-en-el-libano-y-el-frente-de-apoyo\/#primaryimage"},"image":{"@id":"https:\/\/republicpalestine.com\/es\/2024\/12\/06\/sobre-el-acuerdo-en-el-libano-y-el-frente-de-apoyo\/#primaryimage"},"thumbnailUrl":"https:\/\/republicpalestine.com\/es\/wp-content\/uploads\/sites\/3\/2024\/12\/\u0644\u0628\u0646\u0627\u0646-\u0648\u0641\u0644\u0633\u0637\u064a\u0646-1.jpg","datePublished":"2024-12-06T12:44:05+00:00","dateModified":"2024-12-06T12:46:52+00:00","author":{"@id":"https:\/\/republicpalestine.com\/es\/#\/schema\/person\/a116984632a4562b5d251d19cb8e8bf3"},"breadcrumb":{"@id":"https:\/\/republicpalestine.com\/es\/2024\/12\/06\/sobre-el-acuerdo-en-el-libano-y-el-frente-de-apoyo\/#breadcrumb"},"inLanguage":"es","potentialAction":[{"@type":"ReadAction","target":["https:\/\/republicpalestine.com\/es\/2024\/12\/06\/sobre-el-acuerdo-en-el-libano-y-el-frente-de-apoyo\/"]}]},{"@type":"ImageObject","inLanguage":"es","@id":"https:\/\/republicpalestine.com\/es\/2024\/12\/06\/sobre-el-acuerdo-en-el-libano-y-el-frente-de-apoyo\/#primaryimage","url":"https:\/\/republicpalestine.com\/es\/wp-content\/uploads\/sites\/3\/2024\/12\/\u0644\u0628\u0646\u0627\u0646-\u0648\u0641\u0644\u0633\u0637\u064a\u0646-1.jpg","contentUrl":"https:\/\/republicpalestine.com\/es\/wp-content\/uploads\/sites\/3\/2024\/12\/\u0644\u0628\u0646\u0627\u0646-\u0648\u0641\u0644\u0633\u0637\u064a\u0646-1.jpg","width":800,"height":450},{"@type":"BreadcrumbList","@id":"https:\/\/republicpalestine.com\/es\/2024\/12\/06\/sobre-el-acuerdo-en-el-libano-y-el-frente-de-apoyo\/#breadcrumb","itemListElement":[{"@type":"ListItem","position":1,"name":"\u0627\u0644\u0631\u0626\u064a\u0633\u064a\u0629","item":"https:\/\/republicpalestine.com\/es\/"},{"@type":"ListItem","position":2,"name":"Sobre el acuerdo en el L\u00edbano y el frente de apoyo"}]},{"@type":"WebSite","@id":"https:\/\/republicpalestine.com\/es\/#website","url":"https:\/\/republicpalestine.com\/es\/","name":"Rep\u00fablica de Palestina","description":"","potentialAction":[{"@type":"SearchAction","target":{"@type":"EntryPoint","urlTemplate":"https:\/\/republicpalestine.com\/es\/?s={search_term_string}"},"query-input":{"@type":"PropertyValueSpecification","valueRequired":true,"valueName":"search_term_string"}}],"inLanguage":"es"},{"@type":"Person","@id":"https:\/\/republicpalestine.com\/es\/#\/schema\/person\/a116984632a4562b5d251d19cb8e8bf3","name":"RepublicofPalestine","image":{"@type":"ImageObject","inLanguage":"es","@id":"https:\/\/republicpalestine.com\/es\/#\/schema\/person\/image\/","url":"https:\/\/secure.gravatar.com\/avatar\/13240ade82024fefe7ea06e3569c7001?s=96&d=mm&r=g","contentUrl":"https:\/\/secure.gravatar.com\/avatar\/13240ade82024fefe7ea06e3569c7001?s=96&d=mm&r=g","caption":"RepublicofPalestine"},"sameAs":["https:\/\/republicpalestine.com"],"url":"https:\/\/republicpalestine.com\/es\/author\/jmhoriaadmin\/"}]}},"_links":{"self":[{"href":"https:\/\/republicpalestine.com\/es\/wp-json\/wp\/v2\/posts\/714","targetHints":{"allow":["GET"]}}],"collection":[{"href":"https:\/\/republicpalestine.com\/es\/wp-json\/wp\/v2\/posts"}],"about":[{"href":"https:\/\/republicpalestine.com\/es\/wp-json\/wp\/v2\/types\/post"}],"author":[{"embeddable":true,"href":"https:\/\/republicpalestine.com\/es\/wp-json\/wp\/v2\/users\/1"}],"replies":[{"embeddable":true,"href":"https:\/\/republicpalestine.com\/es\/wp-json\/wp\/v2\/comments?post=714"}],"version-history":[{"count":2,"href":"https:\/\/republicpalestine.com\/es\/wp-json\/wp\/v2\/posts\/714\/revisions"}],"predecessor-version":[{"id":718,"href":"https:\/\/republicpalestine.com\/es\/wp-json\/wp\/v2\/posts\/714\/revisions\/718"}],"wp:featuredmedia":[{"embeddable":true,"href":"https:\/\/republicpalestine.com\/es\/wp-json\/wp\/v2\/media\/715"}],"wp:attachment":[{"href":"https:\/\/republicpalestine.com\/es\/wp-json\/wp\/v2\/media?parent=714"}],"wp:term":[{"taxonomy":"category","embeddable":true,"href":"https:\/\/republicpalestine.com\/es\/wp-json\/wp\/v2\/categories?post=714"},{"taxonomy":"post_tag","embeddable":true,"href":"https:\/\/republicpalestine.com\/es\/wp-json\/wp\/v2\/tags?post=714"}],"curies":[{"name":"wp","href":"https:\/\/api.w.org\/{rel}","templated":true}]}}