{"id":719,"date":"2024-12-07T20:15:22","date_gmt":"2024-12-07T17:15:22","guid":{"rendered":"https:\/\/republicpalestine.com\/es\/?p=719"},"modified":"2024-12-07T20:44:16","modified_gmt":"2024-12-07T17:44:16","slug":"al-youlani-de-un-lider-terrorista-a-un-invitado-por-la-cadena-cnn","status":"publish","type":"post","link":"https:\/\/republicpalestine.com\/es\/2024\/12\/07\/al-youlani-de-un-lider-terrorista-a-un-invitado-por-la-cadena-cnn\/","title":{"rendered":"Al- Youlani: De un l\u00edder terrorista a un invitado por la cadena CNN"},"content":{"rendered":"\n<p class=\"has-medium-font-size\">Al-Youlani, cuyo verdadero nombre es Ahmad Hussein al-Sharaa, se ha convertido en los \u00faltimos a\u00f1os en una de las figuras m\u00e1s controvertidas del escenario sirio. Comenz\u00f3 su vida en las filas de Al Qaeda en Irak, donde trabaj\u00f3 bajo el liderazgo de Abu Musab al Zarqawi, y luego desert\u00f3 para fundar en Siria una organizaci\u00f3n vinculada a \u201cAl Qaeda\u201d conocida como \u201cFrente al Nusra\u201d o \u201cAl Qaeda en Siria y el Levante\u201d. Su nombre se ha asociado a la comisi\u00f3n de numerosas masacres contra civiles y a la realizaci\u00f3n de brutales operaciones militares, lo que le ha convertido en un s\u00edmbolo del terrorismo global.<\/p>\n\n\n\n<p class=\"has-medium-font-size\">Estados Unidos y las Naciones Unidas lo incluyeron en listas de terroristas internacionales y asignaron una recompensa de 10 millones de d\u00f3lares a cualquiera que proporcione informaci\u00f3n que conduzca a su arresto. A pesar de este sangriento historial, al-Youlani apareci\u00f3 recientemente como invitado en la CNN, en una escena que sorprendi\u00f3 a muchos y suscit\u00f3 profundos interrogantes sobre este repentino cambio en el trato hacia \u00e9l.<\/p>\n\n\n\n<p class=\"has-medium-font-size\">En la entrevista, al-Youlani intent\u00f3 volver a presentarse como un estadista que pretende administrar las zonas el norte de Siria, presentando un discurso pol\u00edtico en lugar de la ret\u00f3rica ideol\u00f3gica de l\u00ednea extremista que le hab\u00eda caracterizado. Se centr\u00f3 en lo que describi\u00f3 como \u00abproyectos de reconstrucci\u00f3n\u00bb y \u00abestabilizaci\u00f3n\u00bb, evitando hablar de su historia en \u201cAl Qaeda\u201d o de las masacres que su organizaci\u00f3n cometi\u00f3 contra civiles.<\/p>\n\n\n\n<p class=\"has-medium-font-size\">Al-Youlani afirm\u00f3 que busca construir una administraci\u00f3n civil en las zonas bajo su control, promoviendo al mismo tiempo una imagen de moderaci\u00f3n pol\u00edtica. Tambi\u00e9n trat\u00f3 de negar su actual asociaci\u00f3n con organizaciones terroristas, afirmando que est\u00e1 tratando de reformular su papel y el de su organizaci\u00f3n, ahora conocida como \u201cHay\u2019at Tahrir al-Sham\u201d (Comit\u00e9 de Liberaci\u00f3n del Levante).<\/p>\n\n\n\n<p class=\"has-medium-font-size\">Lo interesante son las dimensiones pol\u00edtica y medi\u00e1tica de la aparici\u00f3n de al-Joulani en la CNN, que no es s\u00f3lo un acontecimiento medi\u00e1tico, sino que tiene claras connotaciones pol\u00edticas:<\/p>\n\n\n\n<p class=\"has-medium-font-size\">1. <strong>Replantear la imagen [Rebranding]<\/strong>: Parece que hay esfuerzos internacionales para cambiar o \u201cmejorar\u201d la imagen de al-Youlani para que sea aceptable como actor pol\u00edtico en el norte de Siria. Este enfoque plantea interrogntes sobre el uso de figuras como al-Youlani por parte de las grandes potencias para lograr sus objetivos en la regi\u00f3n.<\/p>\n\n\n\n<p class=\"has-medium-font-size\">2. <strong>Acercarse a Occidente<\/strong>: La reuni\u00f3n refleja el deseo de al-Youlani de acercarse a los pa\u00edses occidentales present\u00e1ndose como un socio potencial contra el ISIS o el r\u00e9gimen sirio, aprovechando la brecha pol\u00edtica y de seguridad en la regi\u00f3n.<\/p>\n\n\n\n<p class=\"has-medium-font-size\">3. <strong>Remodelaci\u00f3n de las alianzas<\/strong>: A la luz de las complejidades de la guerra siria, algunas potencias regionales e internacionales parecen creer que tratar con figuras como al-Youlani es menos costoso que dejar las zonas bajo su control presas de una brecha de seguridad o de la expansi\u00f3n de otras organizaciones.<\/p>\n\n\n\n<p class=\"has-medium-font-size\">Al-Youlani y las masacres documentadas<\/p>\n\n\n\n<p class=\"has-medium-font-size\">A pesar de sus intentos de blanquear su imagen, su historia est\u00e1 llena de violaciones:<\/p>\n\n\n\n<p class=\"has-medium-font-size\">Masacres de civiles: Su organizaci\u00f3n estuvo involucrada en ejecuciones masivas y bombardeos indiscriminados de zonas pobladas por civiles.<\/p>\n\n\n\n<p class=\"has-medium-font-size\">Persecuci\u00f3n de minor\u00edas: Sus fuerzas participaron en el desplazamiento de minor\u00edas \u00e9tnicas y religiosas, especialmente cristianos y yazid\u00edes, de sus zonas.<\/p>\n\n\n\n<p class=\"has-medium-font-size\">Relaci\u00f3n con \u201cAl Qaeda\u201d: Aunque anunci\u00f3 su desvinculaci\u00f3n con Al Qaeda en 2016, muchos expertos creen que este anuncio fue solo un movimiento t\u00e1ctico, y no un cambio ideol\u00f3gico.<\/p>\n\n\n\n<p class=\"has-medium-font-size\">La aparici\u00f3n de Al-Youlani en los medios occidentales refleja un cambio en la forma en que algunas partes tratan a las figuras controvertidas.&nbsp; Parece que hay intentos de remodelar su imagen, probablemente para servir a agendas regionales o internacionales que pretenden explotar su influencia en ciertas zonas.<\/p>\n\n\n\n<p class=\"has-medium-font-size\">La aparici\u00f3n de al-Youlani, acusado de terrorismo y cr\u00edmenes de guerra, como invitado en uno de los canales de noticias internacionales m\u00e1s destacados plantea profundas cuestiones sobre el papel de los medios a la hora de blanquear la imagen de figuras controvertidas. \u00bfPueden los medios de comunicaci\u00f3n blanquear el pasado de una figura implicada en actos terroristas? \u00bfForma esta medida parte de planes m\u00e1s amplios para redistribuir roles en Siria?<\/p>\n\n\n\n<p class=\"has-medium-font-size\">Su aparici\u00f3n de este modo refleja un aspecto de los cambios internacionales en el trato con actores no estatales en zonas de conflicto.<\/p>\n\n\n\n<p class=\"has-medium-font-size\">Posibles acuerdos: Existen sospechas de que esta aparici\u00f3n puede ser el preludio de acuerdos no declarados entre potencias occidentales y al-Youlani para estabilizarlo como actor clave en el norte de Siria.<\/p>\n\n\n\n<p class=\"has-medium-font-size\">Mensajes a la regi\u00f3n: La reuni\u00f3n puede ser un mensaje velado a las potencias regionales de que Occidente est\u00e1 dispuesto a tratar con cualquier parte que satisfaga sus intereses, independientemente de su procedencia ideol\u00f3gica.<\/p>\n\n\n\n<p class=\"has-medium-font-size\">La iron\u00eda: \u00bfC\u00f3mo puede una persona cuyo nombre est\u00e1 asociado a los cr\u00edmenes m\u00e1s atroces y a las organizaciones m\u00e1s atroces aparecer como portavoz de proyectos pol\u00edticos, mientras que los impactos de sus cr\u00edmenes siguen siendo testigos sobre el terreno? \u00bfPueden los medios contribuir a blanquear una imagen como \u00e9sta?<\/p>\n\n\n\n<p class=\"has-medium-font-size\"><strong>Conclusi\u00f3n<\/strong><\/p>\n\n\n\n<p class=\"has-medium-font-size\">El intento de Al-Youlani de cambiar su imagen plantea serias dudas sobre los criterios utilizados por los medios de comunicaci\u00f3n occidentales a la hora de tratar a figuras controvertidas, y hasta qu\u00e9 punto las potencias internacionales est\u00e1n dispuestas a ignorar cr\u00edmenes pasados a cambio de lograr objetivos pol\u00edticos. Sin embargo, la aparici\u00f3n de al-Youlani en un canal internacional como la CNN no puede leerse aisladamente del contexto pol\u00edtico y medi\u00e1tico que intenta remodelar el papel de los actores en la regi\u00f3n. Pero la pregunta m\u00e1s importante sigue siendo: \u00bfBasta con cambiar la imagen medi\u00e1tica para cambiar los hechos hist\u00f3ricos?<\/p>\n","protected":false},"excerpt":{"rendered":"<p>Al-Youlani, cuyo verdadero nombre es Ahmad Hussein al-Sharaa, se ha convertido en los \u00faltimos a\u00f1os en una de las figuras m\u00e1s controvertidas del escenario sirio. Comenz\u00f3 su vida en las filas de Al Qaeda en Irak, donde trabaj\u00f3 bajo el liderazgo de Abu Musab al Zarqawi, y luego desert\u00f3 para fundar en Siria una organizaci\u00f3n vinculada a \u201cAl Qaeda\u201d conocida como \u201cFrente al Nusra\u201d o \u201cAl Qaeda en Siria y el Levante\u201d. Su nombre se ha asociado a la comisi\u00f3n de numerosas masacres contra civiles y a la realizaci\u00f3n de brutales operaciones militares, lo que le ha convertido en un s\u00edmbolo del terrorismo global. Estados Unidos y las Naciones Unidas lo incluyeron en listas de terroristas internacionales y asignaron una recompensa de 10 millones de d\u00f3lares a cualquiera que proporcione informaci\u00f3n que conduzca a su arresto. A pesar de este sangriento historial, al-Youlani apareci\u00f3 recientemente como invitado en la CNN, en una escena que sorprendi\u00f3 a muchos y suscit\u00f3 profundos interrogantes sobre este repentino cambio en el trato hacia \u00e9l. En la entrevista, al-Youlani intent\u00f3 volver a presentarse como un estadista que pretende administrar las zonas el norte de Siria, presentando un discurso pol\u00edtico en lugar de la ret\u00f3rica ideol\u00f3gica &hellip;<\/p>\n","protected":false},"author":1,"featured_media":720,"comment_status":"open","ping_status":"open","sticky":false,"template":"","format":"standard","meta":{"_acf_changed":false,"_eb_attr":"","footnotes":""},"categories":[1,3],"tags":[63,65,66,61,62,67],"class_list":["post-719","post","type-post","status-publish","format-standard","has-post-thumbnail","hentry","category-archivo","category-noticias","tag-al-youlani","tag-desinformacion-2","tag-eeuu","tag-siria","tag-terrorismo","tag-turquia"],"acf":[],"yoast_head":"<!-- This site is optimized with the Yoast SEO Premium plugin v22.8 (Yoast SEO v24.8.1) - https:\/\/yoast.com\/wordpress\/plugins\/seo\/ -->\n<title>Al- Youlani: De un l\u00edder terrorista a un invitado por la cadena CNN - Rep\u00fablica de Palestina<\/title>\n<meta name=\"robots\" content=\"index, follow, max-snippet:-1, max-image-preview:large, max-video-preview:-1\" \/>\n<link rel=\"canonical\" href=\"https:\/\/republicpalestine.com\/es\/2024\/12\/07\/al-youlani-de-un-lider-terrorista-a-un-invitado-por-la-cadena-cnn\/\" \/>\n<meta property=\"og:locale\" content=\"es_ES\" \/>\n<meta property=\"og:type\" content=\"article\" \/>\n<meta property=\"og:title\" content=\"Al- Youlani: De un l\u00edder terrorista a un invitado por la cadena CNN\" \/>\n<meta property=\"og:description\" content=\"Al-Youlani, cuyo verdadero nombre es Ahmad Hussein al-Sharaa, se ha convertido en los \u00faltimos a\u00f1os en una de las figuras m\u00e1s controvertidas del escenario sirio. Comenz\u00f3 su vida en las filas de Al Qaeda en Irak, donde trabaj\u00f3 bajo el liderazgo de Abu Musab al Zarqawi, y luego desert\u00f3 para fundar en Siria una organizaci\u00f3n vinculada a \u201cAl Qaeda\u201d conocida como \u201cFrente al Nusra\u201d o \u201cAl Qaeda en Siria y el Levante\u201d. Su nombre se ha asociado a la comisi\u00f3n de numerosas masacres contra civiles y a la realizaci\u00f3n de brutales operaciones militares, lo que le ha convertido en un s\u00edmbolo del terrorismo global. Estados Unidos y las Naciones Unidas lo incluyeron en listas de terroristas internacionales y asignaron una recompensa de 10 millones de d\u00f3lares a cualquiera que proporcione informaci\u00f3n que conduzca a su arresto. A pesar de este sangriento historial, al-Youlani apareci\u00f3 recientemente como invitado en la CNN, en una escena que sorprendi\u00f3 a muchos y suscit\u00f3 profundos interrogantes sobre este repentino cambio en el trato hacia \u00e9l. En la entrevista, al-Youlani intent\u00f3 volver a presentarse como un estadista que pretende administrar las zonas el norte de Siria, presentando un discurso pol\u00edtico en lugar de la ret\u00f3rica ideol\u00f3gica &hellip;\" \/>\n<meta property=\"og:url\" content=\"https:\/\/republicpalestine.com\/es\/2024\/12\/07\/al-youlani-de-un-lider-terrorista-a-un-invitado-por-la-cadena-cnn\/\" \/>\n<meta property=\"og:site_name\" content=\"Rep\u00fablica de Palestina\" \/>\n<meta property=\"article:published_time\" content=\"2024-12-07T17:15:22+00:00\" \/>\n<meta property=\"article:modified_time\" content=\"2024-12-07T17:44:16+00:00\" \/>\n<meta property=\"og:image\" content=\"https:\/\/republicpalestine.com\/es\/wp-content\/uploads\/sites\/3\/2024\/12\/golani.jpeg\" \/>\n\t<meta property=\"og:image:width\" content=\"1792\" \/>\n\t<meta property=\"og:image:height\" content=\"1024\" \/>\n\t<meta property=\"og:image:type\" content=\"image\/jpeg\" \/>\n<meta name=\"author\" content=\"RepublicofPalestine\" \/>\n<meta name=\"twitter:card\" content=\"summary_large_image\" \/>\n<meta name=\"twitter:label1\" content=\"Escrito por\" \/>\n\t<meta name=\"twitter:data1\" content=\"RepublicofPalestine\" \/>\n\t<meta name=\"twitter:label2\" content=\"Tiempo de lectura\" \/>\n\t<meta name=\"twitter:data2\" content=\"5 minutos\" \/>\n<script type=\"application\/ld+json\" class=\"yoast-schema-graph\">{\"@context\":\"https:\/\/schema.org\",\"@graph\":[{\"@type\":\"WebPage\",\"@id\":\"https:\/\/republicpalestine.com\/es\/2024\/12\/07\/al-youlani-de-un-lider-terrorista-a-un-invitado-por-la-cadena-cnn\/\",\"url\":\"https:\/\/republicpalestine.com\/es\/2024\/12\/07\/al-youlani-de-un-lider-terrorista-a-un-invitado-por-la-cadena-cnn\/\",\"name\":\"Al- Youlani: De un l\u00edder terrorista a un invitado por la cadena CNN - Rep\u00fablica de Palestina\",\"isPartOf\":{\"@id\":\"https:\/\/republicpalestine.com\/es\/#website\"},\"primaryImageOfPage\":{\"@id\":\"https:\/\/republicpalestine.com\/es\/2024\/12\/07\/al-youlani-de-un-lider-terrorista-a-un-invitado-por-la-cadena-cnn\/#primaryimage\"},\"image\":{\"@id\":\"https:\/\/republicpalestine.com\/es\/2024\/12\/07\/al-youlani-de-un-lider-terrorista-a-un-invitado-por-la-cadena-cnn\/#primaryimage\"},\"thumbnailUrl\":\"https:\/\/republicpalestine.com\/es\/wp-content\/uploads\/sites\/3\/2024\/12\/golani.jpeg\",\"datePublished\":\"2024-12-07T17:15:22+00:00\",\"dateModified\":\"2024-12-07T17:44:16+00:00\",\"author\":{\"@id\":\"https:\/\/republicpalestine.com\/es\/#\/schema\/person\/a116984632a4562b5d251d19cb8e8bf3\"},\"breadcrumb\":{\"@id\":\"https:\/\/republicpalestine.com\/es\/2024\/12\/07\/al-youlani-de-un-lider-terrorista-a-un-invitado-por-la-cadena-cnn\/#breadcrumb\"},\"inLanguage\":\"es\",\"potentialAction\":[{\"@type\":\"ReadAction\",\"target\":[\"https:\/\/republicpalestine.com\/es\/2024\/12\/07\/al-youlani-de-un-lider-terrorista-a-un-invitado-por-la-cadena-cnn\/\"]}]},{\"@type\":\"ImageObject\",\"inLanguage\":\"es\",\"@id\":\"https:\/\/republicpalestine.com\/es\/2024\/12\/07\/al-youlani-de-un-lider-terrorista-a-un-invitado-por-la-cadena-cnn\/#primaryimage\",\"url\":\"https:\/\/republicpalestine.com\/es\/wp-content\/uploads\/sites\/3\/2024\/12\/golani.jpeg\",\"contentUrl\":\"https:\/\/republicpalestine.com\/es\/wp-content\/uploads\/sites\/3\/2024\/12\/golani.jpeg\",\"width\":1792,\"height\":1024},{\"@type\":\"BreadcrumbList\",\"@id\":\"https:\/\/republicpalestine.com\/es\/2024\/12\/07\/al-youlani-de-un-lider-terrorista-a-un-invitado-por-la-cadena-cnn\/#breadcrumb\",\"itemListElement\":[{\"@type\":\"ListItem\",\"position\":1,\"name\":\"\u0627\u0644\u0631\u0626\u064a\u0633\u064a\u0629\",\"item\":\"https:\/\/republicpalestine.com\/es\/\"},{\"@type\":\"ListItem\",\"position\":2,\"name\":\"Al- Youlani: De un l\u00edder terrorista a un invitado por la cadena CNN\"}]},{\"@type\":\"WebSite\",\"@id\":\"https:\/\/republicpalestine.com\/es\/#website\",\"url\":\"https:\/\/republicpalestine.com\/es\/\",\"name\":\"Rep\u00fablica de Palestina\",\"description\":\"\",\"potentialAction\":[{\"@type\":\"SearchAction\",\"target\":{\"@type\":\"EntryPoint\",\"urlTemplate\":\"https:\/\/republicpalestine.com\/es\/?s={search_term_string}\"},\"query-input\":{\"@type\":\"PropertyValueSpecification\",\"valueRequired\":true,\"valueName\":\"search_term_string\"}}],\"inLanguage\":\"es\"},{\"@type\":\"Person\",\"@id\":\"https:\/\/republicpalestine.com\/es\/#\/schema\/person\/a116984632a4562b5d251d19cb8e8bf3\",\"name\":\"RepublicofPalestine\",\"image\":{\"@type\":\"ImageObject\",\"inLanguage\":\"es\",\"@id\":\"https:\/\/republicpalestine.com\/es\/#\/schema\/person\/image\/\",\"url\":\"https:\/\/secure.gravatar.com\/avatar\/13240ade82024fefe7ea06e3569c7001?s=96&d=mm&r=g\",\"contentUrl\":\"https:\/\/secure.gravatar.com\/avatar\/13240ade82024fefe7ea06e3569c7001?s=96&d=mm&r=g\",\"caption\":\"RepublicofPalestine\"},\"sameAs\":[\"https:\/\/republicpalestine.com\"],\"url\":\"https:\/\/republicpalestine.com\/es\/author\/jmhoriaadmin\/\"}]}<\/script>\n<!-- \/ Yoast SEO Premium plugin. -->","yoast_head_json":{"title":"Al- Youlani: De un l\u00edder terrorista a un invitado por la cadena CNN - Rep\u00fablica de Palestina","robots":{"index":"index","follow":"follow","max-snippet":"max-snippet:-1","max-image-preview":"max-image-preview:large","max-video-preview":"max-video-preview:-1"},"canonical":"https:\/\/republicpalestine.com\/es\/2024\/12\/07\/al-youlani-de-un-lider-terrorista-a-un-invitado-por-la-cadena-cnn\/","og_locale":"es_ES","og_type":"article","og_title":"Al- Youlani: De un l\u00edder terrorista a un invitado por la cadena CNN","og_description":"Al-Youlani, cuyo verdadero nombre es Ahmad Hussein al-Sharaa, se ha convertido en los \u00faltimos a\u00f1os en una de las figuras m\u00e1s controvertidas del escenario sirio. Comenz\u00f3 su vida en las filas de Al Qaeda en Irak, donde trabaj\u00f3 bajo el liderazgo de Abu Musab al Zarqawi, y luego desert\u00f3 para fundar en Siria una organizaci\u00f3n vinculada a \u201cAl Qaeda\u201d conocida como \u201cFrente al Nusra\u201d o \u201cAl Qaeda en Siria y el Levante\u201d. Su nombre se ha asociado a la comisi\u00f3n de numerosas masacres contra civiles y a la realizaci\u00f3n de brutales operaciones militares, lo que le ha convertido en un s\u00edmbolo del terrorismo global. Estados Unidos y las Naciones Unidas lo incluyeron en listas de terroristas internacionales y asignaron una recompensa de 10 millones de d\u00f3lares a cualquiera que proporcione informaci\u00f3n que conduzca a su arresto. A pesar de este sangriento historial, al-Youlani apareci\u00f3 recientemente como invitado en la CNN, en una escena que sorprendi\u00f3 a muchos y suscit\u00f3 profundos interrogantes sobre este repentino cambio en el trato hacia \u00e9l. En la entrevista, al-Youlani intent\u00f3 volver a presentarse como un estadista que pretende administrar las zonas el norte de Siria, presentando un discurso pol\u00edtico en lugar de la ret\u00f3rica ideol\u00f3gica &hellip;","og_url":"https:\/\/republicpalestine.com\/es\/2024\/12\/07\/al-youlani-de-un-lider-terrorista-a-un-invitado-por-la-cadena-cnn\/","og_site_name":"Rep\u00fablica de Palestina","article_published_time":"2024-12-07T17:15:22+00:00","article_modified_time":"2024-12-07T17:44:16+00:00","og_image":[{"width":1792,"height":1024,"url":"https:\/\/republicpalestine.com\/es\/wp-content\/uploads\/sites\/3\/2024\/12\/golani.jpeg","type":"image\/jpeg"}],"author":"RepublicofPalestine","twitter_card":"summary_large_image","twitter_misc":{"Escrito por":"RepublicofPalestine","Tiempo de lectura":"5 minutos"},"schema":{"@context":"https:\/\/schema.org","@graph":[{"@type":"WebPage","@id":"https:\/\/republicpalestine.com\/es\/2024\/12\/07\/al-youlani-de-un-lider-terrorista-a-un-invitado-por-la-cadena-cnn\/","url":"https:\/\/republicpalestine.com\/es\/2024\/12\/07\/al-youlani-de-un-lider-terrorista-a-un-invitado-por-la-cadena-cnn\/","name":"Al- Youlani: De un l\u00edder terrorista a un invitado por la cadena CNN - Rep\u00fablica de Palestina","isPartOf":{"@id":"https:\/\/republicpalestine.com\/es\/#website"},"primaryImageOfPage":{"@id":"https:\/\/republicpalestine.com\/es\/2024\/12\/07\/al-youlani-de-un-lider-terrorista-a-un-invitado-por-la-cadena-cnn\/#primaryimage"},"image":{"@id":"https:\/\/republicpalestine.com\/es\/2024\/12\/07\/al-youlani-de-un-lider-terrorista-a-un-invitado-por-la-cadena-cnn\/#primaryimage"},"thumbnailUrl":"https:\/\/republicpalestine.com\/es\/wp-content\/uploads\/sites\/3\/2024\/12\/golani.jpeg","datePublished":"2024-12-07T17:15:22+00:00","dateModified":"2024-12-07T17:44:16+00:00","author":{"@id":"https:\/\/republicpalestine.com\/es\/#\/schema\/person\/a116984632a4562b5d251d19cb8e8bf3"},"breadcrumb":{"@id":"https:\/\/republicpalestine.com\/es\/2024\/12\/07\/al-youlani-de-un-lider-terrorista-a-un-invitado-por-la-cadena-cnn\/#breadcrumb"},"inLanguage":"es","potentialAction":[{"@type":"ReadAction","target":["https:\/\/republicpalestine.com\/es\/2024\/12\/07\/al-youlani-de-un-lider-terrorista-a-un-invitado-por-la-cadena-cnn\/"]}]},{"@type":"ImageObject","inLanguage":"es","@id":"https:\/\/republicpalestine.com\/es\/2024\/12\/07\/al-youlani-de-un-lider-terrorista-a-un-invitado-por-la-cadena-cnn\/#primaryimage","url":"https:\/\/republicpalestine.com\/es\/wp-content\/uploads\/sites\/3\/2024\/12\/golani.jpeg","contentUrl":"https:\/\/republicpalestine.com\/es\/wp-content\/uploads\/sites\/3\/2024\/12\/golani.jpeg","width":1792,"height":1024},{"@type":"BreadcrumbList","@id":"https:\/\/republicpalestine.com\/es\/2024\/12\/07\/al-youlani-de-un-lider-terrorista-a-un-invitado-por-la-cadena-cnn\/#breadcrumb","itemListElement":[{"@type":"ListItem","position":1,"name":"\u0627\u0644\u0631\u0626\u064a\u0633\u064a\u0629","item":"https:\/\/republicpalestine.com\/es\/"},{"@type":"ListItem","position":2,"name":"Al- Youlani: De un l\u00edder terrorista a un invitado por la cadena CNN"}]},{"@type":"WebSite","@id":"https:\/\/republicpalestine.com\/es\/#website","url":"https:\/\/republicpalestine.com\/es\/","name":"Rep\u00fablica de Palestina","description":"","potentialAction":[{"@type":"SearchAction","target":{"@type":"EntryPoint","urlTemplate":"https:\/\/republicpalestine.com\/es\/?s={search_term_string}"},"query-input":{"@type":"PropertyValueSpecification","valueRequired":true,"valueName":"search_term_string"}}],"inLanguage":"es"},{"@type":"Person","@id":"https:\/\/republicpalestine.com\/es\/#\/schema\/person\/a116984632a4562b5d251d19cb8e8bf3","name":"RepublicofPalestine","image":{"@type":"ImageObject","inLanguage":"es","@id":"https:\/\/republicpalestine.com\/es\/#\/schema\/person\/image\/","url":"https:\/\/secure.gravatar.com\/avatar\/13240ade82024fefe7ea06e3569c7001?s=96&d=mm&r=g","contentUrl":"https:\/\/secure.gravatar.com\/avatar\/13240ade82024fefe7ea06e3569c7001?s=96&d=mm&r=g","caption":"RepublicofPalestine"},"sameAs":["https:\/\/republicpalestine.com"],"url":"https:\/\/republicpalestine.com\/es\/author\/jmhoriaadmin\/"}]}},"_links":{"self":[{"href":"https:\/\/republicpalestine.com\/es\/wp-json\/wp\/v2\/posts\/719","targetHints":{"allow":["GET"]}}],"collection":[{"href":"https:\/\/republicpalestine.com\/es\/wp-json\/wp\/v2\/posts"}],"about":[{"href":"https:\/\/republicpalestine.com\/es\/wp-json\/wp\/v2\/types\/post"}],"author":[{"embeddable":true,"href":"https:\/\/republicpalestine.com\/es\/wp-json\/wp\/v2\/users\/1"}],"replies":[{"embeddable":true,"href":"https:\/\/republicpalestine.com\/es\/wp-json\/wp\/v2\/comments?post=719"}],"version-history":[{"count":2,"href":"https:\/\/republicpalestine.com\/es\/wp-json\/wp\/v2\/posts\/719\/revisions"}],"predecessor-version":[{"id":722,"href":"https:\/\/republicpalestine.com\/es\/wp-json\/wp\/v2\/posts\/719\/revisions\/722"}],"wp:featuredmedia":[{"embeddable":true,"href":"https:\/\/republicpalestine.com\/es\/wp-json\/wp\/v2\/media\/720"}],"wp:attachment":[{"href":"https:\/\/republicpalestine.com\/es\/wp-json\/wp\/v2\/media?parent=719"}],"wp:term":[{"taxonomy":"category","embeddable":true,"href":"https:\/\/republicpalestine.com\/es\/wp-json\/wp\/v2\/categories?post=719"},{"taxonomy":"post_tag","embeddable":true,"href":"https:\/\/republicpalestine.com\/es\/wp-json\/wp\/v2\/tags?post=719"}],"curies":[{"name":"wp","href":"https:\/\/api.w.org\/{rel}","templated":true}]}}