{"id":795,"date":"2025-01-09T00:53:40","date_gmt":"2025-01-08T21:53:40","guid":{"rendered":"https:\/\/republicpalestine.com\/es\/?p=795"},"modified":"2025-01-09T00:53:41","modified_gmt":"2025-01-08T21:53:41","slug":"manos-fuera-de-yenin-protesta-en-roma-contra-la-coordinacion-de-seguridad-entre-la-autoridad-palestina-e-israel","status":"publish","type":"post","link":"https:\/\/republicpalestine.com\/es\/2025\/01\/09\/manos-fuera-de-yenin-protesta-en-roma-contra-la-coordinacion-de-seguridad-entre-la-autoridad-palestina-e-israel\/","title":{"rendered":"MANOS FUERA DE YEN\u00cdN: Protesta en Roma contra la coordinaci\u00f3n de seguridad entre la Autoridad Palestina e Israel"},"content":{"rendered":"\n<p style=\"font-size:16px\">El s\u00e1bado 4 de enero de 2025, la capital italiana, Roma, fue testigo de una concentraci\u00f3n multitudinaria frente a la oficina de representaci\u00f3n de la Autoridad Palestina (AP), en protesta por la coordinaci\u00f3n de seguridad entre los servicios de seguridad palestinos y el Estado de ocupaci\u00f3n, y denunciando la campa\u00f1a militar de la AP contra la resistencia en el campo de refugiados de Yen\u00edn. Los manifestantes acusaron a la AP de seguir una pol\u00edtica traicionera hacia el pueblo palestino y su resistencia, mientras la m\u00e1quina de matar sionista sigue cometiendo genocidio en Gaza, y denunciaron su coordinaci\u00f3n con la ocupaci\u00f3n israel\u00ed en lugar de defender a su pueblo.<\/p>\n\n\n\n<p style=\"font-size:16px\">La escena en Yen\u00edn es cada vez m\u00e1s tr\u00e1gica: Mientras el ej\u00e9rcito israel\u00ed contin\u00faa sus incursiones en las ciudades de Cisjordania ocupada, la Autoridad Palestina (AP) sigue persiguiendo a la resistencia en lugar de proteger al pueblo palestino de los ataques de los colonos. El campo de Yen\u00edn, s\u00edmbolo de la lucha palestina, se ha convertido en blanco de la represi\u00f3n tanto de Israel como de la AP. Los participantes en la concentraci\u00f3n exigieron el fin del asedio iniciado a principios de diciembre, que hasta ahora ha provocado el martirio de ocho palestinos, entre ellos un periodista y varios ni\u00f1os. Los participantes insistieron tambi\u00e9n en la necesidad de poner fin a la cooperaci\u00f3n entre los servicios de seguridad de la AP y la ocupaci\u00f3n israel\u00ed.<\/p>\n\n\n\n<p style=\"font-size:16px\">Los organizadores de la concentraci\u00f3n tambi\u00e9n condenaron el papel del Estado italiano y del gobierno de Meloni, ya que Italia, al apoyar la formaci\u00f3n de los servicios de seguridad de la AP, es de hecho un socio indirecto en la opresi\u00f3n de los palestinos. Adem\u00e1s de ser c\u00f3mplice del genocidio cometido por la ocupaci\u00f3n israel\u00ed contra el pueblo palestino, Italia tambi\u00e9n presta apoyo directo a los servicios de seguridad de la AP, que contin\u00faan su campa\u00f1a represiva contra la resistencia.<\/p>\n\n\n\n<p style=\"font-size:16px\">La concentraci\u00f3n de hoy ha enviado un mensaje claro: Italia debe dejar de apoyar y armar a las fuerzas de ocupaci\u00f3n israel\u00edes y de apoyar a la Autoridad Palestina en la represi\u00f3n de la resistencia palestina. Estas reivindicaciones deben plantearse clara y expl\u00edcitamente en todas las actividades y manifestaciones de solidaridad con Palestina en Italia.<\/p>\n","protected":false},"excerpt":{"rendered":"<p>El s\u00e1bado 4 de enero de 2025, la capital italiana, Roma, fue testigo de una concentraci\u00f3n multitudinaria frente a la oficina de representaci\u00f3n de la Autoridad Palestina (AP), en protesta por la coordinaci\u00f3n de seguridad entre los servicios de seguridad palestinos y el Estado de ocupaci\u00f3n, y denunciando la campa\u00f1a militar de la AP contra la resistencia en el campo de refugiados de Yen\u00edn. Los manifestantes acusaron a la AP de seguir una pol\u00edtica traicionera hacia el pueblo palestino y su resistencia, mientras la m\u00e1quina de matar sionista sigue cometiendo genocidio en Gaza, y denunciaron su coordinaci\u00f3n con la ocupaci\u00f3n israel\u00ed en lugar de defender a su pueblo. La escena en Yen\u00edn es cada vez m\u00e1s tr\u00e1gica: Mientras el ej\u00e9rcito israel\u00ed contin\u00faa sus incursiones en las ciudades de Cisjordania ocupada, la Autoridad Palestina (AP) sigue persiguiendo a la resistencia en lugar de proteger al pueblo palestino de los ataques de los colonos. El campo de Yen\u00edn, s\u00edmbolo de la lucha palestina, se ha convertido en blanco de la represi\u00f3n tanto de Israel como de la AP. Los participantes en la concentraci\u00f3n exigieron el fin del asedio iniciado a principios de diciembre, que hasta ahora ha provocado el martirio de ocho &hellip;<\/p>\n","protected":false},"author":1,"featured_media":796,"comment_status":"open","ping_status":"open","sticky":false,"template":"","format":"standard","meta":{"_acf_changed":false,"_eb_attr":"","footnotes":""},"categories":[1,5,3],"tags":[72,32,82,17,26],"class_list":["post-795","post","type-post","status-publish","format-standard","has-post-thumbnail","hentry","category-archivo","category-con-palestina","category-noticias","tag-autoridad_palestina","tag-cisjordania","tag-ocupacionisraeli","tag-palestina","tag-palestinalibre"],"acf":[],"yoast_head":"<!-- This site is optimized with the Yoast SEO Premium plugin v22.8 (Yoast SEO v24.8.1) - https:\/\/yoast.com\/wordpress\/plugins\/seo\/ -->\n<title>MANOS FUERA DE YEN\u00cdN: Protesta en Roma contra la coordinaci\u00f3n de seguridad entre la Autoridad Palestina e Israel - Rep\u00fablica de Palestina<\/title>\n<meta name=\"robots\" content=\"index, follow, max-snippet:-1, max-image-preview:large, max-video-preview:-1\" \/>\n<link rel=\"canonical\" href=\"https:\/\/republicpalestine.com\/es\/2025\/01\/09\/manos-fuera-de-yenin-protesta-en-roma-contra-la-coordinacion-de-seguridad-entre-la-autoridad-palestina-e-israel\/\" \/>\n<meta property=\"og:locale\" content=\"es_ES\" \/>\n<meta property=\"og:type\" content=\"article\" \/>\n<meta property=\"og:title\" content=\"MANOS FUERA DE YEN\u00cdN: Protesta en Roma contra la coordinaci\u00f3n de seguridad entre la Autoridad Palestina e Israel\" \/>\n<meta property=\"og:description\" content=\"El s\u00e1bado 4 de enero de 2025, la capital italiana, Roma, fue testigo de una concentraci\u00f3n multitudinaria frente a la oficina de representaci\u00f3n de la Autoridad Palestina (AP), en protesta por la coordinaci\u00f3n de seguridad entre los servicios de seguridad palestinos y el Estado de ocupaci\u00f3n, y denunciando la campa\u00f1a militar de la AP contra la resistencia en el campo de refugiados de Yen\u00edn. Los manifestantes acusaron a la AP de seguir una pol\u00edtica traicionera hacia el pueblo palestino y su resistencia, mientras la m\u00e1quina de matar sionista sigue cometiendo genocidio en Gaza, y denunciaron su coordinaci\u00f3n con la ocupaci\u00f3n israel\u00ed en lugar de defender a su pueblo. La escena en Yen\u00edn es cada vez m\u00e1s tr\u00e1gica: Mientras el ej\u00e9rcito israel\u00ed contin\u00faa sus incursiones en las ciudades de Cisjordania ocupada, la Autoridad Palestina (AP) sigue persiguiendo a la resistencia en lugar de proteger al pueblo palestino de los ataques de los colonos. El campo de Yen\u00edn, s\u00edmbolo de la lucha palestina, se ha convertido en blanco de la represi\u00f3n tanto de Israel como de la AP. Los participantes en la concentraci\u00f3n exigieron el fin del asedio iniciado a principios de diciembre, que hasta ahora ha provocado el martirio de ocho &hellip;\" \/>\n<meta property=\"og:url\" content=\"https:\/\/republicpalestine.com\/es\/2025\/01\/09\/manos-fuera-de-yenin-protesta-en-roma-contra-la-coordinacion-de-seguridad-entre-la-autoridad-palestina-e-israel\/\" \/>\n<meta property=\"og:site_name\" content=\"Rep\u00fablica de Palestina\" \/>\n<meta property=\"article:published_time\" content=\"2025-01-08T21:53:40+00:00\" \/>\n<meta property=\"article:modified_time\" content=\"2025-01-08T21:53:41+00:00\" \/>\n<meta property=\"og:image\" content=\"https:\/\/republicpalestine.com\/es\/wp-content\/uploads\/sites\/3\/2025\/01\/Protest-in-Italy.jpeg\" \/>\n\t<meta property=\"og:image:width\" content=\"1080\" \/>\n\t<meta property=\"og:image:height\" content=\"717\" \/>\n\t<meta property=\"og:image:type\" content=\"image\/jpeg\" \/>\n<meta name=\"author\" content=\"RepublicofPalestine\" \/>\n<meta name=\"twitter:card\" content=\"summary_large_image\" \/>\n<meta name=\"twitter:label1\" content=\"Escrito por\" \/>\n\t<meta name=\"twitter:data1\" content=\"RepublicofPalestine\" \/>\n\t<meta name=\"twitter:label2\" content=\"Tiempo de lectura\" \/>\n\t<meta name=\"twitter:data2\" content=\"2 minutos\" \/>\n<script type=\"application\/ld+json\" class=\"yoast-schema-graph\">{\"@context\":\"https:\/\/schema.org\",\"@graph\":[{\"@type\":\"WebPage\",\"@id\":\"https:\/\/republicpalestine.com\/es\/2025\/01\/09\/manos-fuera-de-yenin-protesta-en-roma-contra-la-coordinacion-de-seguridad-entre-la-autoridad-palestina-e-israel\/\",\"url\":\"https:\/\/republicpalestine.com\/es\/2025\/01\/09\/manos-fuera-de-yenin-protesta-en-roma-contra-la-coordinacion-de-seguridad-entre-la-autoridad-palestina-e-israel\/\",\"name\":\"MANOS FUERA DE YEN\u00cdN: Protesta en Roma contra la coordinaci\u00f3n de seguridad entre la Autoridad Palestina e Israel - Rep\u00fablica de Palestina\",\"isPartOf\":{\"@id\":\"https:\/\/republicpalestine.com\/es\/#website\"},\"primaryImageOfPage\":{\"@id\":\"https:\/\/republicpalestine.com\/es\/2025\/01\/09\/manos-fuera-de-yenin-protesta-en-roma-contra-la-coordinacion-de-seguridad-entre-la-autoridad-palestina-e-israel\/#primaryimage\"},\"image\":{\"@id\":\"https:\/\/republicpalestine.com\/es\/2025\/01\/09\/manos-fuera-de-yenin-protesta-en-roma-contra-la-coordinacion-de-seguridad-entre-la-autoridad-palestina-e-israel\/#primaryimage\"},\"thumbnailUrl\":\"https:\/\/republicpalestine.com\/es\/wp-content\/uploads\/sites\/3\/2025\/01\/Protest-in-Italy.jpeg\",\"datePublished\":\"2025-01-08T21:53:40+00:00\",\"dateModified\":\"2025-01-08T21:53:41+00:00\",\"author\":{\"@id\":\"https:\/\/republicpalestine.com\/es\/#\/schema\/person\/a116984632a4562b5d251d19cb8e8bf3\"},\"breadcrumb\":{\"@id\":\"https:\/\/republicpalestine.com\/es\/2025\/01\/09\/manos-fuera-de-yenin-protesta-en-roma-contra-la-coordinacion-de-seguridad-entre-la-autoridad-palestina-e-israel\/#breadcrumb\"},\"inLanguage\":\"es\",\"potentialAction\":[{\"@type\":\"ReadAction\",\"target\":[\"https:\/\/republicpalestine.com\/es\/2025\/01\/09\/manos-fuera-de-yenin-protesta-en-roma-contra-la-coordinacion-de-seguridad-entre-la-autoridad-palestina-e-israel\/\"]}]},{\"@type\":\"ImageObject\",\"inLanguage\":\"es\",\"@id\":\"https:\/\/republicpalestine.com\/es\/2025\/01\/09\/manos-fuera-de-yenin-protesta-en-roma-contra-la-coordinacion-de-seguridad-entre-la-autoridad-palestina-e-israel\/#primaryimage\",\"url\":\"https:\/\/republicpalestine.com\/es\/wp-content\/uploads\/sites\/3\/2025\/01\/Protest-in-Italy.jpeg\",\"contentUrl\":\"https:\/\/republicpalestine.com\/es\/wp-content\/uploads\/sites\/3\/2025\/01\/Protest-in-Italy.jpeg\",\"width\":1080,\"height\":717},{\"@type\":\"BreadcrumbList\",\"@id\":\"https:\/\/republicpalestine.com\/es\/2025\/01\/09\/manos-fuera-de-yenin-protesta-en-roma-contra-la-coordinacion-de-seguridad-entre-la-autoridad-palestina-e-israel\/#breadcrumb\",\"itemListElement\":[{\"@type\":\"ListItem\",\"position\":1,\"name\":\"\u0627\u0644\u0631\u0626\u064a\u0633\u064a\u0629\",\"item\":\"https:\/\/republicpalestine.com\/es\/\"},{\"@type\":\"ListItem\",\"position\":2,\"name\":\"MANOS FUERA DE YEN\u00cdN: Protesta en Roma contra la coordinaci\u00f3n de seguridad entre la Autoridad Palestina e Israel\"}]},{\"@type\":\"WebSite\",\"@id\":\"https:\/\/republicpalestine.com\/es\/#website\",\"url\":\"https:\/\/republicpalestine.com\/es\/\",\"name\":\"Rep\u00fablica de Palestina\",\"description\":\"\",\"potentialAction\":[{\"@type\":\"SearchAction\",\"target\":{\"@type\":\"EntryPoint\",\"urlTemplate\":\"https:\/\/republicpalestine.com\/es\/?s={search_term_string}\"},\"query-input\":{\"@type\":\"PropertyValueSpecification\",\"valueRequired\":true,\"valueName\":\"search_term_string\"}}],\"inLanguage\":\"es\"},{\"@type\":\"Person\",\"@id\":\"https:\/\/republicpalestine.com\/es\/#\/schema\/person\/a116984632a4562b5d251d19cb8e8bf3\",\"name\":\"RepublicofPalestine\",\"image\":{\"@type\":\"ImageObject\",\"inLanguage\":\"es\",\"@id\":\"https:\/\/republicpalestine.com\/es\/#\/schema\/person\/image\/\",\"url\":\"https:\/\/secure.gravatar.com\/avatar\/13240ade82024fefe7ea06e3569c7001?s=96&d=mm&r=g\",\"contentUrl\":\"https:\/\/secure.gravatar.com\/avatar\/13240ade82024fefe7ea06e3569c7001?s=96&d=mm&r=g\",\"caption\":\"RepublicofPalestine\"},\"sameAs\":[\"https:\/\/republicpalestine.com\"],\"url\":\"https:\/\/republicpalestine.com\/es\/author\/jmhoriaadmin\/\"}]}<\/script>\n<!-- \/ Yoast SEO Premium plugin. -->","yoast_head_json":{"title":"MANOS FUERA DE YEN\u00cdN: Protesta en Roma contra la coordinaci\u00f3n de seguridad entre la Autoridad Palestina e Israel - Rep\u00fablica de Palestina","robots":{"index":"index","follow":"follow","max-snippet":"max-snippet:-1","max-image-preview":"max-image-preview:large","max-video-preview":"max-video-preview:-1"},"canonical":"https:\/\/republicpalestine.com\/es\/2025\/01\/09\/manos-fuera-de-yenin-protesta-en-roma-contra-la-coordinacion-de-seguridad-entre-la-autoridad-palestina-e-israel\/","og_locale":"es_ES","og_type":"article","og_title":"MANOS FUERA DE YEN\u00cdN: Protesta en Roma contra la coordinaci\u00f3n de seguridad entre la Autoridad Palestina e Israel","og_description":"El s\u00e1bado 4 de enero de 2025, la capital italiana, Roma, fue testigo de una concentraci\u00f3n multitudinaria frente a la oficina de representaci\u00f3n de la Autoridad Palestina (AP), en protesta por la coordinaci\u00f3n de seguridad entre los servicios de seguridad palestinos y el Estado de ocupaci\u00f3n, y denunciando la campa\u00f1a militar de la AP contra la resistencia en el campo de refugiados de Yen\u00edn. Los manifestantes acusaron a la AP de seguir una pol\u00edtica traicionera hacia el pueblo palestino y su resistencia, mientras la m\u00e1quina de matar sionista sigue cometiendo genocidio en Gaza, y denunciaron su coordinaci\u00f3n con la ocupaci\u00f3n israel\u00ed en lugar de defender a su pueblo. La escena en Yen\u00edn es cada vez m\u00e1s tr\u00e1gica: Mientras el ej\u00e9rcito israel\u00ed contin\u00faa sus incursiones en las ciudades de Cisjordania ocupada, la Autoridad Palestina (AP) sigue persiguiendo a la resistencia en lugar de proteger al pueblo palestino de los ataques de los colonos. El campo de Yen\u00edn, s\u00edmbolo de la lucha palestina, se ha convertido en blanco de la represi\u00f3n tanto de Israel como de la AP. Los participantes en la concentraci\u00f3n exigieron el fin del asedio iniciado a principios de diciembre, que hasta ahora ha provocado el martirio de ocho &hellip;","og_url":"https:\/\/republicpalestine.com\/es\/2025\/01\/09\/manos-fuera-de-yenin-protesta-en-roma-contra-la-coordinacion-de-seguridad-entre-la-autoridad-palestina-e-israel\/","og_site_name":"Rep\u00fablica de Palestina","article_published_time":"2025-01-08T21:53:40+00:00","article_modified_time":"2025-01-08T21:53:41+00:00","og_image":[{"width":1080,"height":717,"url":"https:\/\/republicpalestine.com\/es\/wp-content\/uploads\/sites\/3\/2025\/01\/Protest-in-Italy.jpeg","type":"image\/jpeg"}],"author":"RepublicofPalestine","twitter_card":"summary_large_image","twitter_misc":{"Escrito por":"RepublicofPalestine","Tiempo de lectura":"2 minutos"},"schema":{"@context":"https:\/\/schema.org","@graph":[{"@type":"WebPage","@id":"https:\/\/republicpalestine.com\/es\/2025\/01\/09\/manos-fuera-de-yenin-protesta-en-roma-contra-la-coordinacion-de-seguridad-entre-la-autoridad-palestina-e-israel\/","url":"https:\/\/republicpalestine.com\/es\/2025\/01\/09\/manos-fuera-de-yenin-protesta-en-roma-contra-la-coordinacion-de-seguridad-entre-la-autoridad-palestina-e-israel\/","name":"MANOS FUERA DE YEN\u00cdN: Protesta en Roma contra la coordinaci\u00f3n de seguridad entre la Autoridad Palestina e Israel - Rep\u00fablica de Palestina","isPartOf":{"@id":"https:\/\/republicpalestine.com\/es\/#website"},"primaryImageOfPage":{"@id":"https:\/\/republicpalestine.com\/es\/2025\/01\/09\/manos-fuera-de-yenin-protesta-en-roma-contra-la-coordinacion-de-seguridad-entre-la-autoridad-palestina-e-israel\/#primaryimage"},"image":{"@id":"https:\/\/republicpalestine.com\/es\/2025\/01\/09\/manos-fuera-de-yenin-protesta-en-roma-contra-la-coordinacion-de-seguridad-entre-la-autoridad-palestina-e-israel\/#primaryimage"},"thumbnailUrl":"https:\/\/republicpalestine.com\/es\/wp-content\/uploads\/sites\/3\/2025\/01\/Protest-in-Italy.jpeg","datePublished":"2025-01-08T21:53:40+00:00","dateModified":"2025-01-08T21:53:41+00:00","author":{"@id":"https:\/\/republicpalestine.com\/es\/#\/schema\/person\/a116984632a4562b5d251d19cb8e8bf3"},"breadcrumb":{"@id":"https:\/\/republicpalestine.com\/es\/2025\/01\/09\/manos-fuera-de-yenin-protesta-en-roma-contra-la-coordinacion-de-seguridad-entre-la-autoridad-palestina-e-israel\/#breadcrumb"},"inLanguage":"es","potentialAction":[{"@type":"ReadAction","target":["https:\/\/republicpalestine.com\/es\/2025\/01\/09\/manos-fuera-de-yenin-protesta-en-roma-contra-la-coordinacion-de-seguridad-entre-la-autoridad-palestina-e-israel\/"]}]},{"@type":"ImageObject","inLanguage":"es","@id":"https:\/\/republicpalestine.com\/es\/2025\/01\/09\/manos-fuera-de-yenin-protesta-en-roma-contra-la-coordinacion-de-seguridad-entre-la-autoridad-palestina-e-israel\/#primaryimage","url":"https:\/\/republicpalestine.com\/es\/wp-content\/uploads\/sites\/3\/2025\/01\/Protest-in-Italy.jpeg","contentUrl":"https:\/\/republicpalestine.com\/es\/wp-content\/uploads\/sites\/3\/2025\/01\/Protest-in-Italy.jpeg","width":1080,"height":717},{"@type":"BreadcrumbList","@id":"https:\/\/republicpalestine.com\/es\/2025\/01\/09\/manos-fuera-de-yenin-protesta-en-roma-contra-la-coordinacion-de-seguridad-entre-la-autoridad-palestina-e-israel\/#breadcrumb","itemListElement":[{"@type":"ListItem","position":1,"name":"\u0627\u0644\u0631\u0626\u064a\u0633\u064a\u0629","item":"https:\/\/republicpalestine.com\/es\/"},{"@type":"ListItem","position":2,"name":"MANOS FUERA DE YEN\u00cdN: Protesta en Roma contra la coordinaci\u00f3n de seguridad entre la Autoridad Palestina e Israel"}]},{"@type":"WebSite","@id":"https:\/\/republicpalestine.com\/es\/#website","url":"https:\/\/republicpalestine.com\/es\/","name":"Rep\u00fablica de Palestina","description":"","potentialAction":[{"@type":"SearchAction","target":{"@type":"EntryPoint","urlTemplate":"https:\/\/republicpalestine.com\/es\/?s={search_term_string}"},"query-input":{"@type":"PropertyValueSpecification","valueRequired":true,"valueName":"search_term_string"}}],"inLanguage":"es"},{"@type":"Person","@id":"https:\/\/republicpalestine.com\/es\/#\/schema\/person\/a116984632a4562b5d251d19cb8e8bf3","name":"RepublicofPalestine","image":{"@type":"ImageObject","inLanguage":"es","@id":"https:\/\/republicpalestine.com\/es\/#\/schema\/person\/image\/","url":"https:\/\/secure.gravatar.com\/avatar\/13240ade82024fefe7ea06e3569c7001?s=96&d=mm&r=g","contentUrl":"https:\/\/secure.gravatar.com\/avatar\/13240ade82024fefe7ea06e3569c7001?s=96&d=mm&r=g","caption":"RepublicofPalestine"},"sameAs":["https:\/\/republicpalestine.com"],"url":"https:\/\/republicpalestine.com\/es\/author\/jmhoriaadmin\/"}]}},"_links":{"self":[{"href":"https:\/\/republicpalestine.com\/es\/wp-json\/wp\/v2\/posts\/795","targetHints":{"allow":["GET"]}}],"collection":[{"href":"https:\/\/republicpalestine.com\/es\/wp-json\/wp\/v2\/posts"}],"about":[{"href":"https:\/\/republicpalestine.com\/es\/wp-json\/wp\/v2\/types\/post"}],"author":[{"embeddable":true,"href":"https:\/\/republicpalestine.com\/es\/wp-json\/wp\/v2\/users\/1"}],"replies":[{"embeddable":true,"href":"https:\/\/republicpalestine.com\/es\/wp-json\/wp\/v2\/comments?post=795"}],"version-history":[{"count":1,"href":"https:\/\/republicpalestine.com\/es\/wp-json\/wp\/v2\/posts\/795\/revisions"}],"predecessor-version":[{"id":797,"href":"https:\/\/republicpalestine.com\/es\/wp-json\/wp\/v2\/posts\/795\/revisions\/797"}],"wp:featuredmedia":[{"embeddable":true,"href":"https:\/\/republicpalestine.com\/es\/wp-json\/wp\/v2\/media\/796"}],"wp:attachment":[{"href":"https:\/\/republicpalestine.com\/es\/wp-json\/wp\/v2\/media?parent=795"}],"wp:term":[{"taxonomy":"category","embeddable":true,"href":"https:\/\/republicpalestine.com\/es\/wp-json\/wp\/v2\/categories?post=795"},{"taxonomy":"post_tag","embeddable":true,"href":"https:\/\/republicpalestine.com\/es\/wp-json\/wp\/v2\/tags?post=795"}],"curies":[{"name":"wp","href":"https:\/\/api.w.org\/{rel}","templated":true}]}}