{"id":804,"date":"2025-01-11T21:54:15","date_gmt":"2025-01-11T18:54:15","guid":{"rendered":"https:\/\/republicpalestine.com\/es\/?p=804"},"modified":"2025-01-11T21:54:16","modified_gmt":"2025-01-11T18:54:16","slug":"el-presidente-venezolano-maduro-es-investido-para-un-nuevo-mandato-en-medio-de-celebraciones-populares-y-del-festival-internacional-de-la-juventud-antifascista-en-caracas","status":"publish","type":"post","link":"https:\/\/republicpalestine.com\/es\/2025\/01\/11\/el-presidente-venezolano-maduro-es-investido-para-un-nuevo-mandato-en-medio-de-celebraciones-populares-y-del-festival-internacional-de-la-juventud-antifascista-en-caracas\/","title":{"rendered":"El presidente venezolano Maduro es investido para un nuevo mandato en medio de celebraciones populares y del Festival Internacional de la Juventud Antifascista en Caracas"},"content":{"rendered":"\n<p style=\"font-size:16px\">-Corresponsal de <em>Rep\u00fablica de Palestina<\/em><\/p>\n\n\n\n<p style=\"font-size:16px\">Caracas, Venezuela. El 11 de enero de 2025<\/p>\n\n\n\n<p style=\"font-size:16px\">El presidente Nicol\u00e1s Maduro prest\u00f3 juramento constitucional el viernes 10 de enero en el sal\u00f3n principal del Palacio Federal Legislativo ante el presidente supremo del Poder Legislativo, diputado Jorge Rodr\u00edguez, como \u00fanico presidente leg\u00edtimo de la Rep\u00fablica Bolivariana de Venezuela, en presencia de m\u00e1s de 200 invitados internacionales, comprometi\u00e9ndose a culminar su mandato y cumplir con todos sus deberes, repitiendo: \u00abJuro por la historia y juro por mi vida respetar y aplicar la Constituci\u00f3n del pa\u00eds.\u00bb<\/p>\n\n\n\n<p style=\"font-size:16px\">M\u00e1s de 2000 representantes de gobiernos, movimientos sociales y partidos pol\u00edticos de m\u00e1s de 125 pa\u00edses de todos los continentes participaron en los actos y celebraciones de la toma de posesi\u00f3n del Presidente Maduro para un nuevo mandato, incluyendo la presencia de la delegaci\u00f3n del Frente Popular para la Liberaci\u00f3n de Palestina, y para estar con el pueblo venezolano en este d\u00eda hist\u00f3rico en el que el Presidente electo decidi\u00f3 jurar nuevamente ante el pueblo venezolano en las calles, frente al Palacio Republicano de Miraflores, con gran afluencia de personas e invitados extranjeros, diciendo:<\/p>\n\n\n\n<p style=\"font-size:16px\">\u00abHoy juro por el honor y la dignidad de la patria, hoy vine a jurar ante la Asamblea Legislativa, pero quer\u00eda estar aqu\u00ed en el mismo lugar donde hace doce a\u00f1os todos juramos por Ch\u00e1vez\u00bb.<\/p>\n\n\n\n<p style=\"font-size:16px\">Maduro a\u00f1adi\u00f3 que la raz\u00f3n por la que est\u00e1n aqu\u00ed es porque el Estado venezolano en su conjunto ha ejercido su derecho a la autodefensa contra una conspiraci\u00f3n global urdida por Estados Unidos y sus seguidores en Am\u00e9rica Latina. \u00abFueron estos adversarios quienes convirtieron las elecciones presidenciales de Venezuela en unas elecciones globales. El pueblo de Venezuela ha derrotado al imperialismo y a su diplomacia del enga\u00f1o.\u00bb<\/p>\n\n\n\n<p style=\"font-size:16px\">En un claro mensaje a quienes se oponen al proceso bolivariano, Maduro dijo: \u00abNo han podido con nosotros, y ni ustedes ni nadie podr\u00e1 con este pueblo\u00bb. Subray\u00f3 que as\u00ed ser\u00e1 porque no se trata de una persona, no se trata de Maduro, se trata del pueblo y de su voluntad.<\/p>\n\n\n\n<p style=\"font-size:16px\">El presidente Nicol\u00e1s Maduro gan\u00f3 las elecciones celebradas en julio del a\u00f1o pasado con el 51,95% de los votos, derrotando a su oponente Edmundo, del movimiento fascista de extrema derecha, que obtuvo el 43,18% de los votos.<\/p>\n\n\n\n<p style=\"font-size:16px\">Maduro describi\u00f3 c\u00f3mo los \u00faltimos seis a\u00f1os simbolizan la guerra contra el imperialismo y la lucha de 500 a\u00f1os en el territorio nacional contra todas las formas hegemon\u00eda y se repiten continuando la construcci\u00f3n del socialismo en Venezuela, profundizando la Revoluci\u00f3n Bolivariana y continuando el legado del Comandante Hugo Ch\u00e1vez Fr\u00edas y del h\u00e9roe nacional y libertador Sim\u00f3n Bol\u00edvar.<\/p>\n\n\n\n<p style=\"font-size:16px\">En los \u00faltimos a\u00f1os, Venezuela se ha enfrentado a numerosos complots para derrocar al gobierno leg\u00edtimo y electo de Venezuela, incluido un intento de golpe paramilitar en mayo de 2020, conocido como \u00abOperaci\u00f3n Gede\u00f3n\u00bb. Ese complot fue neutralizado por las fuerzas armadas del pa\u00eds.<\/p>\n\n\n\n<p style=\"font-size:16px\">El presidente venezolano a\u00f1adi\u00f3 que, desde las elecciones presidenciales del 28 de julio, las fuerzas de seguridad hab\u00edan detenido a 125 personas de 25 pa\u00edses diferentes acusadas de \u00abterrorismo\u00bb y de estar implicadas en presuntos complots para atentar contra los servicios p\u00fablicos. Acus\u00f3 a la oposici\u00f3n extremista, respaldada por Estados Unidos, de estar vinculada a los extranjeros detenidos y pidi\u00f3 que se decretara el estado de m\u00e1xima alerta ante la investidura presidencial que tuvo lugar el 10 de enero.<\/p>\n\n\n\n<p style=\"font-size:16px\">Al mismo tiempo que tomaba posesi\u00f3n el presidente Maduro, el gobierno estadounidense anunci\u00f3 una recompensa de 25 millones de d\u00f3lares por su captura y varias nuevas sanciones contra Maduro y miembros de su gobierno. El gobierno estadounidense, que apoya a la oposici\u00f3n representada por Edmund Gonz\u00e1lez, ha intentado derrocar el proceso electoral y el gobierno leg\u00edtimo de Venezuela, sin embargo, estos intentos fracasaron ante la voluntad del pueblo.<\/p>\n","protected":false},"excerpt":{"rendered":"<p>-Corresponsal de Rep\u00fablica de Palestina Caracas, Venezuela. El 11 de enero de 2025 El presidente Nicol\u00e1s Maduro prest\u00f3 juramento constitucional el viernes 10 de enero en el sal\u00f3n principal del Palacio Federal Legislativo ante el presidente supremo del Poder Legislativo, diputado Jorge Rodr\u00edguez, como \u00fanico presidente leg\u00edtimo de la Rep\u00fablica Bolivariana de Venezuela, en presencia de m\u00e1s de 200 invitados internacionales, comprometi\u00e9ndose a culminar su mandato y cumplir con todos sus deberes, repitiendo: \u00abJuro por la historia y juro por mi vida respetar y aplicar la Constituci\u00f3n del pa\u00eds.\u00bb M\u00e1s de 2000 representantes de gobiernos, movimientos sociales y partidos pol\u00edticos de m\u00e1s de 125 pa\u00edses de todos los continentes participaron en los actos y celebraciones de la toma de posesi\u00f3n del Presidente Maduro para un nuevo mandato, incluyendo la presencia de la delegaci\u00f3n del Frente Popular para la Liberaci\u00f3n de Palestina, y para estar con el pueblo venezolano en este d\u00eda hist\u00f3rico en el que el Presidente electo decidi\u00f3 jurar nuevamente ante el pueblo venezolano en las calles, frente al Palacio Republicano de Miraflores, con gran afluencia de personas e invitados extranjeros, diciendo: \u00abHoy juro por el honor y la dignidad de la patria, hoy vine a jurar ante la &hellip;<\/p>\n","protected":false},"author":1,"featured_media":805,"comment_status":"open","ping_status":"open","sticky":false,"template":"","format":"standard","meta":{"_acf_changed":false,"_eb_attr":"","footnotes":""},"categories":[1,3],"tags":[54,84,86,85,50,53],"class_list":["post-804","post","type-post","status-publish","format-standard","has-post-thumbnail","hentry","category-archivo","category-noticias","tag-antifascismo","tag-maduro","tag-palaestina","tag-revolucion_bolivariana","tag-solidaridad","tag-venezuela"],"acf":[],"yoast_head":"<!-- This site is optimized with the Yoast SEO Premium plugin v22.8 (Yoast SEO v24.8.1) - https:\/\/yoast.com\/wordpress\/plugins\/seo\/ -->\n<title>El presidente venezolano Maduro es investido para un nuevo mandato en medio de celebraciones populares y del Festival Internacional de la Juventud Antifascista en Caracas - Rep\u00fablica de Palestina<\/title>\n<meta name=\"robots\" content=\"index, follow, max-snippet:-1, max-image-preview:large, max-video-preview:-1\" \/>\n<link rel=\"canonical\" href=\"https:\/\/republicpalestine.com\/es\/2025\/01\/11\/el-presidente-venezolano-maduro-es-investido-para-un-nuevo-mandato-en-medio-de-celebraciones-populares-y-del-festival-internacional-de-la-juventud-antifascista-en-caracas\/\" \/>\n<meta property=\"og:locale\" content=\"es_ES\" \/>\n<meta property=\"og:type\" content=\"article\" \/>\n<meta property=\"og:title\" content=\"El presidente venezolano Maduro es investido para un nuevo mandato en medio de celebraciones populares y del Festival Internacional de la Juventud Antifascista en Caracas\" \/>\n<meta property=\"og:description\" content=\"-Corresponsal de Rep\u00fablica de Palestina Caracas, Venezuela. El 11 de enero de 2025 El presidente Nicol\u00e1s Maduro prest\u00f3 juramento constitucional el viernes 10 de enero en el sal\u00f3n principal del Palacio Federal Legislativo ante el presidente supremo del Poder Legislativo, diputado Jorge Rodr\u00edguez, como \u00fanico presidente leg\u00edtimo de la Rep\u00fablica Bolivariana de Venezuela, en presencia de m\u00e1s de 200 invitados internacionales, comprometi\u00e9ndose a culminar su mandato y cumplir con todos sus deberes, repitiendo: \u00abJuro por la historia y juro por mi vida respetar y aplicar la Constituci\u00f3n del pa\u00eds.\u00bb M\u00e1s de 2000 representantes de gobiernos, movimientos sociales y partidos pol\u00edticos de m\u00e1s de 125 pa\u00edses de todos los continentes participaron en los actos y celebraciones de la toma de posesi\u00f3n del Presidente Maduro para un nuevo mandato, incluyendo la presencia de la delegaci\u00f3n del Frente Popular para la Liberaci\u00f3n de Palestina, y para estar con el pueblo venezolano en este d\u00eda hist\u00f3rico en el que el Presidente electo decidi\u00f3 jurar nuevamente ante el pueblo venezolano en las calles, frente al Palacio Republicano de Miraflores, con gran afluencia de personas e invitados extranjeros, diciendo: \u00abHoy juro por el honor y la dignidad de la patria, hoy vine a jurar ante la &hellip;\" \/>\n<meta property=\"og:url\" content=\"https:\/\/republicpalestine.com\/es\/2025\/01\/11\/el-presidente-venezolano-maduro-es-investido-para-un-nuevo-mandato-en-medio-de-celebraciones-populares-y-del-festival-internacional-de-la-juventud-antifascista-en-caracas\/\" \/>\n<meta property=\"og:site_name\" content=\"Rep\u00fablica de Palestina\" \/>\n<meta property=\"article:published_time\" content=\"2025-01-11T18:54:15+00:00\" \/>\n<meta property=\"article:modified_time\" content=\"2025-01-11T18:54:16+00:00\" \/>\n<meta property=\"og:image\" content=\"https:\/\/republicpalestine.com\/es\/wp-content\/uploads\/sites\/3\/2025\/01\/030218-maduro_0.jpg\" \/>\n\t<meta property=\"og:image:width\" content=\"1280\" \/>\n\t<meta property=\"og:image:height\" content=\"720\" \/>\n\t<meta property=\"og:image:type\" content=\"image\/jpeg\" \/>\n<meta name=\"author\" content=\"RepublicofPalestine\" \/>\n<meta name=\"twitter:card\" content=\"summary_large_image\" \/>\n<meta name=\"twitter:label1\" content=\"Escrito por\" \/>\n\t<meta name=\"twitter:data1\" content=\"RepublicofPalestine\" \/>\n\t<meta name=\"twitter:label2\" content=\"Tiempo de lectura\" \/>\n\t<meta name=\"twitter:data2\" content=\"4 minutos\" \/>\n<script type=\"application\/ld+json\" class=\"yoast-schema-graph\">{\"@context\":\"https:\/\/schema.org\",\"@graph\":[{\"@type\":\"WebPage\",\"@id\":\"https:\/\/republicpalestine.com\/es\/2025\/01\/11\/el-presidente-venezolano-maduro-es-investido-para-un-nuevo-mandato-en-medio-de-celebraciones-populares-y-del-festival-internacional-de-la-juventud-antifascista-en-caracas\/\",\"url\":\"https:\/\/republicpalestine.com\/es\/2025\/01\/11\/el-presidente-venezolano-maduro-es-investido-para-un-nuevo-mandato-en-medio-de-celebraciones-populares-y-del-festival-internacional-de-la-juventud-antifascista-en-caracas\/\",\"name\":\"El presidente venezolano Maduro es investido para un nuevo mandato en medio de celebraciones populares y del Festival Internacional de la Juventud Antifascista en Caracas - Rep\u00fablica de Palestina\",\"isPartOf\":{\"@id\":\"https:\/\/republicpalestine.com\/es\/#website\"},\"primaryImageOfPage\":{\"@id\":\"https:\/\/republicpalestine.com\/es\/2025\/01\/11\/el-presidente-venezolano-maduro-es-investido-para-un-nuevo-mandato-en-medio-de-celebraciones-populares-y-del-festival-internacional-de-la-juventud-antifascista-en-caracas\/#primaryimage\"},\"image\":{\"@id\":\"https:\/\/republicpalestine.com\/es\/2025\/01\/11\/el-presidente-venezolano-maduro-es-investido-para-un-nuevo-mandato-en-medio-de-celebraciones-populares-y-del-festival-internacional-de-la-juventud-antifascista-en-caracas\/#primaryimage\"},\"thumbnailUrl\":\"https:\/\/republicpalestine.com\/es\/wp-content\/uploads\/sites\/3\/2025\/01\/030218-maduro_0.jpg\",\"datePublished\":\"2025-01-11T18:54:15+00:00\",\"dateModified\":\"2025-01-11T18:54:16+00:00\",\"author\":{\"@id\":\"https:\/\/republicpalestine.com\/es\/#\/schema\/person\/a116984632a4562b5d251d19cb8e8bf3\"},\"breadcrumb\":{\"@id\":\"https:\/\/republicpalestine.com\/es\/2025\/01\/11\/el-presidente-venezolano-maduro-es-investido-para-un-nuevo-mandato-en-medio-de-celebraciones-populares-y-del-festival-internacional-de-la-juventud-antifascista-en-caracas\/#breadcrumb\"},\"inLanguage\":\"es\",\"potentialAction\":[{\"@type\":\"ReadAction\",\"target\":[\"https:\/\/republicpalestine.com\/es\/2025\/01\/11\/el-presidente-venezolano-maduro-es-investido-para-un-nuevo-mandato-en-medio-de-celebraciones-populares-y-del-festival-internacional-de-la-juventud-antifascista-en-caracas\/\"]}]},{\"@type\":\"ImageObject\",\"inLanguage\":\"es\",\"@id\":\"https:\/\/republicpalestine.com\/es\/2025\/01\/11\/el-presidente-venezolano-maduro-es-investido-para-un-nuevo-mandato-en-medio-de-celebraciones-populares-y-del-festival-internacional-de-la-juventud-antifascista-en-caracas\/#primaryimage\",\"url\":\"https:\/\/republicpalestine.com\/es\/wp-content\/uploads\/sites\/3\/2025\/01\/030218-maduro_0.jpg\",\"contentUrl\":\"https:\/\/republicpalestine.com\/es\/wp-content\/uploads\/sites\/3\/2025\/01\/030218-maduro_0.jpg\",\"width\":1280,\"height\":720},{\"@type\":\"BreadcrumbList\",\"@id\":\"https:\/\/republicpalestine.com\/es\/2025\/01\/11\/el-presidente-venezolano-maduro-es-investido-para-un-nuevo-mandato-en-medio-de-celebraciones-populares-y-del-festival-internacional-de-la-juventud-antifascista-en-caracas\/#breadcrumb\",\"itemListElement\":[{\"@type\":\"ListItem\",\"position\":1,\"name\":\"\u0627\u0644\u0631\u0626\u064a\u0633\u064a\u0629\",\"item\":\"https:\/\/republicpalestine.com\/es\/\"},{\"@type\":\"ListItem\",\"position\":2,\"name\":\"El presidente venezolano Maduro es investido para un nuevo mandato en medio de celebraciones populares y del Festival Internacional de la Juventud Antifascista en Caracas\"}]},{\"@type\":\"WebSite\",\"@id\":\"https:\/\/republicpalestine.com\/es\/#website\",\"url\":\"https:\/\/republicpalestine.com\/es\/\",\"name\":\"Rep\u00fablica de Palestina\",\"description\":\"\",\"potentialAction\":[{\"@type\":\"SearchAction\",\"target\":{\"@type\":\"EntryPoint\",\"urlTemplate\":\"https:\/\/republicpalestine.com\/es\/?s={search_term_string}\"},\"query-input\":{\"@type\":\"PropertyValueSpecification\",\"valueRequired\":true,\"valueName\":\"search_term_string\"}}],\"inLanguage\":\"es\"},{\"@type\":\"Person\",\"@id\":\"https:\/\/republicpalestine.com\/es\/#\/schema\/person\/a116984632a4562b5d251d19cb8e8bf3\",\"name\":\"RepublicofPalestine\",\"image\":{\"@type\":\"ImageObject\",\"inLanguage\":\"es\",\"@id\":\"https:\/\/republicpalestine.com\/es\/#\/schema\/person\/image\/\",\"url\":\"https:\/\/secure.gravatar.com\/avatar\/13240ade82024fefe7ea06e3569c7001?s=96&d=mm&r=g\",\"contentUrl\":\"https:\/\/secure.gravatar.com\/avatar\/13240ade82024fefe7ea06e3569c7001?s=96&d=mm&r=g\",\"caption\":\"RepublicofPalestine\"},\"sameAs\":[\"https:\/\/republicpalestine.com\"],\"url\":\"https:\/\/republicpalestine.com\/es\/author\/jmhoriaadmin\/\"}]}<\/script>\n<!-- \/ Yoast SEO Premium plugin. -->","yoast_head_json":{"title":"El presidente venezolano Maduro es investido para un nuevo mandato en medio de celebraciones populares y del Festival Internacional de la Juventud Antifascista en Caracas - Rep\u00fablica de Palestina","robots":{"index":"index","follow":"follow","max-snippet":"max-snippet:-1","max-image-preview":"max-image-preview:large","max-video-preview":"max-video-preview:-1"},"canonical":"https:\/\/republicpalestine.com\/es\/2025\/01\/11\/el-presidente-venezolano-maduro-es-investido-para-un-nuevo-mandato-en-medio-de-celebraciones-populares-y-del-festival-internacional-de-la-juventud-antifascista-en-caracas\/","og_locale":"es_ES","og_type":"article","og_title":"El presidente venezolano Maduro es investido para un nuevo mandato en medio de celebraciones populares y del Festival Internacional de la Juventud Antifascista en Caracas","og_description":"-Corresponsal de Rep\u00fablica de Palestina Caracas, Venezuela. El 11 de enero de 2025 El presidente Nicol\u00e1s Maduro prest\u00f3 juramento constitucional el viernes 10 de enero en el sal\u00f3n principal del Palacio Federal Legislativo ante el presidente supremo del Poder Legislativo, diputado Jorge Rodr\u00edguez, como \u00fanico presidente leg\u00edtimo de la Rep\u00fablica Bolivariana de Venezuela, en presencia de m\u00e1s de 200 invitados internacionales, comprometi\u00e9ndose a culminar su mandato y cumplir con todos sus deberes, repitiendo: \u00abJuro por la historia y juro por mi vida respetar y aplicar la Constituci\u00f3n del pa\u00eds.\u00bb M\u00e1s de 2000 representantes de gobiernos, movimientos sociales y partidos pol\u00edticos de m\u00e1s de 125 pa\u00edses de todos los continentes participaron en los actos y celebraciones de la toma de posesi\u00f3n del Presidente Maduro para un nuevo mandato, incluyendo la presencia de la delegaci\u00f3n del Frente Popular para la Liberaci\u00f3n de Palestina, y para estar con el pueblo venezolano en este d\u00eda hist\u00f3rico en el que el Presidente electo decidi\u00f3 jurar nuevamente ante el pueblo venezolano en las calles, frente al Palacio Republicano de Miraflores, con gran afluencia de personas e invitados extranjeros, diciendo: \u00abHoy juro por el honor y la dignidad de la patria, hoy vine a jurar ante la &hellip;","og_url":"https:\/\/republicpalestine.com\/es\/2025\/01\/11\/el-presidente-venezolano-maduro-es-investido-para-un-nuevo-mandato-en-medio-de-celebraciones-populares-y-del-festival-internacional-de-la-juventud-antifascista-en-caracas\/","og_site_name":"Rep\u00fablica de Palestina","article_published_time":"2025-01-11T18:54:15+00:00","article_modified_time":"2025-01-11T18:54:16+00:00","og_image":[{"width":1280,"height":720,"url":"https:\/\/republicpalestine.com\/es\/wp-content\/uploads\/sites\/3\/2025\/01\/030218-maduro_0.jpg","type":"image\/jpeg"}],"author":"RepublicofPalestine","twitter_card":"summary_large_image","twitter_misc":{"Escrito por":"RepublicofPalestine","Tiempo de lectura":"4 minutos"},"schema":{"@context":"https:\/\/schema.org","@graph":[{"@type":"WebPage","@id":"https:\/\/republicpalestine.com\/es\/2025\/01\/11\/el-presidente-venezolano-maduro-es-investido-para-un-nuevo-mandato-en-medio-de-celebraciones-populares-y-del-festival-internacional-de-la-juventud-antifascista-en-caracas\/","url":"https:\/\/republicpalestine.com\/es\/2025\/01\/11\/el-presidente-venezolano-maduro-es-investido-para-un-nuevo-mandato-en-medio-de-celebraciones-populares-y-del-festival-internacional-de-la-juventud-antifascista-en-caracas\/","name":"El presidente venezolano Maduro es investido para un nuevo mandato en medio de celebraciones populares y del Festival Internacional de la Juventud Antifascista en Caracas - Rep\u00fablica de Palestina","isPartOf":{"@id":"https:\/\/republicpalestine.com\/es\/#website"},"primaryImageOfPage":{"@id":"https:\/\/republicpalestine.com\/es\/2025\/01\/11\/el-presidente-venezolano-maduro-es-investido-para-un-nuevo-mandato-en-medio-de-celebraciones-populares-y-del-festival-internacional-de-la-juventud-antifascista-en-caracas\/#primaryimage"},"image":{"@id":"https:\/\/republicpalestine.com\/es\/2025\/01\/11\/el-presidente-venezolano-maduro-es-investido-para-un-nuevo-mandato-en-medio-de-celebraciones-populares-y-del-festival-internacional-de-la-juventud-antifascista-en-caracas\/#primaryimage"},"thumbnailUrl":"https:\/\/republicpalestine.com\/es\/wp-content\/uploads\/sites\/3\/2025\/01\/030218-maduro_0.jpg","datePublished":"2025-01-11T18:54:15+00:00","dateModified":"2025-01-11T18:54:16+00:00","author":{"@id":"https:\/\/republicpalestine.com\/es\/#\/schema\/person\/a116984632a4562b5d251d19cb8e8bf3"},"breadcrumb":{"@id":"https:\/\/republicpalestine.com\/es\/2025\/01\/11\/el-presidente-venezolano-maduro-es-investido-para-un-nuevo-mandato-en-medio-de-celebraciones-populares-y-del-festival-internacional-de-la-juventud-antifascista-en-caracas\/#breadcrumb"},"inLanguage":"es","potentialAction":[{"@type":"ReadAction","target":["https:\/\/republicpalestine.com\/es\/2025\/01\/11\/el-presidente-venezolano-maduro-es-investido-para-un-nuevo-mandato-en-medio-de-celebraciones-populares-y-del-festival-internacional-de-la-juventud-antifascista-en-caracas\/"]}]},{"@type":"ImageObject","inLanguage":"es","@id":"https:\/\/republicpalestine.com\/es\/2025\/01\/11\/el-presidente-venezolano-maduro-es-investido-para-un-nuevo-mandato-en-medio-de-celebraciones-populares-y-del-festival-internacional-de-la-juventud-antifascista-en-caracas\/#primaryimage","url":"https:\/\/republicpalestine.com\/es\/wp-content\/uploads\/sites\/3\/2025\/01\/030218-maduro_0.jpg","contentUrl":"https:\/\/republicpalestine.com\/es\/wp-content\/uploads\/sites\/3\/2025\/01\/030218-maduro_0.jpg","width":1280,"height":720},{"@type":"BreadcrumbList","@id":"https:\/\/republicpalestine.com\/es\/2025\/01\/11\/el-presidente-venezolano-maduro-es-investido-para-un-nuevo-mandato-en-medio-de-celebraciones-populares-y-del-festival-internacional-de-la-juventud-antifascista-en-caracas\/#breadcrumb","itemListElement":[{"@type":"ListItem","position":1,"name":"\u0627\u0644\u0631\u0626\u064a\u0633\u064a\u0629","item":"https:\/\/republicpalestine.com\/es\/"},{"@type":"ListItem","position":2,"name":"El presidente venezolano Maduro es investido para un nuevo mandato en medio de celebraciones populares y del Festival Internacional de la Juventud Antifascista en Caracas"}]},{"@type":"WebSite","@id":"https:\/\/republicpalestine.com\/es\/#website","url":"https:\/\/republicpalestine.com\/es\/","name":"Rep\u00fablica de Palestina","description":"","potentialAction":[{"@type":"SearchAction","target":{"@type":"EntryPoint","urlTemplate":"https:\/\/republicpalestine.com\/es\/?s={search_term_string}"},"query-input":{"@type":"PropertyValueSpecification","valueRequired":true,"valueName":"search_term_string"}}],"inLanguage":"es"},{"@type":"Person","@id":"https:\/\/republicpalestine.com\/es\/#\/schema\/person\/a116984632a4562b5d251d19cb8e8bf3","name":"RepublicofPalestine","image":{"@type":"ImageObject","inLanguage":"es","@id":"https:\/\/republicpalestine.com\/es\/#\/schema\/person\/image\/","url":"https:\/\/secure.gravatar.com\/avatar\/13240ade82024fefe7ea06e3569c7001?s=96&d=mm&r=g","contentUrl":"https:\/\/secure.gravatar.com\/avatar\/13240ade82024fefe7ea06e3569c7001?s=96&d=mm&r=g","caption":"RepublicofPalestine"},"sameAs":["https:\/\/republicpalestine.com"],"url":"https:\/\/republicpalestine.com\/es\/author\/jmhoriaadmin\/"}]}},"_links":{"self":[{"href":"https:\/\/republicpalestine.com\/es\/wp-json\/wp\/v2\/posts\/804","targetHints":{"allow":["GET"]}}],"collection":[{"href":"https:\/\/republicpalestine.com\/es\/wp-json\/wp\/v2\/posts"}],"about":[{"href":"https:\/\/republicpalestine.com\/es\/wp-json\/wp\/v2\/types\/post"}],"author":[{"embeddable":true,"href":"https:\/\/republicpalestine.com\/es\/wp-json\/wp\/v2\/users\/1"}],"replies":[{"embeddable":true,"href":"https:\/\/republicpalestine.com\/es\/wp-json\/wp\/v2\/comments?post=804"}],"version-history":[{"count":1,"href":"https:\/\/republicpalestine.com\/es\/wp-json\/wp\/v2\/posts\/804\/revisions"}],"predecessor-version":[{"id":806,"href":"https:\/\/republicpalestine.com\/es\/wp-json\/wp\/v2\/posts\/804\/revisions\/806"}],"wp:featuredmedia":[{"embeddable":true,"href":"https:\/\/republicpalestine.com\/es\/wp-json\/wp\/v2\/media\/805"}],"wp:attachment":[{"href":"https:\/\/republicpalestine.com\/es\/wp-json\/wp\/v2\/media?parent=804"}],"wp:term":[{"taxonomy":"category","embeddable":true,"href":"https:\/\/republicpalestine.com\/es\/wp-json\/wp\/v2\/categories?post=804"},{"taxonomy":"post_tag","embeddable":true,"href":"https:\/\/republicpalestine.com\/es\/wp-json\/wp\/v2\/tags?post=804"}],"curies":[{"name":"wp","href":"https:\/\/api.w.org\/{rel}","templated":true}]}}