{"id":807,"date":"2025-01-14T16:48:42","date_gmt":"2025-01-14T13:48:42","guid":{"rendered":"https:\/\/republicpalestine.com\/es\/?p=807"},"modified":"2025-01-14T16:48:42","modified_gmt":"2025-01-14T13:48:42","slug":"internacionalizando-la-comuna","status":"publish","type":"post","link":"https:\/\/republicpalestine.com\/es\/2025\/01\/14\/internacionalizando-la-comuna\/","title":{"rendered":"Internacionalizando la Comuna"},"content":{"rendered":"\n<p style=\"font-size:16px\"><strong>Compa\u00f1eras y compa\u00f1eros de Palestina, Cuba, Brasil, El Salvador, Argentina, Estados Unidos visitan El Panal<\/strong><\/p>\n\n\n\n<p style=\"font-size:16px\">Por Fuerza Patri\u00f3tica Alexis Vive.<\/p>\n\n\n\n<p style=\"font-size:16px\">Caracas, 12\/01\/2025 &#8211; La comuna es nuestro horizonte estrat\u00e9gico y nuestro horizonte estrat\u00e9gico est\u00e1 con la humanidad toda, con quienes luchan por un mundo sin opresi\u00f3n, sin dominaci\u00f3n, por un mundo socialista y sin imperialismo asesino ni colonialismo genocida.<\/p>\n\n\n\n<p style=\"font-size:16px\">Hoy nos juntamos en El Panal con compa\u00f1eras y compa\u00f1eros de Palestina, Cuba, Brasil, El Salvador, Argentina, Estados Unidos para caminar las calles de una comuna en las que el pueblo se organiza, debate y construye, para conocer los murales en los que se rinde honor a los m\u00e1rtires palestinos, para aprender en los espacios de la Pluriversidad, el semillero comunal de la Fuerza Patri\u00f3tica Alexis Vive y de la Comuna El Panal.<\/p>\n\n\n\n<p style=\"font-size:16px\">Miramos juntos hacia un futuro internacionalista y comunal que se va gestando, con calma pero sin pausa, en la Venezuela Bolivariana.<\/p>\n\n\n\n<p style=\"font-size:16px\">\u00a1Patria es humanidad!<br>\u00a1Comuna o nada!<\/p>\n","protected":false},"excerpt":{"rendered":"<p>Compa\u00f1eras y compa\u00f1eros de Palestina, Cuba, Brasil, El Salvador, Argentina, Estados Unidos visitan El Panal Por Fuerza Patri\u00f3tica Alexis Vive. Caracas, 12\/01\/2025 &#8211; La comuna es nuestro horizonte estrat\u00e9gico y nuestro horizonte estrat\u00e9gico est\u00e1 con la humanidad toda, con quienes luchan por un mundo sin opresi\u00f3n, sin dominaci\u00f3n, por un mundo socialista y sin imperialismo asesino ni colonialismo genocida. Hoy nos juntamos en El Panal con compa\u00f1eras y compa\u00f1eros de Palestina, Cuba, Brasil, El Salvador, Argentina, Estados Unidos para caminar las calles de una comuna en las que el pueblo se organiza, debate y construye, para conocer los murales en los que se rinde honor a los m\u00e1rtires palestinos, para aprender en los espacios de la Pluriversidad, el semillero comunal de la Fuerza Patri\u00f3tica Alexis Vive y de la Comuna El Panal. Miramos juntos hacia un futuro internacionalista y comunal que se va gestando, con calma pero sin pausa, en la Venezuela Bolivariana. \u00a1Patria es humanidad!\u00a1Comuna o nada!<\/p>\n","protected":false},"author":1,"featured_media":808,"comment_status":"open","ping_status":"open","sticky":false,"template":"","format":"standard","meta":{"_acf_changed":false,"_eb_attr":"","footnotes":""},"categories":[1,3],"tags":[87,89,88,17,53],"class_list":["post-807","post","type-post","status-publish","format-standard","has-post-thumbnail","hentry","category-archivo","category-noticias","tag-caracas","tag-internacionalismo","tag-lacomuna","tag-palestina","tag-venezuela"],"acf":[],"yoast_head":"<!-- This site is optimized with the Yoast SEO Premium plugin v22.8 (Yoast SEO v24.8.1) - https:\/\/yoast.com\/wordpress\/plugins\/seo\/ -->\n<title>Internacionalizando la Comuna - Rep\u00fablica de Palestina<\/title>\n<meta name=\"robots\" content=\"index, follow, max-snippet:-1, max-image-preview:large, max-video-preview:-1\" \/>\n<link rel=\"canonical\" href=\"https:\/\/republicpalestine.com\/es\/2025\/01\/14\/internacionalizando-la-comuna\/\" \/>\n<meta property=\"og:locale\" content=\"es_ES\" \/>\n<meta property=\"og:type\" content=\"article\" \/>\n<meta property=\"og:title\" content=\"Internacionalizando la Comuna\" \/>\n<meta property=\"og:description\" content=\"Compa\u00f1eras y compa\u00f1eros de Palestina, Cuba, Brasil, El Salvador, Argentina, Estados Unidos visitan El Panal Por Fuerza Patri\u00f3tica Alexis Vive. Caracas, 12\/01\/2025 &#8211; La comuna es nuestro horizonte estrat\u00e9gico y nuestro horizonte estrat\u00e9gico est\u00e1 con la humanidad toda, con quienes luchan por un mundo sin opresi\u00f3n, sin dominaci\u00f3n, por un mundo socialista y sin imperialismo asesino ni colonialismo genocida. Hoy nos juntamos en El Panal con compa\u00f1eras y compa\u00f1eros de Palestina, Cuba, Brasil, El Salvador, Argentina, Estados Unidos para caminar las calles de una comuna en las que el pueblo se organiza, debate y construye, para conocer los murales en los que se rinde honor a los m\u00e1rtires palestinos, para aprender en los espacios de la Pluriversidad, el semillero comunal de la Fuerza Patri\u00f3tica Alexis Vive y de la Comuna El Panal. Miramos juntos hacia un futuro internacionalista y comunal que se va gestando, con calma pero sin pausa, en la Venezuela Bolivariana. \u00a1Patria es humanidad!\u00a1Comuna o nada!\" \/>\n<meta property=\"og:url\" content=\"https:\/\/republicpalestine.com\/es\/2025\/01\/14\/internacionalizando-la-comuna\/\" \/>\n<meta property=\"og:site_name\" content=\"Rep\u00fablica de Palestina\" \/>\n<meta property=\"article:published_time\" content=\"2025-01-14T13:48:42+00:00\" \/>\n<meta property=\"og:image\" content=\"https:\/\/republicpalestine.com\/es\/wp-content\/uploads\/sites\/3\/2025\/01\/La-comuna.jpeg\" \/>\n\t<meta property=\"og:image:width\" content=\"960\" \/>\n\t<meta property=\"og:image:height\" content=\"432\" \/>\n\t<meta property=\"og:image:type\" content=\"image\/jpeg\" \/>\n<meta name=\"author\" content=\"RepublicofPalestine\" \/>\n<meta name=\"twitter:card\" content=\"summary_large_image\" \/>\n<meta name=\"twitter:label1\" content=\"Escrito por\" \/>\n\t<meta name=\"twitter:data1\" content=\"RepublicofPalestine\" \/>\n\t<meta name=\"twitter:label2\" content=\"Tiempo de lectura\" \/>\n\t<meta name=\"twitter:data2\" content=\"1 minuto\" \/>\n<script type=\"application\/ld+json\" class=\"yoast-schema-graph\">{\"@context\":\"https:\/\/schema.org\",\"@graph\":[{\"@type\":\"WebPage\",\"@id\":\"https:\/\/republicpalestine.com\/es\/2025\/01\/14\/internacionalizando-la-comuna\/\",\"url\":\"https:\/\/republicpalestine.com\/es\/2025\/01\/14\/internacionalizando-la-comuna\/\",\"name\":\"Internacionalizando la Comuna - Rep\u00fablica de Palestina\",\"isPartOf\":{\"@id\":\"https:\/\/republicpalestine.com\/es\/#website\"},\"primaryImageOfPage\":{\"@id\":\"https:\/\/republicpalestine.com\/es\/2025\/01\/14\/internacionalizando-la-comuna\/#primaryimage\"},\"image\":{\"@id\":\"https:\/\/republicpalestine.com\/es\/2025\/01\/14\/internacionalizando-la-comuna\/#primaryimage\"},\"thumbnailUrl\":\"https:\/\/republicpalestine.com\/es\/wp-content\/uploads\/sites\/3\/2025\/01\/La-comuna.jpeg\",\"datePublished\":\"2025-01-14T13:48:42+00:00\",\"author\":{\"@id\":\"https:\/\/republicpalestine.com\/es\/#\/schema\/person\/a116984632a4562b5d251d19cb8e8bf3\"},\"breadcrumb\":{\"@id\":\"https:\/\/republicpalestine.com\/es\/2025\/01\/14\/internacionalizando-la-comuna\/#breadcrumb\"},\"inLanguage\":\"es\",\"potentialAction\":[{\"@type\":\"ReadAction\",\"target\":[\"https:\/\/republicpalestine.com\/es\/2025\/01\/14\/internacionalizando-la-comuna\/\"]}]},{\"@type\":\"ImageObject\",\"inLanguage\":\"es\",\"@id\":\"https:\/\/republicpalestine.com\/es\/2025\/01\/14\/internacionalizando-la-comuna\/#primaryimage\",\"url\":\"https:\/\/republicpalestine.com\/es\/wp-content\/uploads\/sites\/3\/2025\/01\/La-comuna.jpeg\",\"contentUrl\":\"https:\/\/republicpalestine.com\/es\/wp-content\/uploads\/sites\/3\/2025\/01\/La-comuna.jpeg\",\"width\":960,\"height\":432},{\"@type\":\"BreadcrumbList\",\"@id\":\"https:\/\/republicpalestine.com\/es\/2025\/01\/14\/internacionalizando-la-comuna\/#breadcrumb\",\"itemListElement\":[{\"@type\":\"ListItem\",\"position\":1,\"name\":\"\u0627\u0644\u0631\u0626\u064a\u0633\u064a\u0629\",\"item\":\"https:\/\/republicpalestine.com\/es\/\"},{\"@type\":\"ListItem\",\"position\":2,\"name\":\"Internacionalizando la Comuna\"}]},{\"@type\":\"WebSite\",\"@id\":\"https:\/\/republicpalestine.com\/es\/#website\",\"url\":\"https:\/\/republicpalestine.com\/es\/\",\"name\":\"Rep\u00fablica de Palestina\",\"description\":\"\",\"potentialAction\":[{\"@type\":\"SearchAction\",\"target\":{\"@type\":\"EntryPoint\",\"urlTemplate\":\"https:\/\/republicpalestine.com\/es\/?s={search_term_string}\"},\"query-input\":{\"@type\":\"PropertyValueSpecification\",\"valueRequired\":true,\"valueName\":\"search_term_string\"}}],\"inLanguage\":\"es\"},{\"@type\":\"Person\",\"@id\":\"https:\/\/republicpalestine.com\/es\/#\/schema\/person\/a116984632a4562b5d251d19cb8e8bf3\",\"name\":\"RepublicofPalestine\",\"image\":{\"@type\":\"ImageObject\",\"inLanguage\":\"es\",\"@id\":\"https:\/\/republicpalestine.com\/es\/#\/schema\/person\/image\/\",\"url\":\"https:\/\/secure.gravatar.com\/avatar\/13240ade82024fefe7ea06e3569c7001?s=96&d=mm&r=g\",\"contentUrl\":\"https:\/\/secure.gravatar.com\/avatar\/13240ade82024fefe7ea06e3569c7001?s=96&d=mm&r=g\",\"caption\":\"RepublicofPalestine\"},\"sameAs\":[\"https:\/\/republicpalestine.com\"],\"url\":\"https:\/\/republicpalestine.com\/es\/author\/jmhoriaadmin\/\"}]}<\/script>\n<!-- \/ Yoast SEO Premium plugin. -->","yoast_head_json":{"title":"Internacionalizando la Comuna - Rep\u00fablica de Palestina","robots":{"index":"index","follow":"follow","max-snippet":"max-snippet:-1","max-image-preview":"max-image-preview:large","max-video-preview":"max-video-preview:-1"},"canonical":"https:\/\/republicpalestine.com\/es\/2025\/01\/14\/internacionalizando-la-comuna\/","og_locale":"es_ES","og_type":"article","og_title":"Internacionalizando la Comuna","og_description":"Compa\u00f1eras y compa\u00f1eros de Palestina, Cuba, Brasil, El Salvador, Argentina, Estados Unidos visitan El Panal Por Fuerza Patri\u00f3tica Alexis Vive. Caracas, 12\/01\/2025 &#8211; La comuna es nuestro horizonte estrat\u00e9gico y nuestro horizonte estrat\u00e9gico est\u00e1 con la humanidad toda, con quienes luchan por un mundo sin opresi\u00f3n, sin dominaci\u00f3n, por un mundo socialista y sin imperialismo asesino ni colonialismo genocida. Hoy nos juntamos en El Panal con compa\u00f1eras y compa\u00f1eros de Palestina, Cuba, Brasil, El Salvador, Argentina, Estados Unidos para caminar las calles de una comuna en las que el pueblo se organiza, debate y construye, para conocer los murales en los que se rinde honor a los m\u00e1rtires palestinos, para aprender en los espacios de la Pluriversidad, el semillero comunal de la Fuerza Patri\u00f3tica Alexis Vive y de la Comuna El Panal. Miramos juntos hacia un futuro internacionalista y comunal que se va gestando, con calma pero sin pausa, en la Venezuela Bolivariana. \u00a1Patria es humanidad!\u00a1Comuna o nada!","og_url":"https:\/\/republicpalestine.com\/es\/2025\/01\/14\/internacionalizando-la-comuna\/","og_site_name":"Rep\u00fablica de Palestina","article_published_time":"2025-01-14T13:48:42+00:00","og_image":[{"width":960,"height":432,"url":"https:\/\/republicpalestine.com\/es\/wp-content\/uploads\/sites\/3\/2025\/01\/La-comuna.jpeg","type":"image\/jpeg"}],"author":"RepublicofPalestine","twitter_card":"summary_large_image","twitter_misc":{"Escrito por":"RepublicofPalestine","Tiempo de lectura":"1 minuto"},"schema":{"@context":"https:\/\/schema.org","@graph":[{"@type":"WebPage","@id":"https:\/\/republicpalestine.com\/es\/2025\/01\/14\/internacionalizando-la-comuna\/","url":"https:\/\/republicpalestine.com\/es\/2025\/01\/14\/internacionalizando-la-comuna\/","name":"Internacionalizando la Comuna - Rep\u00fablica de Palestina","isPartOf":{"@id":"https:\/\/republicpalestine.com\/es\/#website"},"primaryImageOfPage":{"@id":"https:\/\/republicpalestine.com\/es\/2025\/01\/14\/internacionalizando-la-comuna\/#primaryimage"},"image":{"@id":"https:\/\/republicpalestine.com\/es\/2025\/01\/14\/internacionalizando-la-comuna\/#primaryimage"},"thumbnailUrl":"https:\/\/republicpalestine.com\/es\/wp-content\/uploads\/sites\/3\/2025\/01\/La-comuna.jpeg","datePublished":"2025-01-14T13:48:42+00:00","author":{"@id":"https:\/\/republicpalestine.com\/es\/#\/schema\/person\/a116984632a4562b5d251d19cb8e8bf3"},"breadcrumb":{"@id":"https:\/\/republicpalestine.com\/es\/2025\/01\/14\/internacionalizando-la-comuna\/#breadcrumb"},"inLanguage":"es","potentialAction":[{"@type":"ReadAction","target":["https:\/\/republicpalestine.com\/es\/2025\/01\/14\/internacionalizando-la-comuna\/"]}]},{"@type":"ImageObject","inLanguage":"es","@id":"https:\/\/republicpalestine.com\/es\/2025\/01\/14\/internacionalizando-la-comuna\/#primaryimage","url":"https:\/\/republicpalestine.com\/es\/wp-content\/uploads\/sites\/3\/2025\/01\/La-comuna.jpeg","contentUrl":"https:\/\/republicpalestine.com\/es\/wp-content\/uploads\/sites\/3\/2025\/01\/La-comuna.jpeg","width":960,"height":432},{"@type":"BreadcrumbList","@id":"https:\/\/republicpalestine.com\/es\/2025\/01\/14\/internacionalizando-la-comuna\/#breadcrumb","itemListElement":[{"@type":"ListItem","position":1,"name":"\u0627\u0644\u0631\u0626\u064a\u0633\u064a\u0629","item":"https:\/\/republicpalestine.com\/es\/"},{"@type":"ListItem","position":2,"name":"Internacionalizando la Comuna"}]},{"@type":"WebSite","@id":"https:\/\/republicpalestine.com\/es\/#website","url":"https:\/\/republicpalestine.com\/es\/","name":"Rep\u00fablica de Palestina","description":"","potentialAction":[{"@type":"SearchAction","target":{"@type":"EntryPoint","urlTemplate":"https:\/\/republicpalestine.com\/es\/?s={search_term_string}"},"query-input":{"@type":"PropertyValueSpecification","valueRequired":true,"valueName":"search_term_string"}}],"inLanguage":"es"},{"@type":"Person","@id":"https:\/\/republicpalestine.com\/es\/#\/schema\/person\/a116984632a4562b5d251d19cb8e8bf3","name":"RepublicofPalestine","image":{"@type":"ImageObject","inLanguage":"es","@id":"https:\/\/republicpalestine.com\/es\/#\/schema\/person\/image\/","url":"https:\/\/secure.gravatar.com\/avatar\/13240ade82024fefe7ea06e3569c7001?s=96&d=mm&r=g","contentUrl":"https:\/\/secure.gravatar.com\/avatar\/13240ade82024fefe7ea06e3569c7001?s=96&d=mm&r=g","caption":"RepublicofPalestine"},"sameAs":["https:\/\/republicpalestine.com"],"url":"https:\/\/republicpalestine.com\/es\/author\/jmhoriaadmin\/"}]}},"_links":{"self":[{"href":"https:\/\/republicpalestine.com\/es\/wp-json\/wp\/v2\/posts\/807","targetHints":{"allow":["GET"]}}],"collection":[{"href":"https:\/\/republicpalestine.com\/es\/wp-json\/wp\/v2\/posts"}],"about":[{"href":"https:\/\/republicpalestine.com\/es\/wp-json\/wp\/v2\/types\/post"}],"author":[{"embeddable":true,"href":"https:\/\/republicpalestine.com\/es\/wp-json\/wp\/v2\/users\/1"}],"replies":[{"embeddable":true,"href":"https:\/\/republicpalestine.com\/es\/wp-json\/wp\/v2\/comments?post=807"}],"version-history":[{"count":1,"href":"https:\/\/republicpalestine.com\/es\/wp-json\/wp\/v2\/posts\/807\/revisions"}],"predecessor-version":[{"id":809,"href":"https:\/\/republicpalestine.com\/es\/wp-json\/wp\/v2\/posts\/807\/revisions\/809"}],"wp:featuredmedia":[{"embeddable":true,"href":"https:\/\/republicpalestine.com\/es\/wp-json\/wp\/v2\/media\/808"}],"wp:attachment":[{"href":"https:\/\/republicpalestine.com\/es\/wp-json\/wp\/v2\/media?parent=807"}],"wp:term":[{"taxonomy":"category","embeddable":true,"href":"https:\/\/republicpalestine.com\/es\/wp-json\/wp\/v2\/categories?post=807"},{"taxonomy":"post_tag","embeddable":true,"href":"https:\/\/republicpalestine.com\/es\/wp-json\/wp\/v2\/tags?post=807"}],"curies":[{"name":"wp","href":"https:\/\/api.w.org\/{rel}","templated":true}]}}