{"id":813,"date":"2025-01-14T19:23:12","date_gmt":"2025-01-14T16:23:12","guid":{"rendered":"https:\/\/republicpalestine.com\/es\/?p=813"},"modified":"2025-01-14T19:23:13","modified_gmt":"2025-01-14T16:23:13","slug":"marcha-multitudinaria-en-amberes-en-solidaridad-con-palestina-y-contra-el-genocidio-2","status":"publish","type":"post","link":"https:\/\/republicpalestine.com\/es\/2025\/01\/14\/marcha-multitudinaria-en-amberes-en-solidaridad-con-palestina-y-contra-el-genocidio-2\/","title":{"rendered":"Marcha multitudinaria en Amberes en solidaridad con Palestina y contra el genocidio"},"content":{"rendered":"\n<p style=\"font-size:16px\">Amberes, B\u00e9lgica | El s\u00e1bado 11\/01\/2025 (<em>Rep\u00fablica de Palestina<\/em>).<\/p>\n\n\n\n<p style=\"font-size:16px\">-La ciudad belga de Amberes fue testigo de una manifestaci\u00f3n multitudinaria, en la que cientos de activistas y participantes se reunieron en la plaza Waterpoort a pesar del fr\u00edo y la niebla. La marcha respond\u00eda a un llamamiento de la Coalici\u00f3n Belga por Palestina, una nueva coalici\u00f3n de organizaciones de la sociedad civil, sindicatos, movimientos estudiantiles y pacifistas, para exigir que el ayuntamiento de Amberes revise sus relaciones con instituciones y empresas israel\u00edes.<\/p>\n\n\n\n<p style=\"font-size:16px\"><strong>Reivindicaciones claras y llamamientos al boicot<\/strong><\/p>\n\n\n\n<p style=\"font-size:16px\">La marcha se abri\u00f3 con un discurso del representante de la comunidad palestina en B\u00e9lgica, Hamdan Al-Damiri, que dio las gracias a los participantes y a los organizadores. Pidi\u00f3 que se pusiera fin al acuerdo de hermanamiento entre la ciudad de Amberes y la ciudad ocupada de Haifa, se\u00f1alando la importancia de la presi\u00f3n popular para lograr este objetivo. Mencion\u00f3 la experiencia del municipio de Ixelles, que congel\u00f3 el acuerdo de hermanamiento con el municipio de Megiddo ocupado el pasado noviembre tras una serie de campa\u00f1as populares.<\/p>\n\n\n\n<p style=\"font-size:16px\">Damiri subray\u00f3 que el actual acuerdo de hermanamiento incluye la cooperaci\u00f3n entre las organizaciones policiales de ambas ciudades, lo que refuerza la necesidad de poner fin a esta relaci\u00f3n. Tambi\u00e9n pidi\u00f3 a los partidos de solidaridad belgas que incluyeran en la agenda del consejo municipal la cuesti\u00f3n de la anulaci\u00f3n del hermanamiento con Haifa.<\/p>\n\n\n\n<p style=\"font-size:16px\"><strong>Un mensaje internacional de solidaridad<\/strong><\/p>\n\n\n\n<p style=\"font-size:16px\">Abdel Hawi, coordinador de la Asociaci\u00f3n Handala de Amberes, pronunci\u00f3 un discurso televisado en el que destac\u00f3 la importancia de la participaci\u00f3n popular en el apoyo a la causa palestina. Al-Hawi pidi\u00f3 al ayuntamiento de Amberes que boicoteara a las instituciones israel\u00edes y pusiera fin a la cooperaci\u00f3n econ\u00f3mica con los organismos policiales israel\u00edes que apoyan la ocupaci\u00f3n.<\/p>\n\n\n\n<p style=\"font-size:16px\">Al-Hawi se\u00f1al\u00f3 que esta manifestaci\u00f3n tiene como objetivo presionar a los gobiernos europeos para que cambien sus pol\u00edticas respecto a la ocupaci\u00f3n israel\u00ed. A\u00f1adi\u00f3 que el boicot econ\u00f3mico y pol\u00edtico es una herramienta eficaz para luchar contra la ocupaci\u00f3n y debilitar su capacidad de continuar.<\/p>\n\n\n\n<p style=\"font-size:16px\"><strong>\u00abEl genocidio no puede continuar\u00bb<\/strong><\/p>\n\n\n\n<p style=\"font-size:16px\">Jasper Thijs, portavoz de la Coalici\u00f3n Belga por Palestina, declar\u00f3: \u00abEstamos ya en el d\u00eda 462 del genocidio en Gaza. 46.000 palestinos fueron asesinados, 500 de ellos desde principios de 2025. Esta situaci\u00f3n no puede continuar\u00bb. Thijs subray\u00f3 la importancia de que el ayuntamiento de Amberes adopte una pol\u00edtica de compras \u00e9tica que impida la importaci\u00f3n de productos de empresas que se benefician de la ocupaci\u00f3n ilegal de los territorios palestinos, como han hecho ciudades como Gante. Tambi\u00e9n pidi\u00f3 que se suspendieran las misiones comerciales a Israel, que se reevaluara la relaci\u00f3n con la ciudad gemela de Haifa y el cese de la transferencia de armas a Israel a trav\u00e9s del puerto de Amberes.<\/p>\n\n\n\n<p style=\"font-size:16px\"><strong>Una carta abierta sin respuesta<\/strong><\/p>\n\n\n\n<p style=\"font-size:16px\">El portavoz de la coalici\u00f3n revel\u00f3 que el 2 de enero se envi\u00f3 una carta abierta al ayuntamiento, que inclu\u00eda todas las reivindicaciones, pero hasta ahora no se ha recibido respuesta. \u00abEsperamos que esta marcha cree un di\u00e1logo constructivo con el ayuntamiento de Amberes, como ocurri\u00f3 en Gante y Lieja\u00bb, a\u00f1adi\u00f3.<\/p>\n\n\n\n<p style=\"font-size:16px\"><strong>Un mensaje de apoyo y firmeza<\/strong><\/p>\n\n\n\n<p style=\"font-size:16px\">Los participantes en la marcha tambi\u00e9n enviaron un claro mensaje de solidaridad al pueblo palestino, subrayando que la voz de la solidaridad internacional es cada vez m\u00e1s fuerte en todo el mundo. Exigieron el fin de la ocupaci\u00f3n y de los cr\u00edmenes contra los palestinos, subrayando que la lucha por la libertad y la justicia no se detendr\u00e1.<\/p>\n","protected":false},"excerpt":{"rendered":"<p>Amberes, B\u00e9lgica | El s\u00e1bado 11\/01\/2025 (Rep\u00fablica de Palestina). -La ciudad belga de Amberes fue testigo de una manifestaci\u00f3n multitudinaria, en la que cientos de activistas y participantes se reunieron en la plaza Waterpoort a pesar del fr\u00edo y la niebla. La marcha respond\u00eda a un llamamiento de la Coalici\u00f3n Belga por Palestina, una nueva coalici\u00f3n de organizaciones de la sociedad civil, sindicatos, movimientos estudiantiles y pacifistas, para exigir que el ayuntamiento de Amberes revise sus relaciones con instituciones y empresas israel\u00edes. Reivindicaciones claras y llamamientos al boicot La marcha se abri\u00f3 con un discurso del representante de la comunidad palestina en B\u00e9lgica, Hamdan Al-Damiri, que dio las gracias a los participantes y a los organizadores. Pidi\u00f3 que se pusiera fin al acuerdo de hermanamiento entre la ciudad de Amberes y la ciudad ocupada de Haifa, se\u00f1alando la importancia de la presi\u00f3n popular para lograr este objetivo. Mencion\u00f3 la experiencia del municipio de Ixelles, que congel\u00f3 el acuerdo de hermanamiento con el municipio de Megiddo ocupado el pasado noviembre tras una serie de campa\u00f1as populares. Damiri subray\u00f3 que el actual acuerdo de hermanamiento incluye la cooperaci\u00f3n entre las organizaciones policiales de ambas ciudades, lo que refuerza la necesidad de poner &hellip;<\/p>\n","protected":false},"author":1,"featured_media":814,"comment_status":"open","ping_status":"open","sticky":false,"template":"","format":"standard","meta":{"_acf_changed":false,"_eb_attr":"","footnotes":""},"categories":[1,5,4,3],"tags":[58,18,25,17,26,50],"class_list":["post-813","post","type-post","status-publish","format-standard","has-post-thumbnail","hentry","category-archivo","category-con-palestina","category-diaspora-palestina","category-noticias","tag-belgica","tag-gaza","tag-genocidio-2","tag-palestina","tag-palestinalibre","tag-solidaridad"],"acf":[],"yoast_head":"<!-- This site is optimized with the Yoast SEO Premium plugin v22.8 (Yoast SEO v24.8.1) - https:\/\/yoast.com\/wordpress\/plugins\/seo\/ -->\n<title>Marcha multitudinaria en Amberes en solidaridad con Palestina y contra el genocidio - Rep\u00fablica de Palestina<\/title>\n<meta name=\"robots\" content=\"index, follow, max-snippet:-1, max-image-preview:large, max-video-preview:-1\" \/>\n<link rel=\"canonical\" href=\"https:\/\/republicpalestine.com\/es\/2025\/01\/14\/marcha-multitudinaria-en-amberes-en-solidaridad-con-palestina-y-contra-el-genocidio-2\/\" \/>\n<meta property=\"og:locale\" content=\"es_ES\" \/>\n<meta property=\"og:type\" content=\"article\" \/>\n<meta property=\"og:title\" content=\"Marcha multitudinaria en Amberes en solidaridad con Palestina y contra el genocidio\" \/>\n<meta property=\"og:description\" content=\"Amberes, B\u00e9lgica | El s\u00e1bado 11\/01\/2025 (Rep\u00fablica de Palestina). -La ciudad belga de Amberes fue testigo de una manifestaci\u00f3n multitudinaria, en la que cientos de activistas y participantes se reunieron en la plaza Waterpoort a pesar del fr\u00edo y la niebla. La marcha respond\u00eda a un llamamiento de la Coalici\u00f3n Belga por Palestina, una nueva coalici\u00f3n de organizaciones de la sociedad civil, sindicatos, movimientos estudiantiles y pacifistas, para exigir que el ayuntamiento de Amberes revise sus relaciones con instituciones y empresas israel\u00edes. Reivindicaciones claras y llamamientos al boicot La marcha se abri\u00f3 con un discurso del representante de la comunidad palestina en B\u00e9lgica, Hamdan Al-Damiri, que dio las gracias a los participantes y a los organizadores. Pidi\u00f3 que se pusiera fin al acuerdo de hermanamiento entre la ciudad de Amberes y la ciudad ocupada de Haifa, se\u00f1alando la importancia de la presi\u00f3n popular para lograr este objetivo. Mencion\u00f3 la experiencia del municipio de Ixelles, que congel\u00f3 el acuerdo de hermanamiento con el municipio de Megiddo ocupado el pasado noviembre tras una serie de campa\u00f1as populares. Damiri subray\u00f3 que el actual acuerdo de hermanamiento incluye la cooperaci\u00f3n entre las organizaciones policiales de ambas ciudades, lo que refuerza la necesidad de poner &hellip;\" \/>\n<meta property=\"og:url\" content=\"https:\/\/republicpalestine.com\/es\/2025\/01\/14\/marcha-multitudinaria-en-amberes-en-solidaridad-con-palestina-y-contra-el-genocidio-2\/\" \/>\n<meta property=\"og:site_name\" content=\"Rep\u00fablica de Palestina\" \/>\n<meta property=\"article:published_time\" content=\"2025-01-14T16:23:12+00:00\" \/>\n<meta property=\"article:modified_time\" content=\"2025-01-14T16:23:13+00:00\" \/>\n<meta property=\"og:image\" content=\"https:\/\/republicpalestine.com\/es\/wp-content\/uploads\/sites\/3\/2025\/01\/Marcha-en-Amberes-1.jpeg\" \/>\n\t<meta property=\"og:image:width\" content=\"2048\" \/>\n\t<meta property=\"og:image:height\" content=\"1152\" \/>\n\t<meta property=\"og:image:type\" content=\"image\/jpeg\" \/>\n<meta name=\"author\" content=\"RepublicofPalestine\" \/>\n<meta name=\"twitter:card\" content=\"summary_large_image\" \/>\n<meta name=\"twitter:label1\" content=\"Escrito por\" \/>\n\t<meta name=\"twitter:data1\" content=\"RepublicofPalestine\" \/>\n\t<meta name=\"twitter:label2\" content=\"Tiempo de lectura\" \/>\n\t<meta name=\"twitter:data2\" content=\"3 minutos\" \/>\n<script type=\"application\/ld+json\" class=\"yoast-schema-graph\">{\"@context\":\"https:\/\/schema.org\",\"@graph\":[{\"@type\":\"WebPage\",\"@id\":\"https:\/\/republicpalestine.com\/es\/2025\/01\/14\/marcha-multitudinaria-en-amberes-en-solidaridad-con-palestina-y-contra-el-genocidio-2\/\",\"url\":\"https:\/\/republicpalestine.com\/es\/2025\/01\/14\/marcha-multitudinaria-en-amberes-en-solidaridad-con-palestina-y-contra-el-genocidio-2\/\",\"name\":\"Marcha multitudinaria en Amberes en solidaridad con Palestina y contra el genocidio - Rep\u00fablica de Palestina\",\"isPartOf\":{\"@id\":\"https:\/\/republicpalestine.com\/es\/#website\"},\"primaryImageOfPage\":{\"@id\":\"https:\/\/republicpalestine.com\/es\/2025\/01\/14\/marcha-multitudinaria-en-amberes-en-solidaridad-con-palestina-y-contra-el-genocidio-2\/#primaryimage\"},\"image\":{\"@id\":\"https:\/\/republicpalestine.com\/es\/2025\/01\/14\/marcha-multitudinaria-en-amberes-en-solidaridad-con-palestina-y-contra-el-genocidio-2\/#primaryimage\"},\"thumbnailUrl\":\"https:\/\/republicpalestine.com\/es\/wp-content\/uploads\/sites\/3\/2025\/01\/Marcha-en-Amberes-1.jpeg\",\"datePublished\":\"2025-01-14T16:23:12+00:00\",\"dateModified\":\"2025-01-14T16:23:13+00:00\",\"author\":{\"@id\":\"https:\/\/republicpalestine.com\/es\/#\/schema\/person\/a116984632a4562b5d251d19cb8e8bf3\"},\"breadcrumb\":{\"@id\":\"https:\/\/republicpalestine.com\/es\/2025\/01\/14\/marcha-multitudinaria-en-amberes-en-solidaridad-con-palestina-y-contra-el-genocidio-2\/#breadcrumb\"},\"inLanguage\":\"es\",\"potentialAction\":[{\"@type\":\"ReadAction\",\"target\":[\"https:\/\/republicpalestine.com\/es\/2025\/01\/14\/marcha-multitudinaria-en-amberes-en-solidaridad-con-palestina-y-contra-el-genocidio-2\/\"]}]},{\"@type\":\"ImageObject\",\"inLanguage\":\"es\",\"@id\":\"https:\/\/republicpalestine.com\/es\/2025\/01\/14\/marcha-multitudinaria-en-amberes-en-solidaridad-con-palestina-y-contra-el-genocidio-2\/#primaryimage\",\"url\":\"https:\/\/republicpalestine.com\/es\/wp-content\/uploads\/sites\/3\/2025\/01\/Marcha-en-Amberes-1.jpeg\",\"contentUrl\":\"https:\/\/republicpalestine.com\/es\/wp-content\/uploads\/sites\/3\/2025\/01\/Marcha-en-Amberes-1.jpeg\",\"width\":2048,\"height\":1152},{\"@type\":\"BreadcrumbList\",\"@id\":\"https:\/\/republicpalestine.com\/es\/2025\/01\/14\/marcha-multitudinaria-en-amberes-en-solidaridad-con-palestina-y-contra-el-genocidio-2\/#breadcrumb\",\"itemListElement\":[{\"@type\":\"ListItem\",\"position\":1,\"name\":\"\u0627\u0644\u0631\u0626\u064a\u0633\u064a\u0629\",\"item\":\"https:\/\/republicpalestine.com\/es\/\"},{\"@type\":\"ListItem\",\"position\":2,\"name\":\"Marcha multitudinaria en Amberes en solidaridad con Palestina y contra el genocidio\"}]},{\"@type\":\"WebSite\",\"@id\":\"https:\/\/republicpalestine.com\/es\/#website\",\"url\":\"https:\/\/republicpalestine.com\/es\/\",\"name\":\"Rep\u00fablica de Palestina\",\"description\":\"\",\"potentialAction\":[{\"@type\":\"SearchAction\",\"target\":{\"@type\":\"EntryPoint\",\"urlTemplate\":\"https:\/\/republicpalestine.com\/es\/?s={search_term_string}\"},\"query-input\":{\"@type\":\"PropertyValueSpecification\",\"valueRequired\":true,\"valueName\":\"search_term_string\"}}],\"inLanguage\":\"es\"},{\"@type\":\"Person\",\"@id\":\"https:\/\/republicpalestine.com\/es\/#\/schema\/person\/a116984632a4562b5d251d19cb8e8bf3\",\"name\":\"RepublicofPalestine\",\"image\":{\"@type\":\"ImageObject\",\"inLanguage\":\"es\",\"@id\":\"https:\/\/republicpalestine.com\/es\/#\/schema\/person\/image\/\",\"url\":\"https:\/\/secure.gravatar.com\/avatar\/13240ade82024fefe7ea06e3569c7001?s=96&d=mm&r=g\",\"contentUrl\":\"https:\/\/secure.gravatar.com\/avatar\/13240ade82024fefe7ea06e3569c7001?s=96&d=mm&r=g\",\"caption\":\"RepublicofPalestine\"},\"sameAs\":[\"https:\/\/republicpalestine.com\"],\"url\":\"https:\/\/republicpalestine.com\/es\/author\/jmhoriaadmin\/\"}]}<\/script>\n<!-- \/ Yoast SEO Premium plugin. -->","yoast_head_json":{"title":"Marcha multitudinaria en Amberes en solidaridad con Palestina y contra el genocidio - Rep\u00fablica de Palestina","robots":{"index":"index","follow":"follow","max-snippet":"max-snippet:-1","max-image-preview":"max-image-preview:large","max-video-preview":"max-video-preview:-1"},"canonical":"https:\/\/republicpalestine.com\/es\/2025\/01\/14\/marcha-multitudinaria-en-amberes-en-solidaridad-con-palestina-y-contra-el-genocidio-2\/","og_locale":"es_ES","og_type":"article","og_title":"Marcha multitudinaria en Amberes en solidaridad con Palestina y contra el genocidio","og_description":"Amberes, B\u00e9lgica | El s\u00e1bado 11\/01\/2025 (Rep\u00fablica de Palestina). -La ciudad belga de Amberes fue testigo de una manifestaci\u00f3n multitudinaria, en la que cientos de activistas y participantes se reunieron en la plaza Waterpoort a pesar del fr\u00edo y la niebla. La marcha respond\u00eda a un llamamiento de la Coalici\u00f3n Belga por Palestina, una nueva coalici\u00f3n de organizaciones de la sociedad civil, sindicatos, movimientos estudiantiles y pacifistas, para exigir que el ayuntamiento de Amberes revise sus relaciones con instituciones y empresas israel\u00edes. Reivindicaciones claras y llamamientos al boicot La marcha se abri\u00f3 con un discurso del representante de la comunidad palestina en B\u00e9lgica, Hamdan Al-Damiri, que dio las gracias a los participantes y a los organizadores. Pidi\u00f3 que se pusiera fin al acuerdo de hermanamiento entre la ciudad de Amberes y la ciudad ocupada de Haifa, se\u00f1alando la importancia de la presi\u00f3n popular para lograr este objetivo. Mencion\u00f3 la experiencia del municipio de Ixelles, que congel\u00f3 el acuerdo de hermanamiento con el municipio de Megiddo ocupado el pasado noviembre tras una serie de campa\u00f1as populares. Damiri subray\u00f3 que el actual acuerdo de hermanamiento incluye la cooperaci\u00f3n entre las organizaciones policiales de ambas ciudades, lo que refuerza la necesidad de poner &hellip;","og_url":"https:\/\/republicpalestine.com\/es\/2025\/01\/14\/marcha-multitudinaria-en-amberes-en-solidaridad-con-palestina-y-contra-el-genocidio-2\/","og_site_name":"Rep\u00fablica de Palestina","article_published_time":"2025-01-14T16:23:12+00:00","article_modified_time":"2025-01-14T16:23:13+00:00","og_image":[{"width":2048,"height":1152,"url":"https:\/\/republicpalestine.com\/es\/wp-content\/uploads\/sites\/3\/2025\/01\/Marcha-en-Amberes-1.jpeg","type":"image\/jpeg"}],"author":"RepublicofPalestine","twitter_card":"summary_large_image","twitter_misc":{"Escrito por":"RepublicofPalestine","Tiempo de lectura":"3 minutos"},"schema":{"@context":"https:\/\/schema.org","@graph":[{"@type":"WebPage","@id":"https:\/\/republicpalestine.com\/es\/2025\/01\/14\/marcha-multitudinaria-en-amberes-en-solidaridad-con-palestina-y-contra-el-genocidio-2\/","url":"https:\/\/republicpalestine.com\/es\/2025\/01\/14\/marcha-multitudinaria-en-amberes-en-solidaridad-con-palestina-y-contra-el-genocidio-2\/","name":"Marcha multitudinaria en Amberes en solidaridad con Palestina y contra el genocidio - Rep\u00fablica de Palestina","isPartOf":{"@id":"https:\/\/republicpalestine.com\/es\/#website"},"primaryImageOfPage":{"@id":"https:\/\/republicpalestine.com\/es\/2025\/01\/14\/marcha-multitudinaria-en-amberes-en-solidaridad-con-palestina-y-contra-el-genocidio-2\/#primaryimage"},"image":{"@id":"https:\/\/republicpalestine.com\/es\/2025\/01\/14\/marcha-multitudinaria-en-amberes-en-solidaridad-con-palestina-y-contra-el-genocidio-2\/#primaryimage"},"thumbnailUrl":"https:\/\/republicpalestine.com\/es\/wp-content\/uploads\/sites\/3\/2025\/01\/Marcha-en-Amberes-1.jpeg","datePublished":"2025-01-14T16:23:12+00:00","dateModified":"2025-01-14T16:23:13+00:00","author":{"@id":"https:\/\/republicpalestine.com\/es\/#\/schema\/person\/a116984632a4562b5d251d19cb8e8bf3"},"breadcrumb":{"@id":"https:\/\/republicpalestine.com\/es\/2025\/01\/14\/marcha-multitudinaria-en-amberes-en-solidaridad-con-palestina-y-contra-el-genocidio-2\/#breadcrumb"},"inLanguage":"es","potentialAction":[{"@type":"ReadAction","target":["https:\/\/republicpalestine.com\/es\/2025\/01\/14\/marcha-multitudinaria-en-amberes-en-solidaridad-con-palestina-y-contra-el-genocidio-2\/"]}]},{"@type":"ImageObject","inLanguage":"es","@id":"https:\/\/republicpalestine.com\/es\/2025\/01\/14\/marcha-multitudinaria-en-amberes-en-solidaridad-con-palestina-y-contra-el-genocidio-2\/#primaryimage","url":"https:\/\/republicpalestine.com\/es\/wp-content\/uploads\/sites\/3\/2025\/01\/Marcha-en-Amberes-1.jpeg","contentUrl":"https:\/\/republicpalestine.com\/es\/wp-content\/uploads\/sites\/3\/2025\/01\/Marcha-en-Amberes-1.jpeg","width":2048,"height":1152},{"@type":"BreadcrumbList","@id":"https:\/\/republicpalestine.com\/es\/2025\/01\/14\/marcha-multitudinaria-en-amberes-en-solidaridad-con-palestina-y-contra-el-genocidio-2\/#breadcrumb","itemListElement":[{"@type":"ListItem","position":1,"name":"\u0627\u0644\u0631\u0626\u064a\u0633\u064a\u0629","item":"https:\/\/republicpalestine.com\/es\/"},{"@type":"ListItem","position":2,"name":"Marcha multitudinaria en Amberes en solidaridad con Palestina y contra el genocidio"}]},{"@type":"WebSite","@id":"https:\/\/republicpalestine.com\/es\/#website","url":"https:\/\/republicpalestine.com\/es\/","name":"Rep\u00fablica de Palestina","description":"","potentialAction":[{"@type":"SearchAction","target":{"@type":"EntryPoint","urlTemplate":"https:\/\/republicpalestine.com\/es\/?s={search_term_string}"},"query-input":{"@type":"PropertyValueSpecification","valueRequired":true,"valueName":"search_term_string"}}],"inLanguage":"es"},{"@type":"Person","@id":"https:\/\/republicpalestine.com\/es\/#\/schema\/person\/a116984632a4562b5d251d19cb8e8bf3","name":"RepublicofPalestine","image":{"@type":"ImageObject","inLanguage":"es","@id":"https:\/\/republicpalestine.com\/es\/#\/schema\/person\/image\/","url":"https:\/\/secure.gravatar.com\/avatar\/13240ade82024fefe7ea06e3569c7001?s=96&d=mm&r=g","contentUrl":"https:\/\/secure.gravatar.com\/avatar\/13240ade82024fefe7ea06e3569c7001?s=96&d=mm&r=g","caption":"RepublicofPalestine"},"sameAs":["https:\/\/republicpalestine.com"],"url":"https:\/\/republicpalestine.com\/es\/author\/jmhoriaadmin\/"}]}},"_links":{"self":[{"href":"https:\/\/republicpalestine.com\/es\/wp-json\/wp\/v2\/posts\/813","targetHints":{"allow":["GET"]}}],"collection":[{"href":"https:\/\/republicpalestine.com\/es\/wp-json\/wp\/v2\/posts"}],"about":[{"href":"https:\/\/republicpalestine.com\/es\/wp-json\/wp\/v2\/types\/post"}],"author":[{"embeddable":true,"href":"https:\/\/republicpalestine.com\/es\/wp-json\/wp\/v2\/users\/1"}],"replies":[{"embeddable":true,"href":"https:\/\/republicpalestine.com\/es\/wp-json\/wp\/v2\/comments?post=813"}],"version-history":[{"count":1,"href":"https:\/\/republicpalestine.com\/es\/wp-json\/wp\/v2\/posts\/813\/revisions"}],"predecessor-version":[{"id":815,"href":"https:\/\/republicpalestine.com\/es\/wp-json\/wp\/v2\/posts\/813\/revisions\/815"}],"wp:featuredmedia":[{"embeddable":true,"href":"https:\/\/republicpalestine.com\/es\/wp-json\/wp\/v2\/media\/814"}],"wp:attachment":[{"href":"https:\/\/republicpalestine.com\/es\/wp-json\/wp\/v2\/media?parent=813"}],"wp:term":[{"taxonomy":"category","embeddable":true,"href":"https:\/\/republicpalestine.com\/es\/wp-json\/wp\/v2\/categories?post=813"},{"taxonomy":"post_tag","embeddable":true,"href":"https:\/\/republicpalestine.com\/es\/wp-json\/wp\/v2\/tags?post=813"}],"curies":[{"name":"wp","href":"https:\/\/api.w.org\/{rel}","templated":true}]}}