{"id":819,"date":"2025-01-18T19:06:16","date_gmt":"2025-01-18T16:06:16","guid":{"rendered":"https:\/\/republicpalestine.com\/es\/?p=819"},"modified":"2025-01-18T19:06:18","modified_gmt":"2025-01-18T16:06:18","slug":"granada-acoge-la-presentacion-del-libro-andalucia-con-palestina","status":"publish","type":"post","link":"https:\/\/republicpalestine.com\/es\/2025\/01\/18\/granada-acoge-la-presentacion-del-libro-andalucia-con-palestina\/","title":{"rendered":"Granada acoge la presentaci\u00f3n del libro \u00abAndaluc\u00eda con Palestina\u00bb"},"content":{"rendered":"\n<p>Granada \u2013 viernes, 17 de enero de 2025<\/p>\n\n\n\n<p>La sede de la organizaci\u00f3n \u00abNaci\u00f3n Andaluza\u00bb en Granada fue el escenario, la tarde del viernes, de una destacada ponencia para la presentaci\u00f3n del libro \u00abAndaluc\u00eda con Palestina\u00bb, con la participaci\u00f3n de un grupo de investigadores y personas interesadas en la causa palestina. Este libro, una obra colectiva en la que colaboraron nueve autores, aborda cuestiones fundamentales relacionadas con la situaci\u00f3n colonial en Palestina y pone de relieve los v\u00ednculos hist\u00f3ricos y culturales entre Andaluc\u00eda y Palestina. Adem\u00e1s, se centra en el tema del genocidio como eje principal.<\/p>\n\n\n\n<p><strong>Ponentes principales de la presentaci\u00f3n:<\/strong><\/p>\n\n\n\n<p>Dos de los autores del libro estuvieron al frente de la ponencia: La doctora en Psicolog\u00eda Mar\u00eda Jos\u00e9 Lera, quien analiz\u00f3 la psicopat\u00eda israel\u00ed frente a la resistencia palestina. El profesor Carlos R\u00edos, quien explor\u00f3 la relaci\u00f3n entre las resistencias del Sur Global y el derecho de los pueblos a la autodeterminaci\u00f3n, con un enfoque particular en Palestina y Andaluc\u00eda, comparando ambas experiencias frente al genocidio y su lucha por el derecho a la autodeterminaci\u00f3n.<\/p>\n\n\n\n<p><strong>Temas centrales del libro y la ponencia:<\/strong><\/p>\n\n\n\n<p>El libro comienza con el lema \u00abDetener el genocidio\u00bb y analiza el papel que juegan los medios de comunicaci\u00f3n y las pol\u00edticas occidentales en la justificaci\u00f3n de las violaciones contra el pueblo palestino. Tambi\u00e9n destaca el eslogan \u00abDel r\u00edo al mar\u00bb, como una expresi\u00f3n que reivindica el derecho del pueblo palestino sobre todo su territorio nacional. Este lema ha resonado en las calles de Granada durante m\u00e1s de un a\u00f1o, coreado por los defensores de la causa palestina y sus derechos inalienables. &nbsp;Adem\u00e1s, el libro profundiza en el an\u00e1lisis de la naturaleza de la entidad sionista, la posici\u00f3n de Espa\u00f1a respecto a la cuesti\u00f3n palestina y el papel del imperialismo en la exacerbaci\u00f3n de la crisis.<\/p>\n\n\n\n<p><strong>La solidaridad andaluza con Palestina:<\/strong><\/p>\n\n\n\n<p>Durante la presentaci\u00f3n, se destac\u00f3 la iniciativa impulsada por organizaciones andaluzas que colaboraron en la creaci\u00f3n de este libro, subrayando en el pr\u00f3logo la importancia de \u00abfortalecer los lazos entre los pueblos situados a ambos lados del mar Mediterr\u00e1neo\u00bb, describiendo esta obra como un ejemplo vivo de solidaridad internacionalista. La ponencia concluy\u00f3 con un di\u00e1logo abierto con los asistentes sobre la importancia del trabajo colectivo en el apoyo a la causa palestina y el papel que Andaluc\u00eda puede desempe\u00f1ar como puente para la solidaridad internacional.<\/p>\n\n\n\n<p>Cabe se\u00f1alar que, desde el 7 de octubre de 2023, la ciudad de Granada ha sido testigo de un notable movimiento de apoyo al pueblo palestino, en el que ha surgido el lema \u00abAndaluc\u00eda con Palestina\u00bb, que se ha difundido ampliamente en la regi\u00f3n y las provincias de Andaluc\u00eda.<\/p>\n","protected":false},"excerpt":{"rendered":"<p>Granada \u2013 viernes, 17 de enero de 2025 La sede de la organizaci\u00f3n \u00abNaci\u00f3n Andaluza\u00bb en Granada fue el escenario, la tarde del viernes, de una destacada ponencia para la presentaci\u00f3n del libro \u00abAndaluc\u00eda con Palestina\u00bb, con la participaci\u00f3n de un grupo de investigadores y personas interesadas en la causa palestina. Este libro, una obra colectiva en la que colaboraron nueve autores, aborda cuestiones fundamentales relacionadas con la situaci\u00f3n colonial en Palestina y pone de relieve los v\u00ednculos hist\u00f3ricos y culturales entre Andaluc\u00eda y Palestina. Adem\u00e1s, se centra en el tema del genocidio como eje principal. Ponentes principales de la presentaci\u00f3n: Dos de los autores del libro estuvieron al frente de la ponencia: La doctora en Psicolog\u00eda Mar\u00eda Jos\u00e9 Lera, quien analiz\u00f3 la psicopat\u00eda israel\u00ed frente a la resistencia palestina. El profesor Carlos R\u00edos, quien explor\u00f3 la relaci\u00f3n entre las resistencias del Sur Global y el derecho de los pueblos a la autodeterminaci\u00f3n, con un enfoque particular en Palestina y Andaluc\u00eda, comparando ambas experiencias frente al genocidio y su lucha por el derecho a la autodeterminaci\u00f3n. Temas centrales del libro y la ponencia: El libro comienza con el lema \u00abDetener el genocidio\u00bb y analiza el papel que juegan los medios &hellip;<\/p>\n","protected":false},"author":1,"featured_media":820,"comment_status":"open","ping_status":"open","sticky":false,"template":"","format":"standard","meta":{"_acf_changed":false,"_eb_attr":"","footnotes":""},"categories":[5,4,3],"tags":[32,19,18,25,29,34,17],"class_list":["post-819","post","type-post","status-publish","format-standard","has-post-thumbnail","hentry","category-con-palestina","category-diaspora-palestina","category-noticias","tag-cisjordania","tag-freepalestina","tag-gaza","tag-genocidio-2","tag-imperialismo","tag-ocupacion","tag-palestina"],"acf":[],"yoast_head":"<!-- This site is optimized with the Yoast SEO Premium plugin v22.8 (Yoast SEO v24.8.1) - https:\/\/yoast.com\/wordpress\/plugins\/seo\/ -->\n<title>Granada acoge la presentaci\u00f3n del libro &quot;Andaluc\u00eda con Palestina&quot; - Rep\u00fablica de Palestina<\/title>\n<meta name=\"description\" content=\"La sede de la organizaci\u00f3n &quot;Naci\u00f3n Andaluza&quot; en Granada fue el escenario, la tarde del viernes, de una destacada ponencia para la presentaci\u00f3n del libro &quot;Andaluc\u00eda con Palestina&quot;, con la participaci\u00f3n de un grupo de investigadores y personas interesadas en la causa palestina. Este libro, una obra colectiva en la que colaboraron nueve autores, aborda cuestiones fundamentales relacionadas con la situaci\u00f3n colonial en Palestina y pone de relieve los v\u00ednculos hist\u00f3ricos y culturales entre Andaluc\u00eda y Palestina. Adem\u00e1s, se centra en el tema del genocidio como eje principal.\" \/>\n<meta name=\"robots\" content=\"index, follow, max-snippet:-1, max-image-preview:large, max-video-preview:-1\" \/>\n<link rel=\"canonical\" href=\"https:\/\/republicpalestine.com\/es\/2025\/01\/18\/granada-acoge-la-presentacion-del-libro-andalucia-con-palestina\/\" \/>\n<meta property=\"og:locale\" content=\"es_ES\" \/>\n<meta property=\"og:type\" content=\"article\" \/>\n<meta property=\"og:title\" content=\"Granada acoge la presentaci\u00f3n del libro &quot;Andaluc\u00eda con Palestina&quot;\" \/>\n<meta property=\"og:description\" content=\"La sede de la organizaci\u00f3n &quot;Naci\u00f3n Andaluza&quot; en Granada fue el escenario, la tarde del viernes, de una destacada ponencia para la presentaci\u00f3n del libro &quot;Andaluc\u00eda con Palestina&quot;, con la participaci\u00f3n de un grupo de investigadores y personas interesadas en la causa palestina. Este libro, una obra colectiva en la que colaboraron nueve autores, aborda cuestiones fundamentales relacionadas con la situaci\u00f3n colonial en Palestina y pone de relieve los v\u00ednculos hist\u00f3ricos y culturales entre Andaluc\u00eda y Palestina. Adem\u00e1s, se centra en el tema del genocidio como eje principal.\" \/>\n<meta property=\"og:url\" content=\"https:\/\/republicpalestine.com\/es\/2025\/01\/18\/granada-acoge-la-presentacion-del-libro-andalucia-con-palestina\/\" \/>\n<meta property=\"og:site_name\" content=\"Rep\u00fablica de Palestina\" \/>\n<meta property=\"article:published_time\" content=\"2025-01-18T16:06:16+00:00\" \/>\n<meta property=\"article:modified_time\" content=\"2025-01-18T16:06:18+00:00\" \/>\n<meta property=\"og:image\" content=\"https:\/\/republicpalestine.com\/es\/wp-content\/uploads\/sites\/3\/2025\/01\/Portada.jpg\" \/>\n\t<meta property=\"og:image:width\" content=\"1418\" \/>\n\t<meta property=\"og:image:height\" content=\"1949\" \/>\n\t<meta property=\"og:image:type\" content=\"image\/jpeg\" \/>\n<meta name=\"author\" content=\"RepublicofPalestine\" \/>\n<meta name=\"twitter:card\" content=\"summary_large_image\" \/>\n<meta name=\"twitter:label1\" content=\"Escrito por\" \/>\n\t<meta name=\"twitter:data1\" content=\"RepublicofPalestine\" \/>\n\t<meta name=\"twitter:label2\" content=\"Tiempo de lectura\" \/>\n\t<meta name=\"twitter:data2\" content=\"3 minutos\" \/>\n<script type=\"application\/ld+json\" class=\"yoast-schema-graph\">{\"@context\":\"https:\/\/schema.org\",\"@graph\":[{\"@type\":\"WebPage\",\"@id\":\"https:\/\/republicpalestine.com\/es\/2025\/01\/18\/granada-acoge-la-presentacion-del-libro-andalucia-con-palestina\/\",\"url\":\"https:\/\/republicpalestine.com\/es\/2025\/01\/18\/granada-acoge-la-presentacion-del-libro-andalucia-con-palestina\/\",\"name\":\"Granada acoge la presentaci\u00f3n del libro \\\"Andaluc\u00eda con Palestina\\\" - Rep\u00fablica de Palestina\",\"isPartOf\":{\"@id\":\"https:\/\/republicpalestine.com\/es\/#website\"},\"primaryImageOfPage\":{\"@id\":\"https:\/\/republicpalestine.com\/es\/2025\/01\/18\/granada-acoge-la-presentacion-del-libro-andalucia-con-palestina\/#primaryimage\"},\"image\":{\"@id\":\"https:\/\/republicpalestine.com\/es\/2025\/01\/18\/granada-acoge-la-presentacion-del-libro-andalucia-con-palestina\/#primaryimage\"},\"thumbnailUrl\":\"https:\/\/republicpalestine.com\/es\/wp-content\/uploads\/sites\/3\/2025\/01\/Portada.jpg\",\"datePublished\":\"2025-01-18T16:06:16+00:00\",\"dateModified\":\"2025-01-18T16:06:18+00:00\",\"author\":{\"@id\":\"https:\/\/republicpalestine.com\/es\/#\/schema\/person\/a116984632a4562b5d251d19cb8e8bf3\"},\"description\":\"La sede de la organizaci\u00f3n \\\"Naci\u00f3n Andaluza\\\" en Granada fue el escenario, la tarde del viernes, de una destacada ponencia para la presentaci\u00f3n del libro \\\"Andaluc\u00eda con Palestina\\\", con la participaci\u00f3n de un grupo de investigadores y personas interesadas en la causa palestina. Este libro, una obra colectiva en la que colaboraron nueve autores, aborda cuestiones fundamentales relacionadas con la situaci\u00f3n colonial en Palestina y pone de relieve los v\u00ednculos hist\u00f3ricos y culturales entre Andaluc\u00eda y Palestina. Adem\u00e1s, se centra en el tema del genocidio como eje principal.\",\"breadcrumb\":{\"@id\":\"https:\/\/republicpalestine.com\/es\/2025\/01\/18\/granada-acoge-la-presentacion-del-libro-andalucia-con-palestina\/#breadcrumb\"},\"inLanguage\":\"es\",\"potentialAction\":[{\"@type\":\"ReadAction\",\"target\":[\"https:\/\/republicpalestine.com\/es\/2025\/01\/18\/granada-acoge-la-presentacion-del-libro-andalucia-con-palestina\/\"]}]},{\"@type\":\"ImageObject\",\"inLanguage\":\"es\",\"@id\":\"https:\/\/republicpalestine.com\/es\/2025\/01\/18\/granada-acoge-la-presentacion-del-libro-andalucia-con-palestina\/#primaryimage\",\"url\":\"https:\/\/republicpalestine.com\/es\/wp-content\/uploads\/sites\/3\/2025\/01\/Portada.jpg\",\"contentUrl\":\"https:\/\/republicpalestine.com\/es\/wp-content\/uploads\/sites\/3\/2025\/01\/Portada.jpg\",\"width\":1418,\"height\":1949},{\"@type\":\"BreadcrumbList\",\"@id\":\"https:\/\/republicpalestine.com\/es\/2025\/01\/18\/granada-acoge-la-presentacion-del-libro-andalucia-con-palestina\/#breadcrumb\",\"itemListElement\":[{\"@type\":\"ListItem\",\"position\":1,\"name\":\"\u0627\u0644\u0631\u0626\u064a\u0633\u064a\u0629\",\"item\":\"https:\/\/republicpalestine.com\/es\/\"},{\"@type\":\"ListItem\",\"position\":2,\"name\":\"Granada acoge la presentaci\u00f3n del libro \u00abAndaluc\u00eda con Palestina\u00bb\"}]},{\"@type\":\"WebSite\",\"@id\":\"https:\/\/republicpalestine.com\/es\/#website\",\"url\":\"https:\/\/republicpalestine.com\/es\/\",\"name\":\"Rep\u00fablica de Palestina\",\"description\":\"\",\"potentialAction\":[{\"@type\":\"SearchAction\",\"target\":{\"@type\":\"EntryPoint\",\"urlTemplate\":\"https:\/\/republicpalestine.com\/es\/?s={search_term_string}\"},\"query-input\":{\"@type\":\"PropertyValueSpecification\",\"valueRequired\":true,\"valueName\":\"search_term_string\"}}],\"inLanguage\":\"es\"},{\"@type\":\"Person\",\"@id\":\"https:\/\/republicpalestine.com\/es\/#\/schema\/person\/a116984632a4562b5d251d19cb8e8bf3\",\"name\":\"RepublicofPalestine\",\"image\":{\"@type\":\"ImageObject\",\"inLanguage\":\"es\",\"@id\":\"https:\/\/republicpalestine.com\/es\/#\/schema\/person\/image\/\",\"url\":\"https:\/\/secure.gravatar.com\/avatar\/13240ade82024fefe7ea06e3569c7001?s=96&d=mm&r=g\",\"contentUrl\":\"https:\/\/secure.gravatar.com\/avatar\/13240ade82024fefe7ea06e3569c7001?s=96&d=mm&r=g\",\"caption\":\"RepublicofPalestine\"},\"sameAs\":[\"https:\/\/republicpalestine.com\"],\"url\":\"https:\/\/republicpalestine.com\/es\/author\/jmhoriaadmin\/\"}]}<\/script>\n<!-- \/ Yoast SEO Premium plugin. -->","yoast_head_json":{"title":"Granada acoge la presentaci\u00f3n del libro \"Andaluc\u00eda con Palestina\" - Rep\u00fablica de Palestina","description":"La sede de la organizaci\u00f3n \"Naci\u00f3n Andaluza\" en Granada fue el escenario, la tarde del viernes, de una destacada ponencia para la presentaci\u00f3n del libro \"Andaluc\u00eda con Palestina\", con la participaci\u00f3n de un grupo de investigadores y personas interesadas en la causa palestina. Este libro, una obra colectiva en la que colaboraron nueve autores, aborda cuestiones fundamentales relacionadas con la situaci\u00f3n colonial en Palestina y pone de relieve los v\u00ednculos hist\u00f3ricos y culturales entre Andaluc\u00eda y Palestina. Adem\u00e1s, se centra en el tema del genocidio como eje principal.","robots":{"index":"index","follow":"follow","max-snippet":"max-snippet:-1","max-image-preview":"max-image-preview:large","max-video-preview":"max-video-preview:-1"},"canonical":"https:\/\/republicpalestine.com\/es\/2025\/01\/18\/granada-acoge-la-presentacion-del-libro-andalucia-con-palestina\/","og_locale":"es_ES","og_type":"article","og_title":"Granada acoge la presentaci\u00f3n del libro \"Andaluc\u00eda con Palestina\"","og_description":"La sede de la organizaci\u00f3n \"Naci\u00f3n Andaluza\" en Granada fue el escenario, la tarde del viernes, de una destacada ponencia para la presentaci\u00f3n del libro \"Andaluc\u00eda con Palestina\", con la participaci\u00f3n de un grupo de investigadores y personas interesadas en la causa palestina. Este libro, una obra colectiva en la que colaboraron nueve autores, aborda cuestiones fundamentales relacionadas con la situaci\u00f3n colonial en Palestina y pone de relieve los v\u00ednculos hist\u00f3ricos y culturales entre Andaluc\u00eda y Palestina. Adem\u00e1s, se centra en el tema del genocidio como eje principal.","og_url":"https:\/\/republicpalestine.com\/es\/2025\/01\/18\/granada-acoge-la-presentacion-del-libro-andalucia-con-palestina\/","og_site_name":"Rep\u00fablica de Palestina","article_published_time":"2025-01-18T16:06:16+00:00","article_modified_time":"2025-01-18T16:06:18+00:00","og_image":[{"width":1418,"height":1949,"url":"https:\/\/republicpalestine.com\/es\/wp-content\/uploads\/sites\/3\/2025\/01\/Portada.jpg","type":"image\/jpeg"}],"author":"RepublicofPalestine","twitter_card":"summary_large_image","twitter_misc":{"Escrito por":"RepublicofPalestine","Tiempo de lectura":"3 minutos"},"schema":{"@context":"https:\/\/schema.org","@graph":[{"@type":"WebPage","@id":"https:\/\/republicpalestine.com\/es\/2025\/01\/18\/granada-acoge-la-presentacion-del-libro-andalucia-con-palestina\/","url":"https:\/\/republicpalestine.com\/es\/2025\/01\/18\/granada-acoge-la-presentacion-del-libro-andalucia-con-palestina\/","name":"Granada acoge la presentaci\u00f3n del libro \"Andaluc\u00eda con Palestina\" - Rep\u00fablica de Palestina","isPartOf":{"@id":"https:\/\/republicpalestine.com\/es\/#website"},"primaryImageOfPage":{"@id":"https:\/\/republicpalestine.com\/es\/2025\/01\/18\/granada-acoge-la-presentacion-del-libro-andalucia-con-palestina\/#primaryimage"},"image":{"@id":"https:\/\/republicpalestine.com\/es\/2025\/01\/18\/granada-acoge-la-presentacion-del-libro-andalucia-con-palestina\/#primaryimage"},"thumbnailUrl":"https:\/\/republicpalestine.com\/es\/wp-content\/uploads\/sites\/3\/2025\/01\/Portada.jpg","datePublished":"2025-01-18T16:06:16+00:00","dateModified":"2025-01-18T16:06:18+00:00","author":{"@id":"https:\/\/republicpalestine.com\/es\/#\/schema\/person\/a116984632a4562b5d251d19cb8e8bf3"},"description":"La sede de la organizaci\u00f3n \"Naci\u00f3n Andaluza\" en Granada fue el escenario, la tarde del viernes, de una destacada ponencia para la presentaci\u00f3n del libro \"Andaluc\u00eda con Palestina\", con la participaci\u00f3n de un grupo de investigadores y personas interesadas en la causa palestina. Este libro, una obra colectiva en la que colaboraron nueve autores, aborda cuestiones fundamentales relacionadas con la situaci\u00f3n colonial en Palestina y pone de relieve los v\u00ednculos hist\u00f3ricos y culturales entre Andaluc\u00eda y Palestina. Adem\u00e1s, se centra en el tema del genocidio como eje principal.","breadcrumb":{"@id":"https:\/\/republicpalestine.com\/es\/2025\/01\/18\/granada-acoge-la-presentacion-del-libro-andalucia-con-palestina\/#breadcrumb"},"inLanguage":"es","potentialAction":[{"@type":"ReadAction","target":["https:\/\/republicpalestine.com\/es\/2025\/01\/18\/granada-acoge-la-presentacion-del-libro-andalucia-con-palestina\/"]}]},{"@type":"ImageObject","inLanguage":"es","@id":"https:\/\/republicpalestine.com\/es\/2025\/01\/18\/granada-acoge-la-presentacion-del-libro-andalucia-con-palestina\/#primaryimage","url":"https:\/\/republicpalestine.com\/es\/wp-content\/uploads\/sites\/3\/2025\/01\/Portada.jpg","contentUrl":"https:\/\/republicpalestine.com\/es\/wp-content\/uploads\/sites\/3\/2025\/01\/Portada.jpg","width":1418,"height":1949},{"@type":"BreadcrumbList","@id":"https:\/\/republicpalestine.com\/es\/2025\/01\/18\/granada-acoge-la-presentacion-del-libro-andalucia-con-palestina\/#breadcrumb","itemListElement":[{"@type":"ListItem","position":1,"name":"\u0627\u0644\u0631\u0626\u064a\u0633\u064a\u0629","item":"https:\/\/republicpalestine.com\/es\/"},{"@type":"ListItem","position":2,"name":"Granada acoge la presentaci\u00f3n del libro \u00abAndaluc\u00eda con Palestina\u00bb"}]},{"@type":"WebSite","@id":"https:\/\/republicpalestine.com\/es\/#website","url":"https:\/\/republicpalestine.com\/es\/","name":"Rep\u00fablica de Palestina","description":"","potentialAction":[{"@type":"SearchAction","target":{"@type":"EntryPoint","urlTemplate":"https:\/\/republicpalestine.com\/es\/?s={search_term_string}"},"query-input":{"@type":"PropertyValueSpecification","valueRequired":true,"valueName":"search_term_string"}}],"inLanguage":"es"},{"@type":"Person","@id":"https:\/\/republicpalestine.com\/es\/#\/schema\/person\/a116984632a4562b5d251d19cb8e8bf3","name":"RepublicofPalestine","image":{"@type":"ImageObject","inLanguage":"es","@id":"https:\/\/republicpalestine.com\/es\/#\/schema\/person\/image\/","url":"https:\/\/secure.gravatar.com\/avatar\/13240ade82024fefe7ea06e3569c7001?s=96&d=mm&r=g","contentUrl":"https:\/\/secure.gravatar.com\/avatar\/13240ade82024fefe7ea06e3569c7001?s=96&d=mm&r=g","caption":"RepublicofPalestine"},"sameAs":["https:\/\/republicpalestine.com"],"url":"https:\/\/republicpalestine.com\/es\/author\/jmhoriaadmin\/"}]}},"_links":{"self":[{"href":"https:\/\/republicpalestine.com\/es\/wp-json\/wp\/v2\/posts\/819","targetHints":{"allow":["GET"]}}],"collection":[{"href":"https:\/\/republicpalestine.com\/es\/wp-json\/wp\/v2\/posts"}],"about":[{"href":"https:\/\/republicpalestine.com\/es\/wp-json\/wp\/v2\/types\/post"}],"author":[{"embeddable":true,"href":"https:\/\/republicpalestine.com\/es\/wp-json\/wp\/v2\/users\/1"}],"replies":[{"embeddable":true,"href":"https:\/\/republicpalestine.com\/es\/wp-json\/wp\/v2\/comments?post=819"}],"version-history":[{"count":1,"href":"https:\/\/republicpalestine.com\/es\/wp-json\/wp\/v2\/posts\/819\/revisions"}],"predecessor-version":[{"id":821,"href":"https:\/\/republicpalestine.com\/es\/wp-json\/wp\/v2\/posts\/819\/revisions\/821"}],"wp:featuredmedia":[{"embeddable":true,"href":"https:\/\/republicpalestine.com\/es\/wp-json\/wp\/v2\/media\/820"}],"wp:attachment":[{"href":"https:\/\/republicpalestine.com\/es\/wp-json\/wp\/v2\/media?parent=819"}],"wp:term":[{"taxonomy":"category","embeddable":true,"href":"https:\/\/republicpalestine.com\/es\/wp-json\/wp\/v2\/categories?post=819"},{"taxonomy":"post_tag","embeddable":true,"href":"https:\/\/republicpalestine.com\/es\/wp-json\/wp\/v2\/tags?post=819"}],"curies":[{"name":"wp","href":"https:\/\/api.w.org\/{rel}","templated":true}]}}