{"id":822,"date":"2025-01-18T19:26:33","date_gmt":"2025-01-18T16:26:33","guid":{"rendered":"https:\/\/republicpalestine.com\/es\/?p=822"},"modified":"2025-01-18T19:31:59","modified_gmt":"2025-01-18T16:31:59","slug":"concentracion-solidaria-en-honor-y-homenaje-a-los-martires-de-palestina-y-a-la-resistencia-de-su-pueblo","status":"publish","type":"post","link":"https:\/\/republicpalestine.com\/es\/2025\/01\/18\/concentracion-solidaria-en-honor-y-homenaje-a-los-martires-de-palestina-y-a-la-resistencia-de-su-pueblo\/","title":{"rendered":"Concentraci\u00f3n Solidaria: En Honor y Homenaje a los M\u00e1rtires de Palestina y a la Resistencia de su Pueblo."},"content":{"rendered":"\t\t<div data-elementor-type=\"wp-post\" data-elementor-id=\"822\" class=\"elementor elementor-822\">\n\t\t\t\t<div class=\"elementor-element elementor-element-7b753ddb e-flex e-con-boxed sticky-no is-skin bg-el bg-inherit bg-light nochange-no bg-no bg-no box-no e-con e-parent\" data-id=\"7b753ddb\" data-element_type=\"container\">\n\t\t\t\t\t<div class=\"e-con-inner\">\n\t\t\t\t<div class=\"elementor-element elementor-element-60997b41 elementor-widget elementor-widget-text-editor\" data-id=\"60997b41\" data-element_type=\"widget\" data-widget_type=\"text-editor.default\">\n\t\t\t\t<div class=\"elementor-widget-container\">\n\t\t\t\t\t\t\t\t\t<p><\/p>\n<p><strong>Se espera una Concentraci\u00f3n en Madrid el d\u00eda 21 de enero<\/strong>, <strong>a las 19h\/ Puerta del sol<\/strong><\/p>\n<p><\/p>\n<p><\/p>\n<p>Gracias a la resistencia heroica del valiente pueblo palestino en la Franja de Gaza, se ha logrado alcanzar un \u00abalto el fuego\u00bb. A pesar de las decisiones del r\u00e9gimen de ocupaci\u00f3n y de sus aliados en todo el mundo, quienes persisten en la ejecuci\u00f3n de genocidios, bloqueos, cr\u00edmenes diarios y el hambre hasta la muerte, la valent\u00eda y la resistencia de nuestro pueblo en Gaza han obligado a estos criminales a detener temporalmente sus ataques.<\/p>\n<p><\/p>\n<p><\/p>\n<p>Esto no marca el fin de los intentos del ocupante de exterminar a nuestro pueblo, pero s\u00ed es una oportunidad para rendir homenaje a las decenas de miles de m\u00e1rtires y al pueblo que ha resistido frente a todas estas atrocidades.<\/p>\n<p><\/p>\n<p><\/p>\n<p>Reun\u00e1monos y levantemos nuevamente nuestras voces contra el genocidio y los cr\u00edmenes de guerra, en defensa del derecho del pueblo palestino a la libertad y la independencia. Recordemos al mundo la urgencia de lograr justicia y de exigir responsabilidades al r\u00e9gimen criminal y terrorista de Israel y a todos los que lo han apoyado en sus cr\u00edmenes.<\/p>\n<p><\/p>\n<p><\/p>\n<p><\/p>\n<p><\/p>\n<p><strong>Madrid con Palestina<\/strong><\/p>\n<p><\/p>\n<p><\/p>\n<p><\/p>\t\t\t\t\t\t\t\t<\/div>\n\t\t\t\t<\/div>\n\t\t\t\t\t<\/div>\n\t\t\t\t<\/div>\n\t\t\t\t<\/div>\n\t\t","protected":false},"excerpt":{"rendered":"<p>Se espera una Concentraci\u00f3n en Madrid el d\u00eda 21 de enero, a las 19h\/ Puerta del sol Gracias a la resistencia heroica del valiente pueblo palestino en la Franja de Gaza, se ha logrado alcanzar un \u00abalto el fuego\u00bb. A pesar de las decisiones del r\u00e9gimen de ocupaci\u00f3n y de sus aliados en todo el mundo, quienes persisten en la ejecuci\u00f3n de genocidios, bloqueos, cr\u00edmenes diarios y el hambre hasta la muerte, la valent\u00eda y la resistencia de nuestro pueblo en Gaza han obligado a estos criminales a detener temporalmente sus ataques. Esto no marca el fin de los intentos del ocupante de exterminar a nuestro pueblo, pero s\u00ed es una oportunidad para rendir homenaje a las decenas de miles de m\u00e1rtires y al pueblo que ha resistido frente a todas estas atrocidades. Reun\u00e1monos y levantemos nuevamente nuestras voces contra el genocidio y los cr\u00edmenes de guerra, en defensa del derecho del pueblo palestino a la libertad y la independencia. Recordemos al mundo la urgencia de lograr justicia y de exigir responsabilidades al r\u00e9gimen criminal y terrorista de Israel y a todos los que lo han apoyado en sus cr\u00edmenes. Madrid con Palestina<\/p>\n","protected":false},"author":1,"featured_media":823,"comment_status":"open","ping_status":"open","sticky":false,"template":"","format":"standard","meta":{"_acf_changed":false,"_eb_attr":"","footnotes":""},"categories":[1,5,4,3],"tags":[19,18,25,34,17,26],"class_list":["post-822","post","type-post","status-publish","format-standard","has-post-thumbnail","hentry","category-archivo","category-con-palestina","category-diaspora-palestina","category-noticias","tag-freepalestina","tag-gaza","tag-genocidio-2","tag-ocupacion","tag-palestina","tag-palestinalibre"],"acf":[],"yoast_head":"<!-- This site is optimized with the Yoast SEO Premium plugin v22.8 (Yoast SEO v24.8.1) - https:\/\/yoast.com\/wordpress\/plugins\/seo\/ -->\n<title>Concentraci\u00f3n Solidaria: En Honor y Homenaje a los M\u00e1rtires de Palestina y a la Resistencia de su Pueblo. - Rep\u00fablica de Palestina<\/title>\n<meta name=\"description\" content=\"Gracias a la resistencia heroica del valiente pueblo palestino en la Franja de Gaza, se ha logrado alcanzar un &quot;alto el fuego&quot;. A pesar de las decisiones del r\u00e9gimen de ocupaci\u00f3n y de sus aliados en todo el mundo, quienes persisten en la ejecuci\u00f3n de genocidios, bloqueos, cr\u00edmenes diarios y el hambre hasta la muerte, la valent\u00eda y la resistencia de nuestro pueblo en Gaza han obligado a estos criminales a detener temporalmente sus ataques.\" \/>\n<meta name=\"robots\" content=\"index, follow, max-snippet:-1, max-image-preview:large, max-video-preview:-1\" \/>\n<link rel=\"canonical\" href=\"https:\/\/republicpalestine.com\/es\/2025\/01\/18\/concentracion-solidaria-en-honor-y-homenaje-a-los-martires-de-palestina-y-a-la-resistencia-de-su-pueblo\/\" \/>\n<meta property=\"og:locale\" content=\"es_ES\" \/>\n<meta property=\"og:type\" content=\"article\" \/>\n<meta property=\"og:title\" content=\"Concentraci\u00f3n Solidaria: En Honor y Homenaje a los M\u00e1rtires de Palestina y a la Resistencia de su Pueblo.\" \/>\n<meta property=\"og:description\" content=\"Gracias a la resistencia heroica del valiente pueblo palestino en la Franja de Gaza, se ha logrado alcanzar un &quot;alto el fuego&quot;. A pesar de las decisiones del r\u00e9gimen de ocupaci\u00f3n y de sus aliados en todo el mundo, quienes persisten en la ejecuci\u00f3n de genocidios, bloqueos, cr\u00edmenes diarios y el hambre hasta la muerte, la valent\u00eda y la resistencia de nuestro pueblo en Gaza han obligado a estos criminales a detener temporalmente sus ataques.\" \/>\n<meta property=\"og:url\" content=\"https:\/\/republicpalestine.com\/es\/2025\/01\/18\/concentracion-solidaria-en-honor-y-homenaje-a-los-martires-de-palestina-y-a-la-resistencia-de-su-pueblo\/\" \/>\n<meta property=\"og:site_name\" content=\"Rep\u00fablica de Palestina\" \/>\n<meta property=\"article:published_time\" content=\"2025-01-18T16:26:33+00:00\" \/>\n<meta property=\"article:modified_time\" content=\"2025-01-18T16:31:59+00:00\" \/>\n<meta property=\"og:image\" content=\"https:\/\/republicpalestine.com\/es\/wp-content\/uploads\/sites\/3\/2025\/01\/WhatsApp-Image-2025-01-18-at-11.30.02.jpeg\" \/>\n\t<meta property=\"og:image:width\" content=\"905\" \/>\n\t<meta property=\"og:image:height\" content=\"1280\" \/>\n\t<meta property=\"og:image:type\" content=\"image\/jpeg\" \/>\n<meta name=\"author\" content=\"RepublicofPalestine\" \/>\n<meta name=\"twitter:card\" content=\"summary_large_image\" \/>\n<meta name=\"twitter:label1\" content=\"Escrito por\" \/>\n\t<meta name=\"twitter:data1\" content=\"RepublicofPalestine\" \/>\n\t<meta name=\"twitter:label2\" content=\"Tiempo de lectura\" \/>\n\t<meta name=\"twitter:data2\" content=\"1 minuto\" \/>\n<script type=\"application\/ld+json\" class=\"yoast-schema-graph\">{\"@context\":\"https:\/\/schema.org\",\"@graph\":[{\"@type\":\"WebPage\",\"@id\":\"https:\/\/republicpalestine.com\/es\/2025\/01\/18\/concentracion-solidaria-en-honor-y-homenaje-a-los-martires-de-palestina-y-a-la-resistencia-de-su-pueblo\/\",\"url\":\"https:\/\/republicpalestine.com\/es\/2025\/01\/18\/concentracion-solidaria-en-honor-y-homenaje-a-los-martires-de-palestina-y-a-la-resistencia-de-su-pueblo\/\",\"name\":\"Concentraci\u00f3n Solidaria: En Honor y Homenaje a los M\u00e1rtires de Palestina y a la Resistencia de su Pueblo. - Rep\u00fablica de Palestina\",\"isPartOf\":{\"@id\":\"https:\/\/republicpalestine.com\/es\/#website\"},\"primaryImageOfPage\":{\"@id\":\"https:\/\/republicpalestine.com\/es\/2025\/01\/18\/concentracion-solidaria-en-honor-y-homenaje-a-los-martires-de-palestina-y-a-la-resistencia-de-su-pueblo\/#primaryimage\"},\"image\":{\"@id\":\"https:\/\/republicpalestine.com\/es\/2025\/01\/18\/concentracion-solidaria-en-honor-y-homenaje-a-los-martires-de-palestina-y-a-la-resistencia-de-su-pueblo\/#primaryimage\"},\"thumbnailUrl\":\"https:\/\/republicpalestine.com\/es\/wp-content\/uploads\/sites\/3\/2025\/01\/WhatsApp-Image-2025-01-18-at-11.30.02.jpeg\",\"datePublished\":\"2025-01-18T16:26:33+00:00\",\"dateModified\":\"2025-01-18T16:31:59+00:00\",\"author\":{\"@id\":\"https:\/\/republicpalestine.com\/es\/#\/schema\/person\/a116984632a4562b5d251d19cb8e8bf3\"},\"description\":\"Gracias a la resistencia heroica del valiente pueblo palestino en la Franja de Gaza, se ha logrado alcanzar un \\\"alto el fuego\\\". A pesar de las decisiones del r\u00e9gimen de ocupaci\u00f3n y de sus aliados en todo el mundo, quienes persisten en la ejecuci\u00f3n de genocidios, bloqueos, cr\u00edmenes diarios y el hambre hasta la muerte, la valent\u00eda y la resistencia de nuestro pueblo en Gaza han obligado a estos criminales a detener temporalmente sus ataques.\",\"breadcrumb\":{\"@id\":\"https:\/\/republicpalestine.com\/es\/2025\/01\/18\/concentracion-solidaria-en-honor-y-homenaje-a-los-martires-de-palestina-y-a-la-resistencia-de-su-pueblo\/#breadcrumb\"},\"inLanguage\":\"es\",\"potentialAction\":[{\"@type\":\"ReadAction\",\"target\":[\"https:\/\/republicpalestine.com\/es\/2025\/01\/18\/concentracion-solidaria-en-honor-y-homenaje-a-los-martires-de-palestina-y-a-la-resistencia-de-su-pueblo\/\"]}]},{\"@type\":\"ImageObject\",\"inLanguage\":\"es\",\"@id\":\"https:\/\/republicpalestine.com\/es\/2025\/01\/18\/concentracion-solidaria-en-honor-y-homenaje-a-los-martires-de-palestina-y-a-la-resistencia-de-su-pueblo\/#primaryimage\",\"url\":\"https:\/\/republicpalestine.com\/es\/wp-content\/uploads\/sites\/3\/2025\/01\/WhatsApp-Image-2025-01-18-at-11.30.02.jpeg\",\"contentUrl\":\"https:\/\/republicpalestine.com\/es\/wp-content\/uploads\/sites\/3\/2025\/01\/WhatsApp-Image-2025-01-18-at-11.30.02.jpeg\",\"width\":905,\"height\":1280},{\"@type\":\"BreadcrumbList\",\"@id\":\"https:\/\/republicpalestine.com\/es\/2025\/01\/18\/concentracion-solidaria-en-honor-y-homenaje-a-los-martires-de-palestina-y-a-la-resistencia-de-su-pueblo\/#breadcrumb\",\"itemListElement\":[{\"@type\":\"ListItem\",\"position\":1,\"name\":\"\u0627\u0644\u0631\u0626\u064a\u0633\u064a\u0629\",\"item\":\"https:\/\/republicpalestine.com\/es\/\"},{\"@type\":\"ListItem\",\"position\":2,\"name\":\"Concentraci\u00f3n Solidaria: En Honor y Homenaje a los M\u00e1rtires de Palestina y a la Resistencia de su Pueblo.\"}]},{\"@type\":\"WebSite\",\"@id\":\"https:\/\/republicpalestine.com\/es\/#website\",\"url\":\"https:\/\/republicpalestine.com\/es\/\",\"name\":\"Rep\u00fablica de Palestina\",\"description\":\"\",\"potentialAction\":[{\"@type\":\"SearchAction\",\"target\":{\"@type\":\"EntryPoint\",\"urlTemplate\":\"https:\/\/republicpalestine.com\/es\/?s={search_term_string}\"},\"query-input\":{\"@type\":\"PropertyValueSpecification\",\"valueRequired\":true,\"valueName\":\"search_term_string\"}}],\"inLanguage\":\"es\"},{\"@type\":\"Person\",\"@id\":\"https:\/\/republicpalestine.com\/es\/#\/schema\/person\/a116984632a4562b5d251d19cb8e8bf3\",\"name\":\"RepublicofPalestine\",\"image\":{\"@type\":\"ImageObject\",\"inLanguage\":\"es\",\"@id\":\"https:\/\/republicpalestine.com\/es\/#\/schema\/person\/image\/\",\"url\":\"https:\/\/secure.gravatar.com\/avatar\/13240ade82024fefe7ea06e3569c7001?s=96&d=mm&r=g\",\"contentUrl\":\"https:\/\/secure.gravatar.com\/avatar\/13240ade82024fefe7ea06e3569c7001?s=96&d=mm&r=g\",\"caption\":\"RepublicofPalestine\"},\"sameAs\":[\"https:\/\/republicpalestine.com\"],\"url\":\"https:\/\/republicpalestine.com\/es\/author\/jmhoriaadmin\/\"}]}<\/script>\n<!-- \/ Yoast SEO Premium plugin. -->","yoast_head_json":{"title":"Concentraci\u00f3n Solidaria: En Honor y Homenaje a los M\u00e1rtires de Palestina y a la Resistencia de su Pueblo. - Rep\u00fablica de Palestina","description":"Gracias a la resistencia heroica del valiente pueblo palestino en la Franja de Gaza, se ha logrado alcanzar un \"alto el fuego\". A pesar de las decisiones del r\u00e9gimen de ocupaci\u00f3n y de sus aliados en todo el mundo, quienes persisten en la ejecuci\u00f3n de genocidios, bloqueos, cr\u00edmenes diarios y el hambre hasta la muerte, la valent\u00eda y la resistencia de nuestro pueblo en Gaza han obligado a estos criminales a detener temporalmente sus ataques.","robots":{"index":"index","follow":"follow","max-snippet":"max-snippet:-1","max-image-preview":"max-image-preview:large","max-video-preview":"max-video-preview:-1"},"canonical":"https:\/\/republicpalestine.com\/es\/2025\/01\/18\/concentracion-solidaria-en-honor-y-homenaje-a-los-martires-de-palestina-y-a-la-resistencia-de-su-pueblo\/","og_locale":"es_ES","og_type":"article","og_title":"Concentraci\u00f3n Solidaria: En Honor y Homenaje a los M\u00e1rtires de Palestina y a la Resistencia de su Pueblo.","og_description":"Gracias a la resistencia heroica del valiente pueblo palestino en la Franja de Gaza, se ha logrado alcanzar un \"alto el fuego\". A pesar de las decisiones del r\u00e9gimen de ocupaci\u00f3n y de sus aliados en todo el mundo, quienes persisten en la ejecuci\u00f3n de genocidios, bloqueos, cr\u00edmenes diarios y el hambre hasta la muerte, la valent\u00eda y la resistencia de nuestro pueblo en Gaza han obligado a estos criminales a detener temporalmente sus ataques.","og_url":"https:\/\/republicpalestine.com\/es\/2025\/01\/18\/concentracion-solidaria-en-honor-y-homenaje-a-los-martires-de-palestina-y-a-la-resistencia-de-su-pueblo\/","og_site_name":"Rep\u00fablica de Palestina","article_published_time":"2025-01-18T16:26:33+00:00","article_modified_time":"2025-01-18T16:31:59+00:00","og_image":[{"width":905,"height":1280,"url":"https:\/\/republicpalestine.com\/es\/wp-content\/uploads\/sites\/3\/2025\/01\/WhatsApp-Image-2025-01-18-at-11.30.02.jpeg","type":"image\/jpeg"}],"author":"RepublicofPalestine","twitter_card":"summary_large_image","twitter_misc":{"Escrito por":"RepublicofPalestine","Tiempo de lectura":"1 minuto"},"schema":{"@context":"https:\/\/schema.org","@graph":[{"@type":"WebPage","@id":"https:\/\/republicpalestine.com\/es\/2025\/01\/18\/concentracion-solidaria-en-honor-y-homenaje-a-los-martires-de-palestina-y-a-la-resistencia-de-su-pueblo\/","url":"https:\/\/republicpalestine.com\/es\/2025\/01\/18\/concentracion-solidaria-en-honor-y-homenaje-a-los-martires-de-palestina-y-a-la-resistencia-de-su-pueblo\/","name":"Concentraci\u00f3n Solidaria: En Honor y Homenaje a los M\u00e1rtires de Palestina y a la Resistencia de su Pueblo. - Rep\u00fablica de Palestina","isPartOf":{"@id":"https:\/\/republicpalestine.com\/es\/#website"},"primaryImageOfPage":{"@id":"https:\/\/republicpalestine.com\/es\/2025\/01\/18\/concentracion-solidaria-en-honor-y-homenaje-a-los-martires-de-palestina-y-a-la-resistencia-de-su-pueblo\/#primaryimage"},"image":{"@id":"https:\/\/republicpalestine.com\/es\/2025\/01\/18\/concentracion-solidaria-en-honor-y-homenaje-a-los-martires-de-palestina-y-a-la-resistencia-de-su-pueblo\/#primaryimage"},"thumbnailUrl":"https:\/\/republicpalestine.com\/es\/wp-content\/uploads\/sites\/3\/2025\/01\/WhatsApp-Image-2025-01-18-at-11.30.02.jpeg","datePublished":"2025-01-18T16:26:33+00:00","dateModified":"2025-01-18T16:31:59+00:00","author":{"@id":"https:\/\/republicpalestine.com\/es\/#\/schema\/person\/a116984632a4562b5d251d19cb8e8bf3"},"description":"Gracias a la resistencia heroica del valiente pueblo palestino en la Franja de Gaza, se ha logrado alcanzar un \"alto el fuego\". A pesar de las decisiones del r\u00e9gimen de ocupaci\u00f3n y de sus aliados en todo el mundo, quienes persisten en la ejecuci\u00f3n de genocidios, bloqueos, cr\u00edmenes diarios y el hambre hasta la muerte, la valent\u00eda y la resistencia de nuestro pueblo en Gaza han obligado a estos criminales a detener temporalmente sus ataques.","breadcrumb":{"@id":"https:\/\/republicpalestine.com\/es\/2025\/01\/18\/concentracion-solidaria-en-honor-y-homenaje-a-los-martires-de-palestina-y-a-la-resistencia-de-su-pueblo\/#breadcrumb"},"inLanguage":"es","potentialAction":[{"@type":"ReadAction","target":["https:\/\/republicpalestine.com\/es\/2025\/01\/18\/concentracion-solidaria-en-honor-y-homenaje-a-los-martires-de-palestina-y-a-la-resistencia-de-su-pueblo\/"]}]},{"@type":"ImageObject","inLanguage":"es","@id":"https:\/\/republicpalestine.com\/es\/2025\/01\/18\/concentracion-solidaria-en-honor-y-homenaje-a-los-martires-de-palestina-y-a-la-resistencia-de-su-pueblo\/#primaryimage","url":"https:\/\/republicpalestine.com\/es\/wp-content\/uploads\/sites\/3\/2025\/01\/WhatsApp-Image-2025-01-18-at-11.30.02.jpeg","contentUrl":"https:\/\/republicpalestine.com\/es\/wp-content\/uploads\/sites\/3\/2025\/01\/WhatsApp-Image-2025-01-18-at-11.30.02.jpeg","width":905,"height":1280},{"@type":"BreadcrumbList","@id":"https:\/\/republicpalestine.com\/es\/2025\/01\/18\/concentracion-solidaria-en-honor-y-homenaje-a-los-martires-de-palestina-y-a-la-resistencia-de-su-pueblo\/#breadcrumb","itemListElement":[{"@type":"ListItem","position":1,"name":"\u0627\u0644\u0631\u0626\u064a\u0633\u064a\u0629","item":"https:\/\/republicpalestine.com\/es\/"},{"@type":"ListItem","position":2,"name":"Concentraci\u00f3n Solidaria: En Honor y Homenaje a los M\u00e1rtires de Palestina y a la Resistencia de su Pueblo."}]},{"@type":"WebSite","@id":"https:\/\/republicpalestine.com\/es\/#website","url":"https:\/\/republicpalestine.com\/es\/","name":"Rep\u00fablica de Palestina","description":"","potentialAction":[{"@type":"SearchAction","target":{"@type":"EntryPoint","urlTemplate":"https:\/\/republicpalestine.com\/es\/?s={search_term_string}"},"query-input":{"@type":"PropertyValueSpecification","valueRequired":true,"valueName":"search_term_string"}}],"inLanguage":"es"},{"@type":"Person","@id":"https:\/\/republicpalestine.com\/es\/#\/schema\/person\/a116984632a4562b5d251d19cb8e8bf3","name":"RepublicofPalestine","image":{"@type":"ImageObject","inLanguage":"es","@id":"https:\/\/republicpalestine.com\/es\/#\/schema\/person\/image\/","url":"https:\/\/secure.gravatar.com\/avatar\/13240ade82024fefe7ea06e3569c7001?s=96&d=mm&r=g","contentUrl":"https:\/\/secure.gravatar.com\/avatar\/13240ade82024fefe7ea06e3569c7001?s=96&d=mm&r=g","caption":"RepublicofPalestine"},"sameAs":["https:\/\/republicpalestine.com"],"url":"https:\/\/republicpalestine.com\/es\/author\/jmhoriaadmin\/"}]}},"_links":{"self":[{"href":"https:\/\/republicpalestine.com\/es\/wp-json\/wp\/v2\/posts\/822","targetHints":{"allow":["GET"]}}],"collection":[{"href":"https:\/\/republicpalestine.com\/es\/wp-json\/wp\/v2\/posts"}],"about":[{"href":"https:\/\/republicpalestine.com\/es\/wp-json\/wp\/v2\/types\/post"}],"author":[{"embeddable":true,"href":"https:\/\/republicpalestine.com\/es\/wp-json\/wp\/v2\/users\/1"}],"replies":[{"embeddable":true,"href":"https:\/\/republicpalestine.com\/es\/wp-json\/wp\/v2\/comments?post=822"}],"version-history":[{"count":4,"href":"https:\/\/republicpalestine.com\/es\/wp-json\/wp\/v2\/posts\/822\/revisions"}],"predecessor-version":[{"id":827,"href":"https:\/\/republicpalestine.com\/es\/wp-json\/wp\/v2\/posts\/822\/revisions\/827"}],"wp:featuredmedia":[{"embeddable":true,"href":"https:\/\/republicpalestine.com\/es\/wp-json\/wp\/v2\/media\/823"}],"wp:attachment":[{"href":"https:\/\/republicpalestine.com\/es\/wp-json\/wp\/v2\/media?parent=822"}],"wp:term":[{"taxonomy":"category","embeddable":true,"href":"https:\/\/republicpalestine.com\/es\/wp-json\/wp\/v2\/categories?post=822"},{"taxonomy":"post_tag","embeddable":true,"href":"https:\/\/republicpalestine.com\/es\/wp-json\/wp\/v2\/tags?post=822"}],"curies":[{"name":"wp","href":"https:\/\/api.w.org\/{rel}","templated":true}]}}