{"id":843,"date":"2025-01-22T21:19:37","date_gmt":"2025-01-22T18:19:37","guid":{"rendered":"https:\/\/republicpalestine.com\/es\/?p=843"},"modified":"2025-01-22T21:19:37","modified_gmt":"2025-01-22T18:19:37","slug":"ese-fuerte-espiritu-de-emancipacion-palestina","status":"publish","type":"post","link":"https:\/\/republicpalestine.com\/es\/2025\/01\/22\/ese-fuerte-espiritu-de-emancipacion-palestina\/","title":{"rendered":"Ese fuerte esp\u00edritu de emancipaci\u00f3n palestina"},"content":{"rendered":"\n<p><a href=\"https:\/\/republicpalestine.com\/en\/\"><em>Rep\u00fablica de Palestina<\/em><\/a> replica el art\u00edculo publicado este 22 de enero de 2025 en<em><a href=\"https:\/\/peoplesdispatch.org\/2025\/01\/22\/that-strong-spirit-of-palestinian-emancipation\/\"> People&#8217;s Dispatch,<\/a><\/em> por Vijay Prashad.<\/p>\n\n\n\n<p style=\"font-size:16px\"><strong>En medio de la devastaci\u00f3n de Gaza, el esp\u00edritu perdurable del pueblo palestino, o sumud, queda ejemplificado por las historias de presos pol\u00edticos como Khalida Jarrar.<\/strong><\/p>\n\n\n\n<p style=\"font-size:16px\">Es imposible reprimir esta sensibilidad. Toda Gaza es una ruina. Millones de palestinos han afrontado el invierno en tiendas de campa\u00f1a improvisadas o en edificios en ruinas, con sus hijos congelados (algunos<a href=\"https:\/\/peoplesdispatch.org\/2025\/01\/09\/the-children-of-gaza-are-freezing-to-death\/\"> murieron congelados<\/a> ) y su hambre en aumento. El olor de la venganza israel\u00ed est\u00e1 por todas partes. El sonido de los tanques y el aterrador silencio de las bombas que caen destrozan los nervios incluso del combatiente m\u00e1s endurecido. Sin embargo, mientras tanto, las unidades armadas de la resistencia palestina siguen disparando su munici\u00f3n agotada contra las tropas israel\u00edes. Al mismo tiempo, los ni\u00f1os corren entre los escombros t\u00f3xicos con banderas palestinas en alto.<\/p>\n\n\n\n<p style=\"font-size:16px\">Ahora hay un alto el fuego. Pero \u00e9ste es el ritmo de la historia palestina desde al menos 1948: ocupaci\u00f3n, guerra, alto el fuego y, por debajo de todo, la ocupaci\u00f3n constante y la amenaza de guerra y, sin embargo, el desaf\u00edo y las sonrisas. En el l\u00e9xico de la resistencia palestina, la palabra sumud, utilizada por primera vez en la d\u00e9cada de 1960 por la OLP (Organizaci\u00f3n para la Liberaci\u00f3n de Palestina), lo es todo: significa desafiar, ser firme, aferrarse a la propia tierra a pesar de la ocupaci\u00f3n israel\u00ed. Es sacar la llave de la casa palestina anterior a 1948 y mantenerla en alto.<\/p>\n\n\n\n<p style=\"font-size:16px\">Cuando Khalida Jarrar emergi\u00f3 entre la multitud de simpatizantes tras meses en las crueles mazmorras de Israel, dijo: \u00abVengo del confinamiento solitario. Todav\u00eda no me lo creo. Estoy un poco cansada\u00bb. Jarrar, una de las dirigentes del Frente Popular para la Liberaci\u00f3n de Palestina (FPLP), ha entrado y salido de las c\u00e1rceles israel\u00edes durante casi toda su vida adulta. Su primera detenci\u00f3n fue en marzo de 1989, cuando particip\u00f3 en una marcha por el D\u00eda Internacional de la Mujer. He seguido su trayectoria dentro y fuera de prisi\u00f3n, catalogando su angustia cuando sus captores le impidieron estar en los funerales de su padre (2015), su madre (2018) y su hija Suha (2021). Jarrar es una de los miles de palestinos cautivos en c\u00e1rceles israel\u00edes en r\u00e9gimen de \u00abdetenci\u00f3n administrativa\u00bb, una falsa etiqueta que justifica el encarcelamiento indefinido sin cargos.<\/p>\n\n\n\n<p style=\"font-size:16px\">Cada vez que Jarrar iba a la c\u00e1rcel, el comportamiento de sus captores israel\u00edes era cada vez m\u00e1s duro. Esta vez, detenida durante el genocidio en<a href=\"https:\/\/peoplesdispatch.org\/2023\/12\/26\/khalida-jarrar-arrested-in-west-bank-as-israel-continues-its-genocidal-war-on-gaza\/\"> diciembre de 2023<\/a> , la metieron en una celda con poca ventilaci\u00f3n y no pod\u00eda respirar con facilidad. Su marido, Ghassan Jarrar, ley\u00f3 una declaraci\u00f3n suya de agosto de 2024:<\/p>\n\n\n\n<p style=\"font-size:16px\">\u00abMuero todos los d\u00edas. La celda parece una caja diminuta y herm\u00e9tica. La celda est\u00e1 equipada con un retrete y una peque\u00f1a ventana encima, que cerraron un d\u00eda despu\u00e9s de trasladarme a ella. No me dejaron espacio para respirar. Incluso el llamado ojo de buey de la puerta de la celda estaba cerrado. Paso la mayor parte del tiempo sentada junto a una peque\u00f1a abertura que me permite respirar. Espero a que pasen las horas mientras me asfixio en mi celda con la esperanza de encontrar mol\u00e9culas de ox\u00edgeno para respirar y sobrevivir.\u00bb<\/p>\n\n\n\n<p style=\"font-size:16px\">Ahora, Jarrar sale de prisi\u00f3n junto con otros 90 presos palestinos que fueron intercambiados por tres presos israel\u00edes en la primera parte del <a href=\"https:\/\/peoplesdispatch.org\/2025\/01\/15\/details-of-historic-gaza-ceasefire-deal\/\">acuerdo de alto el fuego <\/a>&nbsp;. Las historias de los prisioneros son asombrosas y enfurecedoras. Los israel\u00edes detuvieron a una joven palestina (Shatha Jarabaa) por escribir en las redes sociales sobre la \u00abbrutalidad\u00bb del genocidio. Otro joven (Zakaria Zubeidi) del Teatro de la Libertad de Yen\u00edn fue detenido bajo sospecha de ser terrorista.<\/p>\n\n\n\n<p style=\"font-size:16px\">Otras dos mujeres del FPLP, Abla Sa&#8217;adat y Myasar Faqih, fueron detenidas por los israel\u00edes sin cargos y sometidas a detenci\u00f3n administrativa como parte de la estrategia general israel\u00ed de impedir la actividad pol\u00edtica de los grupos palestinos. El l\u00edder del FPLP, Ahmad Sa&#8217;adat, lleva d\u00e9cadas en prisi\u00f3n y probablemente no ser\u00e1 liberado hasta que termine la ocupaci\u00f3n. En la agenda israel\u00ed figura desde hace d\u00e9cadas debilitar a la izquierda palestina -en particular al FPLP- y fortalecer as\u00ed a las fuerzas islamistas. Esto les permite argumentar falsamente que se trata de una guerra contra el islamismo y no de una campa\u00f1a brutal para extinguir la naci\u00f3n palestina.<\/p>\n\n\n\n<h3 class=\"wp-block-heading\" id=\"h-es-la-ocupacion\"><strong>Es la ocupaci\u00f3n<\/strong><\/h3>\n\n\n\n<p style=\"font-size:16px\">En agosto de 2014, soldados israel\u00edes rodearon la casa de Khalida y Ghassan Jarrar. Hab\u00edan venido a informar a Khalida Jarrar de que le hab\u00edan prohibido salir de su casa de Ramala y ten\u00eda que limitarse a la ciudad de Jeric\u00f3. \u00abEs la ocupaci\u00f3n la que debe abandonar nuestra patria\u00bb, dijo a los soldados. Entonces, ella y sus compa\u00f1eros montaron una tienda de campa\u00f1a frente a la oficina del Consejo Legislativo Palestino y vivieron all\u00ed. Los israel\u00edes tuvieron que retroceder. Hab\u00eda demasiada presi\u00f3n internacional sobre ellos.<\/p>\n\n\n\n<p style=\"font-size:16px\">Las personas bajo ocupaci\u00f3n son personas encarceladas. Los palestinos de Jerusal\u00e9n Este, Gaza y Cisjordania -el Territorio Palestino Ocupado, como lo denomina la ONU- no tienen libertad de movimiento. Est\u00e1n enjaulados. Los que quieren romper la jaula son encarcelados a\u00fan m\u00e1s en las terribles condiciones de<a href=\"https:\/\/peoplesdispatch.org\/2024\/11\/22\/the-palestinian-prisoners-movement-the-struggle-behind-bars\/\"> c\u00e1rceles israel\u00edes<\/a> . No es de extra\u00f1ar, pues, que Khalida Jarrar fuera de 1993 a 2005 directora de Addameer, organizaci\u00f3n sin \u00e1nimo de lucro que presta apoyo a los presos. Cuando no est\u00e1 en una c\u00e1rcel israel\u00ed, trabaja en un proyecto de investigaci\u00f3n para el Instituto Muwatin de Democracia y Derechos Humanos de la Universidad de Birzeit sobre \u00abLas dimensiones de clase y g\u00e9nero del movimiento de presos palestinos y sus implicaciones para el proyecto de liberaci\u00f3n nacional\u00bb.<\/p>\n\n\n\n<p style=\"font-size:16px\">Es probable que dentro de unos d\u00edas, Jarrar salga de su casa, pronuncie un discurso y luego vuelva a trabajar en su proyecto. Hecha de tanto acero y amor, Jarrar es implacable. Tambi\u00e9n lo son los palestinos que regresan lentamente a sus casas destruidas de en Gaza, buscando fotograf\u00edas perdidas y las pocas pertenencias que quedan; las ra\u00edces que no se han cortado.<\/p>\n\n\n\n<p><em><strong>Vijay Prashad <\/strong>es un historiador, editor y periodista indio. Es escritor y corresponsal jefe de Globetrotter. Es editor de<\/em><a href=\"https:\/\/mayday.leftword.com\/\"><em> LeftWord Books<\/em><\/a><em> y director de<\/em><a href=\"https:\/\/thetricontinental.org\/\"><em> Tricontinental: Institute for Social Research<\/em><\/a><em> . Ha escrito m\u00e1s de 20 libros, entre ellos<\/em><a href=\"https:\/\/smile.amazon.com\/Darker-Nations-Peoples-History-Third\/dp\/1595583424\/?tag=alternorg08-20\"><em> The Darker Nations<\/em><\/a><em> y<\/em><a href=\"https:\/\/smile.amazon.com\/Poorer-Nations-Possible-History-Global\/dp\/1781681589\/?tag=alternorg08-20\"><em> The Poorer Nations<\/em><\/a><em> . Sus \u00faltimos libros son<\/em><a href=\"https:\/\/thenewpress.com\/books\/on-cuba\"><em> Sobre Cuba: Reflexiones sobre 70 a\u00f1os de revoluci\u00f3n y lucha<\/em><\/a><em> (con Noam Chomsky),<\/em><a href=\"https:\/\/www.haymarketbooks.org\/books\/1869-struggle-makes-us-human\"><em> La lucha nos hace humanos: Aprender de los Movimientos por el Socialismo<\/em><\/a><em> , y (tambi\u00e9n con Noam Chomsky<\/em><a href=\"https:\/\/thenewpress.com\/books\/withdrawal\"><em>) La Retirada: Iraq, Libia, Afganist\u00e1n y la fragilidad del poder estadounidense.<\/em><\/a><\/p>\n","protected":false},"excerpt":{"rendered":"<p>Rep\u00fablica de Palestina replica el art\u00edculo publicado este 22 de enero de 2025 en People&#8217;s Dispatch, por Vijay Prashad. En medio de la devastaci\u00f3n de Gaza, el esp\u00edritu perdurable del pueblo palestino, o sumud, queda ejemplificado por las historias de presos pol\u00edticos como Khalida Jarrar. Es imposible reprimir esta sensibilidad. Toda Gaza es una ruina. Millones de palestinos han afrontado el invierno en tiendas de campa\u00f1a improvisadas o en edificios en ruinas, con sus hijos congelados (algunos murieron congelados ) y su hambre en aumento. El olor de la venganza israel\u00ed est\u00e1 por todas partes. El sonido de los tanques y el aterrador silencio de las bombas que caen destrozan los nervios incluso del combatiente m\u00e1s endurecido. Sin embargo, mientras tanto, las unidades armadas de la resistencia palestina siguen disparando su munici\u00f3n agotada contra las tropas israel\u00edes. Al mismo tiempo, los ni\u00f1os corren entre los escombros t\u00f3xicos con banderas palestinas en alto. Ahora hay un alto el fuego. Pero \u00e9ste es el ritmo de la historia palestina desde al menos 1948: ocupaci\u00f3n, guerra, alto el fuego y, por debajo de todo, la ocupaci\u00f3n constante y la amenaza de guerra y, sin embargo, el desaf\u00edo y las sonrisas. En el l\u00e9xico &hellip;<\/p>\n","protected":false},"author":1,"featured_media":844,"comment_status":"open","ping_status":"open","sticky":false,"template":"","format":"standard","meta":{"_acf_changed":false,"_eb_attr":"","footnotes":""},"categories":[1,5,3],"tags":[18,25,93,17,26,50],"class_list":["post-843","post","type-post","status-publish","format-standard","has-post-thumbnail","hentry","category-archivo","category-con-palestina","category-noticias","tag-gaza","tag-genocidio-2","tag-movimientocautivopalestino","tag-palestina","tag-palestinalibre","tag-solidaridad"],"acf":[],"yoast_head":"<!-- This site is optimized with the Yoast SEO Premium plugin v22.8 (Yoast SEO v24.8.1) - https:\/\/yoast.com\/wordpress\/plugins\/seo\/ -->\n<title>Ese fuerte esp\u00edritu de emancipaci\u00f3n palestina - Rep\u00fablica de Palestina<\/title>\n<meta name=\"robots\" content=\"index, follow, max-snippet:-1, max-image-preview:large, max-video-preview:-1\" \/>\n<link rel=\"canonical\" href=\"https:\/\/republicpalestine.com\/es\/2025\/01\/22\/ese-fuerte-espiritu-de-emancipacion-palestina\/\" \/>\n<meta property=\"og:locale\" content=\"es_ES\" \/>\n<meta property=\"og:type\" content=\"article\" \/>\n<meta property=\"og:title\" content=\"Ese fuerte esp\u00edritu de emancipaci\u00f3n palestina\" \/>\n<meta property=\"og:description\" content=\"Rep\u00fablica de Palestina replica el art\u00edculo publicado este 22 de enero de 2025 en People&#8217;s Dispatch, por Vijay Prashad. En medio de la devastaci\u00f3n de Gaza, el esp\u00edritu perdurable del pueblo palestino, o sumud, queda ejemplificado por las historias de presos pol\u00edticos como Khalida Jarrar. Es imposible reprimir esta sensibilidad. Toda Gaza es una ruina. Millones de palestinos han afrontado el invierno en tiendas de campa\u00f1a improvisadas o en edificios en ruinas, con sus hijos congelados (algunos murieron congelados ) y su hambre en aumento. El olor de la venganza israel\u00ed est\u00e1 por todas partes. El sonido de los tanques y el aterrador silencio de las bombas que caen destrozan los nervios incluso del combatiente m\u00e1s endurecido. Sin embargo, mientras tanto, las unidades armadas de la resistencia palestina siguen disparando su munici\u00f3n agotada contra las tropas israel\u00edes. Al mismo tiempo, los ni\u00f1os corren entre los escombros t\u00f3xicos con banderas palestinas en alto. Ahora hay un alto el fuego. Pero \u00e9ste es el ritmo de la historia palestina desde al menos 1948: ocupaci\u00f3n, guerra, alto el fuego y, por debajo de todo, la ocupaci\u00f3n constante y la amenaza de guerra y, sin embargo, el desaf\u00edo y las sonrisas. En el l\u00e9xico &hellip;\" \/>\n<meta property=\"og:url\" content=\"https:\/\/republicpalestine.com\/es\/2025\/01\/22\/ese-fuerte-espiritu-de-emancipacion-palestina\/\" \/>\n<meta property=\"og:site_name\" content=\"Rep\u00fablica de Palestina\" \/>\n<meta property=\"article:published_time\" content=\"2025-01-22T18:19:37+00:00\" \/>\n<meta property=\"og:image\" content=\"https:\/\/republicpalestine.com\/es\/wp-content\/uploads\/sites\/3\/2025\/01\/Khalida-Jarrar-2.jpg\" \/>\n\t<meta property=\"og:image:width\" content=\"809\" \/>\n\t<meta property=\"og:image:height\" content=\"455\" \/>\n\t<meta property=\"og:image:type\" content=\"image\/jpeg\" \/>\n<meta name=\"author\" content=\"RepublicofPalestine\" \/>\n<meta name=\"twitter:card\" content=\"summary_large_image\" \/>\n<meta name=\"twitter:label1\" content=\"Escrito por\" \/>\n\t<meta name=\"twitter:data1\" content=\"RepublicofPalestine\" \/>\n\t<meta name=\"twitter:label2\" content=\"Tiempo de lectura\" \/>\n\t<meta name=\"twitter:data2\" content=\"6 minutos\" \/>\n<script type=\"application\/ld+json\" class=\"yoast-schema-graph\">{\"@context\":\"https:\/\/schema.org\",\"@graph\":[{\"@type\":\"WebPage\",\"@id\":\"https:\/\/republicpalestine.com\/es\/2025\/01\/22\/ese-fuerte-espiritu-de-emancipacion-palestina\/\",\"url\":\"https:\/\/republicpalestine.com\/es\/2025\/01\/22\/ese-fuerte-espiritu-de-emancipacion-palestina\/\",\"name\":\"Ese fuerte esp\u00edritu de emancipaci\u00f3n palestina - Rep\u00fablica de Palestina\",\"isPartOf\":{\"@id\":\"https:\/\/republicpalestine.com\/es\/#website\"},\"primaryImageOfPage\":{\"@id\":\"https:\/\/republicpalestine.com\/es\/2025\/01\/22\/ese-fuerte-espiritu-de-emancipacion-palestina\/#primaryimage\"},\"image\":{\"@id\":\"https:\/\/republicpalestine.com\/es\/2025\/01\/22\/ese-fuerte-espiritu-de-emancipacion-palestina\/#primaryimage\"},\"thumbnailUrl\":\"https:\/\/republicpalestine.com\/es\/wp-content\/uploads\/sites\/3\/2025\/01\/Khalida-Jarrar-2.jpg\",\"datePublished\":\"2025-01-22T18:19:37+00:00\",\"author\":{\"@id\":\"https:\/\/republicpalestine.com\/es\/#\/schema\/person\/a116984632a4562b5d251d19cb8e8bf3\"},\"breadcrumb\":{\"@id\":\"https:\/\/republicpalestine.com\/es\/2025\/01\/22\/ese-fuerte-espiritu-de-emancipacion-palestina\/#breadcrumb\"},\"inLanguage\":\"es\",\"potentialAction\":[{\"@type\":\"ReadAction\",\"target\":[\"https:\/\/republicpalestine.com\/es\/2025\/01\/22\/ese-fuerte-espiritu-de-emancipacion-palestina\/\"]}]},{\"@type\":\"ImageObject\",\"inLanguage\":\"es\",\"@id\":\"https:\/\/republicpalestine.com\/es\/2025\/01\/22\/ese-fuerte-espiritu-de-emancipacion-palestina\/#primaryimage\",\"url\":\"https:\/\/republicpalestine.com\/es\/wp-content\/uploads\/sites\/3\/2025\/01\/Khalida-Jarrar-2.jpg\",\"contentUrl\":\"https:\/\/republicpalestine.com\/es\/wp-content\/uploads\/sites\/3\/2025\/01\/Khalida-Jarrar-2.jpg\",\"width\":809,\"height\":455},{\"@type\":\"BreadcrumbList\",\"@id\":\"https:\/\/republicpalestine.com\/es\/2025\/01\/22\/ese-fuerte-espiritu-de-emancipacion-palestina\/#breadcrumb\",\"itemListElement\":[{\"@type\":\"ListItem\",\"position\":1,\"name\":\"\u0627\u0644\u0631\u0626\u064a\u0633\u064a\u0629\",\"item\":\"https:\/\/republicpalestine.com\/es\/\"},{\"@type\":\"ListItem\",\"position\":2,\"name\":\"Ese fuerte esp\u00edritu de emancipaci\u00f3n palestina\"}]},{\"@type\":\"WebSite\",\"@id\":\"https:\/\/republicpalestine.com\/es\/#website\",\"url\":\"https:\/\/republicpalestine.com\/es\/\",\"name\":\"Rep\u00fablica de Palestina\",\"description\":\"\",\"potentialAction\":[{\"@type\":\"SearchAction\",\"target\":{\"@type\":\"EntryPoint\",\"urlTemplate\":\"https:\/\/republicpalestine.com\/es\/?s={search_term_string}\"},\"query-input\":{\"@type\":\"PropertyValueSpecification\",\"valueRequired\":true,\"valueName\":\"search_term_string\"}}],\"inLanguage\":\"es\"},{\"@type\":\"Person\",\"@id\":\"https:\/\/republicpalestine.com\/es\/#\/schema\/person\/a116984632a4562b5d251d19cb8e8bf3\",\"name\":\"RepublicofPalestine\",\"image\":{\"@type\":\"ImageObject\",\"inLanguage\":\"es\",\"@id\":\"https:\/\/republicpalestine.com\/es\/#\/schema\/person\/image\/\",\"url\":\"https:\/\/secure.gravatar.com\/avatar\/13240ade82024fefe7ea06e3569c7001?s=96&d=mm&r=g\",\"contentUrl\":\"https:\/\/secure.gravatar.com\/avatar\/13240ade82024fefe7ea06e3569c7001?s=96&d=mm&r=g\",\"caption\":\"RepublicofPalestine\"},\"sameAs\":[\"https:\/\/republicpalestine.com\"],\"url\":\"https:\/\/republicpalestine.com\/es\/author\/jmhoriaadmin\/\"}]}<\/script>\n<!-- \/ Yoast SEO Premium plugin. -->","yoast_head_json":{"title":"Ese fuerte esp\u00edritu de emancipaci\u00f3n palestina - Rep\u00fablica de Palestina","robots":{"index":"index","follow":"follow","max-snippet":"max-snippet:-1","max-image-preview":"max-image-preview:large","max-video-preview":"max-video-preview:-1"},"canonical":"https:\/\/republicpalestine.com\/es\/2025\/01\/22\/ese-fuerte-espiritu-de-emancipacion-palestina\/","og_locale":"es_ES","og_type":"article","og_title":"Ese fuerte esp\u00edritu de emancipaci\u00f3n palestina","og_description":"Rep\u00fablica de Palestina replica el art\u00edculo publicado este 22 de enero de 2025 en People&#8217;s Dispatch, por Vijay Prashad. En medio de la devastaci\u00f3n de Gaza, el esp\u00edritu perdurable del pueblo palestino, o sumud, queda ejemplificado por las historias de presos pol\u00edticos como Khalida Jarrar. Es imposible reprimir esta sensibilidad. Toda Gaza es una ruina. Millones de palestinos han afrontado el invierno en tiendas de campa\u00f1a improvisadas o en edificios en ruinas, con sus hijos congelados (algunos murieron congelados ) y su hambre en aumento. El olor de la venganza israel\u00ed est\u00e1 por todas partes. El sonido de los tanques y el aterrador silencio de las bombas que caen destrozan los nervios incluso del combatiente m\u00e1s endurecido. Sin embargo, mientras tanto, las unidades armadas de la resistencia palestina siguen disparando su munici\u00f3n agotada contra las tropas israel\u00edes. Al mismo tiempo, los ni\u00f1os corren entre los escombros t\u00f3xicos con banderas palestinas en alto. Ahora hay un alto el fuego. Pero \u00e9ste es el ritmo de la historia palestina desde al menos 1948: ocupaci\u00f3n, guerra, alto el fuego y, por debajo de todo, la ocupaci\u00f3n constante y la amenaza de guerra y, sin embargo, el desaf\u00edo y las sonrisas. En el l\u00e9xico &hellip;","og_url":"https:\/\/republicpalestine.com\/es\/2025\/01\/22\/ese-fuerte-espiritu-de-emancipacion-palestina\/","og_site_name":"Rep\u00fablica de Palestina","article_published_time":"2025-01-22T18:19:37+00:00","og_image":[{"width":809,"height":455,"url":"https:\/\/republicpalestine.com\/es\/wp-content\/uploads\/sites\/3\/2025\/01\/Khalida-Jarrar-2.jpg","type":"image\/jpeg"}],"author":"RepublicofPalestine","twitter_card":"summary_large_image","twitter_misc":{"Escrito por":"RepublicofPalestine","Tiempo de lectura":"6 minutos"},"schema":{"@context":"https:\/\/schema.org","@graph":[{"@type":"WebPage","@id":"https:\/\/republicpalestine.com\/es\/2025\/01\/22\/ese-fuerte-espiritu-de-emancipacion-palestina\/","url":"https:\/\/republicpalestine.com\/es\/2025\/01\/22\/ese-fuerte-espiritu-de-emancipacion-palestina\/","name":"Ese fuerte esp\u00edritu de emancipaci\u00f3n palestina - Rep\u00fablica de Palestina","isPartOf":{"@id":"https:\/\/republicpalestine.com\/es\/#website"},"primaryImageOfPage":{"@id":"https:\/\/republicpalestine.com\/es\/2025\/01\/22\/ese-fuerte-espiritu-de-emancipacion-palestina\/#primaryimage"},"image":{"@id":"https:\/\/republicpalestine.com\/es\/2025\/01\/22\/ese-fuerte-espiritu-de-emancipacion-palestina\/#primaryimage"},"thumbnailUrl":"https:\/\/republicpalestine.com\/es\/wp-content\/uploads\/sites\/3\/2025\/01\/Khalida-Jarrar-2.jpg","datePublished":"2025-01-22T18:19:37+00:00","author":{"@id":"https:\/\/republicpalestine.com\/es\/#\/schema\/person\/a116984632a4562b5d251d19cb8e8bf3"},"breadcrumb":{"@id":"https:\/\/republicpalestine.com\/es\/2025\/01\/22\/ese-fuerte-espiritu-de-emancipacion-palestina\/#breadcrumb"},"inLanguage":"es","potentialAction":[{"@type":"ReadAction","target":["https:\/\/republicpalestine.com\/es\/2025\/01\/22\/ese-fuerte-espiritu-de-emancipacion-palestina\/"]}]},{"@type":"ImageObject","inLanguage":"es","@id":"https:\/\/republicpalestine.com\/es\/2025\/01\/22\/ese-fuerte-espiritu-de-emancipacion-palestina\/#primaryimage","url":"https:\/\/republicpalestine.com\/es\/wp-content\/uploads\/sites\/3\/2025\/01\/Khalida-Jarrar-2.jpg","contentUrl":"https:\/\/republicpalestine.com\/es\/wp-content\/uploads\/sites\/3\/2025\/01\/Khalida-Jarrar-2.jpg","width":809,"height":455},{"@type":"BreadcrumbList","@id":"https:\/\/republicpalestine.com\/es\/2025\/01\/22\/ese-fuerte-espiritu-de-emancipacion-palestina\/#breadcrumb","itemListElement":[{"@type":"ListItem","position":1,"name":"\u0627\u0644\u0631\u0626\u064a\u0633\u064a\u0629","item":"https:\/\/republicpalestine.com\/es\/"},{"@type":"ListItem","position":2,"name":"Ese fuerte esp\u00edritu de emancipaci\u00f3n palestina"}]},{"@type":"WebSite","@id":"https:\/\/republicpalestine.com\/es\/#website","url":"https:\/\/republicpalestine.com\/es\/","name":"Rep\u00fablica de Palestina","description":"","potentialAction":[{"@type":"SearchAction","target":{"@type":"EntryPoint","urlTemplate":"https:\/\/republicpalestine.com\/es\/?s={search_term_string}"},"query-input":{"@type":"PropertyValueSpecification","valueRequired":true,"valueName":"search_term_string"}}],"inLanguage":"es"},{"@type":"Person","@id":"https:\/\/republicpalestine.com\/es\/#\/schema\/person\/a116984632a4562b5d251d19cb8e8bf3","name":"RepublicofPalestine","image":{"@type":"ImageObject","inLanguage":"es","@id":"https:\/\/republicpalestine.com\/es\/#\/schema\/person\/image\/","url":"https:\/\/secure.gravatar.com\/avatar\/13240ade82024fefe7ea06e3569c7001?s=96&d=mm&r=g","contentUrl":"https:\/\/secure.gravatar.com\/avatar\/13240ade82024fefe7ea06e3569c7001?s=96&d=mm&r=g","caption":"RepublicofPalestine"},"sameAs":["https:\/\/republicpalestine.com"],"url":"https:\/\/republicpalestine.com\/es\/author\/jmhoriaadmin\/"}]}},"_links":{"self":[{"href":"https:\/\/republicpalestine.com\/es\/wp-json\/wp\/v2\/posts\/843","targetHints":{"allow":["GET"]}}],"collection":[{"href":"https:\/\/republicpalestine.com\/es\/wp-json\/wp\/v2\/posts"}],"about":[{"href":"https:\/\/republicpalestine.com\/es\/wp-json\/wp\/v2\/types\/post"}],"author":[{"embeddable":true,"href":"https:\/\/republicpalestine.com\/es\/wp-json\/wp\/v2\/users\/1"}],"replies":[{"embeddable":true,"href":"https:\/\/republicpalestine.com\/es\/wp-json\/wp\/v2\/comments?post=843"}],"version-history":[{"count":1,"href":"https:\/\/republicpalestine.com\/es\/wp-json\/wp\/v2\/posts\/843\/revisions"}],"predecessor-version":[{"id":845,"href":"https:\/\/republicpalestine.com\/es\/wp-json\/wp\/v2\/posts\/843\/revisions\/845"}],"wp:featuredmedia":[{"embeddable":true,"href":"https:\/\/republicpalestine.com\/es\/wp-json\/wp\/v2\/media\/844"}],"wp:attachment":[{"href":"https:\/\/republicpalestine.com\/es\/wp-json\/wp\/v2\/media?parent=843"}],"wp:term":[{"taxonomy":"category","embeddable":true,"href":"https:\/\/republicpalestine.com\/es\/wp-json\/wp\/v2\/categories?post=843"},{"taxonomy":"post_tag","embeddable":true,"href":"https:\/\/republicpalestine.com\/es\/wp-json\/wp\/v2\/tags?post=843"}],"curies":[{"name":"wp","href":"https:\/\/api.w.org\/{rel}","templated":true}]}}