{"id":893,"date":"2025-03-04T20:32:19","date_gmt":"2025-03-04T17:32:19","guid":{"rendered":"https:\/\/republicpalestine.com\/es\/?p=893"},"modified":"2025-03-04T20:32:20","modified_gmt":"2025-03-04T17:32:20","slug":"berlin-concentracion-multitudinaria-de-solidaridad-en-apoyo-a-palestina-y-condena-de-la-agresion-sionista","status":"publish","type":"post","link":"https:\/\/republicpalestine.com\/es\/2025\/03\/04\/berlin-concentracion-multitudinaria-de-solidaridad-en-apoyo-a-palestina-y-condena-de-la-agresion-sionista\/","title":{"rendered":"Berl\u00edn: Concentraci\u00f3n multitudinaria de solidaridad en apoyo a Palestina y condena de la agresi\u00f3n sionista"},"content":{"rendered":"\n<p style=\"font-size:16px\">Berl\u00edn, Alemania | El s\u00e1bado 01\/03\/2025 (<a href=\"https:\/\/republicpalestine.com\/es\/\"><em>Rep\u00fablica de Palestina<\/em><\/a>).<\/p>\n\n\n\n<p style=\"font-size:16px\">La capital alemana, Berl\u00edn, fue testigo el s\u00e1bado de una multitudinaria concentraci\u00f3n de solidaridad ante la iglesia memorial, en respuesta a un llamamiento del \u00abComit\u00e9 Nacional Palestino Unificado en Berl\u00edn\u00bb y de grupos palestinos y alemanes.<\/p>\n\n\n\n<p style=\"font-size:16px\">Cientos de manifestantes, entre ellos miembros de las comunidades palestina y \u00e1rabe junto con solidarios extranjeros, se reunieron para expresar su apoyo al pueblo palestino de Gaza y Cisjordania y condenar la agresi\u00f3n israel\u00ed en curso. El acto se centr\u00f3 en la cuesti\u00f3n del desplazamiento de miles de palestinos en Cisjordania en medio de un preocupante silencio internacional.<\/p>\n\n\n\n<figure class=\"wp-block-image size-large is-resized\"><img fetchpriority=\"high\" decoding=\"async\" width=\"1024\" height=\"557\" src=\"https:\/\/republicpalestine.com\/es\/wp-content\/uploads\/sites\/3\/2025\/03\/6d49968a-e23f-4f33-bcb8-8424619c4bf3-1024x557.jpeg\" alt=\"\" class=\"wp-image-895\" style=\"width:639px;height:auto\" srcset=\"https:\/\/republicpalestine.com\/es\/wp-content\/uploads\/sites\/3\/2025\/03\/6d49968a-e23f-4f33-bcb8-8424619c4bf3-1024x557.jpeg 1024w, https:\/\/republicpalestine.com\/es\/wp-content\/uploads\/sites\/3\/2025\/03\/6d49968a-e23f-4f33-bcb8-8424619c4bf3-300x163.jpeg 300w, https:\/\/republicpalestine.com\/es\/wp-content\/uploads\/sites\/3\/2025\/03\/6d49968a-e23f-4f33-bcb8-8424619c4bf3-200x109.jpeg 200w, https:\/\/republicpalestine.com\/es\/wp-content\/uploads\/sites\/3\/2025\/03\/6d49968a-e23f-4f33-bcb8-8424619c4bf3-768x417.jpeg 768w, https:\/\/republicpalestine.com\/es\/wp-content\/uploads\/sites\/3\/2025\/03\/6d49968a-e23f-4f33-bcb8-8424619c4bf3-480x261.jpeg 480w, https:\/\/republicpalestine.com\/es\/wp-content\/uploads\/sites\/3\/2025\/03\/6d49968a-e23f-4f33-bcb8-8424619c4bf3.jpeg 1080w\" sizes=\"(max-width: 1024px) 100vw, 1024px\" \/><\/figure>\n\n\n\n<p style=\"font-size:16px\">Los participantes insistieron en la urgente necesidad de una acci\u00f3n internacional para detener los desplazamientos forzosos y las continuas violaciones israel\u00edes. Varias personalidades \u00e1rabes y extranjeras pronunciaron discursos de solidaridad, entre ellas el camarada Ibrahim, quien subray\u00f3 la importancia de apoyar los derechos del pueblo palestino a la libertad, al retorno y a la creaci\u00f3n de un Estado palestino independiente y soberano con Jerusal\u00e9n como capital.<\/p>\n\n\n\n<p style=\"font-size:16px\">Esta concentraci\u00f3n pretend\u00eda enviar un mensaje claro a la comunidad internacional sobre la urgente necesidad de detener la agresi\u00f3n israel\u00ed, apoyar la causa palestina y poner fin a la ocupaci\u00f3n.<\/p>\n","protected":false},"excerpt":{"rendered":"<p>Berl\u00edn, Alemania | El s\u00e1bado 01\/03\/2025 (Rep\u00fablica de Palestina). La capital alemana, Berl\u00edn, fue testigo el s\u00e1bado de una multitudinaria concentraci\u00f3n de solidaridad ante la iglesia memorial, en respuesta a un llamamiento del \u00abComit\u00e9 Nacional Palestino Unificado en Berl\u00edn\u00bb y de grupos palestinos y alemanes. Cientos de manifestantes, entre ellos miembros de las comunidades palestina y \u00e1rabe junto con solidarios extranjeros, se reunieron para expresar su apoyo al pueblo palestino de Gaza y Cisjordania y condenar la agresi\u00f3n israel\u00ed en curso. El acto se centr\u00f3 en la cuesti\u00f3n del desplazamiento de miles de palestinos en Cisjordania en medio de un preocupante silencio internacional. Los participantes insistieron en la urgente necesidad de una acci\u00f3n internacional para detener los desplazamientos forzosos y las continuas violaciones israel\u00edes. Varias personalidades \u00e1rabes y extranjeras pronunciaron discursos de solidaridad, entre ellas el camarada Ibrahim, quien subray\u00f3 la importancia de apoyar los derechos del pueblo palestino a la libertad, al retorno y a la creaci\u00f3n de un Estado palestino independiente y soberano con Jerusal\u00e9n como capital. Esta concentraci\u00f3n pretend\u00eda enviar un mensaje claro a la comunidad internacional sobre la urgente necesidad de detener la agresi\u00f3n israel\u00ed, apoyar la causa palestina y poner fin a la ocupaci\u00f3n.<\/p>\n","protected":false},"author":1,"featured_media":894,"comment_status":"open","ping_status":"open","sticky":false,"template":"","format":"standard","meta":{"_acf_changed":false,"_eb_attr":"","footnotes":""},"categories":[1,5,4,3],"tags":[98,32,18,25,17,26,50],"class_list":["post-893","post","type-post","status-publish","format-standard","has-post-thumbnail","hentry","category-archivo","category-con-palestina","category-diaspora-palestina","category-noticias","tag-alemania-2","tag-cisjordania","tag-gaza","tag-genocidio-2","tag-palestina","tag-palestinalibre","tag-solidaridad"],"acf":[],"yoast_head":"<!-- This site is optimized with the Yoast SEO Premium plugin v22.8 (Yoast SEO v24.8.1) - https:\/\/yoast.com\/wordpress\/plugins\/seo\/ -->\n<title>Berl\u00edn: Concentraci\u00f3n multitudinaria de solidaridad en apoyo a Palestina y condena de la agresi\u00f3n sionista - Rep\u00fablica de Palestina<\/title>\n<meta name=\"robots\" content=\"index, follow, max-snippet:-1, max-image-preview:large, max-video-preview:-1\" \/>\n<link rel=\"canonical\" href=\"https:\/\/republicpalestine.com\/es\/2025\/03\/04\/berlin-concentracion-multitudinaria-de-solidaridad-en-apoyo-a-palestina-y-condena-de-la-agresion-sionista\/\" \/>\n<meta property=\"og:locale\" content=\"es_ES\" \/>\n<meta property=\"og:type\" content=\"article\" \/>\n<meta property=\"og:title\" content=\"Berl\u00edn: Concentraci\u00f3n multitudinaria de solidaridad en apoyo a Palestina y condena de la agresi\u00f3n sionista\" \/>\n<meta property=\"og:description\" content=\"Berl\u00edn, Alemania | El s\u00e1bado 01\/03\/2025 (Rep\u00fablica de Palestina). La capital alemana, Berl\u00edn, fue testigo el s\u00e1bado de una multitudinaria concentraci\u00f3n de solidaridad ante la iglesia memorial, en respuesta a un llamamiento del \u00abComit\u00e9 Nacional Palestino Unificado en Berl\u00edn\u00bb y de grupos palestinos y alemanes. Cientos de manifestantes, entre ellos miembros de las comunidades palestina y \u00e1rabe junto con solidarios extranjeros, se reunieron para expresar su apoyo al pueblo palestino de Gaza y Cisjordania y condenar la agresi\u00f3n israel\u00ed en curso. El acto se centr\u00f3 en la cuesti\u00f3n del desplazamiento de miles de palestinos en Cisjordania en medio de un preocupante silencio internacional. Los participantes insistieron en la urgente necesidad de una acci\u00f3n internacional para detener los desplazamientos forzosos y las continuas violaciones israel\u00edes. Varias personalidades \u00e1rabes y extranjeras pronunciaron discursos de solidaridad, entre ellas el camarada Ibrahim, quien subray\u00f3 la importancia de apoyar los derechos del pueblo palestino a la libertad, al retorno y a la creaci\u00f3n de un Estado palestino independiente y soberano con Jerusal\u00e9n como capital. Esta concentraci\u00f3n pretend\u00eda enviar un mensaje claro a la comunidad internacional sobre la urgente necesidad de detener la agresi\u00f3n israel\u00ed, apoyar la causa palestina y poner fin a la ocupaci\u00f3n.\" \/>\n<meta property=\"og:url\" content=\"https:\/\/republicpalestine.com\/es\/2025\/03\/04\/berlin-concentracion-multitudinaria-de-solidaridad-en-apoyo-a-palestina-y-condena-de-la-agresion-sionista\/\" \/>\n<meta property=\"og:site_name\" content=\"Rep\u00fablica de Palestina\" \/>\n<meta property=\"article:published_time\" content=\"2025-03-04T17:32:19+00:00\" \/>\n<meta property=\"article:modified_time\" content=\"2025-03-04T17:32:20+00:00\" \/>\n<meta property=\"og:image\" content=\"https:\/\/republicpalestine.com\/es\/wp-content\/uploads\/sites\/3\/2025\/03\/solidaridad-con-Palestina-Berlin.jpeg\" \/>\n\t<meta property=\"og:image:width\" content=\"1080\" \/>\n\t<meta property=\"og:image:height\" content=\"810\" \/>\n\t<meta property=\"og:image:type\" content=\"image\/jpeg\" \/>\n<meta name=\"author\" content=\"RepublicofPalestine\" \/>\n<meta name=\"twitter:card\" content=\"summary_large_image\" \/>\n<meta name=\"twitter:label1\" content=\"Escrito por\" \/>\n\t<meta name=\"twitter:data1\" content=\"RepublicofPalestine\" \/>\n\t<meta name=\"twitter:label2\" content=\"Tiempo de lectura\" \/>\n\t<meta name=\"twitter:data2\" content=\"2 minutos\" \/>\n<script type=\"application\/ld+json\" class=\"yoast-schema-graph\">{\"@context\":\"https:\/\/schema.org\",\"@graph\":[{\"@type\":\"WebPage\",\"@id\":\"https:\/\/republicpalestine.com\/es\/2025\/03\/04\/berlin-concentracion-multitudinaria-de-solidaridad-en-apoyo-a-palestina-y-condena-de-la-agresion-sionista\/\",\"url\":\"https:\/\/republicpalestine.com\/es\/2025\/03\/04\/berlin-concentracion-multitudinaria-de-solidaridad-en-apoyo-a-palestina-y-condena-de-la-agresion-sionista\/\",\"name\":\"Berl\u00edn: Concentraci\u00f3n multitudinaria de solidaridad en apoyo a Palestina y condena de la agresi\u00f3n sionista - Rep\u00fablica de Palestina\",\"isPartOf\":{\"@id\":\"https:\/\/republicpalestine.com\/es\/#website\"},\"primaryImageOfPage\":{\"@id\":\"https:\/\/republicpalestine.com\/es\/2025\/03\/04\/berlin-concentracion-multitudinaria-de-solidaridad-en-apoyo-a-palestina-y-condena-de-la-agresion-sionista\/#primaryimage\"},\"image\":{\"@id\":\"https:\/\/republicpalestine.com\/es\/2025\/03\/04\/berlin-concentracion-multitudinaria-de-solidaridad-en-apoyo-a-palestina-y-condena-de-la-agresion-sionista\/#primaryimage\"},\"thumbnailUrl\":\"https:\/\/republicpalestine.com\/es\/wp-content\/uploads\/sites\/3\/2025\/03\/solidaridad-con-Palestina-Berlin.jpeg\",\"datePublished\":\"2025-03-04T17:32:19+00:00\",\"dateModified\":\"2025-03-04T17:32:20+00:00\",\"author\":{\"@id\":\"https:\/\/republicpalestine.com\/es\/#\/schema\/person\/a116984632a4562b5d251d19cb8e8bf3\"},\"breadcrumb\":{\"@id\":\"https:\/\/republicpalestine.com\/es\/2025\/03\/04\/berlin-concentracion-multitudinaria-de-solidaridad-en-apoyo-a-palestina-y-condena-de-la-agresion-sionista\/#breadcrumb\"},\"inLanguage\":\"es\",\"potentialAction\":[{\"@type\":\"ReadAction\",\"target\":[\"https:\/\/republicpalestine.com\/es\/2025\/03\/04\/berlin-concentracion-multitudinaria-de-solidaridad-en-apoyo-a-palestina-y-condena-de-la-agresion-sionista\/\"]}]},{\"@type\":\"ImageObject\",\"inLanguage\":\"es\",\"@id\":\"https:\/\/republicpalestine.com\/es\/2025\/03\/04\/berlin-concentracion-multitudinaria-de-solidaridad-en-apoyo-a-palestina-y-condena-de-la-agresion-sionista\/#primaryimage\",\"url\":\"https:\/\/republicpalestine.com\/es\/wp-content\/uploads\/sites\/3\/2025\/03\/solidaridad-con-Palestina-Berlin.jpeg\",\"contentUrl\":\"https:\/\/republicpalestine.com\/es\/wp-content\/uploads\/sites\/3\/2025\/03\/solidaridad-con-Palestina-Berlin.jpeg\",\"width\":1080,\"height\":810},{\"@type\":\"BreadcrumbList\",\"@id\":\"https:\/\/republicpalestine.com\/es\/2025\/03\/04\/berlin-concentracion-multitudinaria-de-solidaridad-en-apoyo-a-palestina-y-condena-de-la-agresion-sionista\/#breadcrumb\",\"itemListElement\":[{\"@type\":\"ListItem\",\"position\":1,\"name\":\"\u0627\u0644\u0631\u0626\u064a\u0633\u064a\u0629\",\"item\":\"https:\/\/republicpalestine.com\/es\/\"},{\"@type\":\"ListItem\",\"position\":2,\"name\":\"Berl\u00edn: Concentraci\u00f3n multitudinaria de solidaridad en apoyo a Palestina y condena de la agresi\u00f3n sionista\"}]},{\"@type\":\"WebSite\",\"@id\":\"https:\/\/republicpalestine.com\/es\/#website\",\"url\":\"https:\/\/republicpalestine.com\/es\/\",\"name\":\"Rep\u00fablica de Palestina\",\"description\":\"\",\"potentialAction\":[{\"@type\":\"SearchAction\",\"target\":{\"@type\":\"EntryPoint\",\"urlTemplate\":\"https:\/\/republicpalestine.com\/es\/?s={search_term_string}\"},\"query-input\":{\"@type\":\"PropertyValueSpecification\",\"valueRequired\":true,\"valueName\":\"search_term_string\"}}],\"inLanguage\":\"es\"},{\"@type\":\"Person\",\"@id\":\"https:\/\/republicpalestine.com\/es\/#\/schema\/person\/a116984632a4562b5d251d19cb8e8bf3\",\"name\":\"RepublicofPalestine\",\"image\":{\"@type\":\"ImageObject\",\"inLanguage\":\"es\",\"@id\":\"https:\/\/republicpalestine.com\/es\/#\/schema\/person\/image\/\",\"url\":\"https:\/\/secure.gravatar.com\/avatar\/13240ade82024fefe7ea06e3569c7001?s=96&d=mm&r=g\",\"contentUrl\":\"https:\/\/secure.gravatar.com\/avatar\/13240ade82024fefe7ea06e3569c7001?s=96&d=mm&r=g\",\"caption\":\"RepublicofPalestine\"},\"sameAs\":[\"https:\/\/republicpalestine.com\"],\"url\":\"https:\/\/republicpalestine.com\/es\/author\/jmhoriaadmin\/\"}]}<\/script>\n<!-- \/ Yoast SEO Premium plugin. -->","yoast_head_json":{"title":"Berl\u00edn: Concentraci\u00f3n multitudinaria de solidaridad en apoyo a Palestina y condena de la agresi\u00f3n sionista - Rep\u00fablica de Palestina","robots":{"index":"index","follow":"follow","max-snippet":"max-snippet:-1","max-image-preview":"max-image-preview:large","max-video-preview":"max-video-preview:-1"},"canonical":"https:\/\/republicpalestine.com\/es\/2025\/03\/04\/berlin-concentracion-multitudinaria-de-solidaridad-en-apoyo-a-palestina-y-condena-de-la-agresion-sionista\/","og_locale":"es_ES","og_type":"article","og_title":"Berl\u00edn: Concentraci\u00f3n multitudinaria de solidaridad en apoyo a Palestina y condena de la agresi\u00f3n sionista","og_description":"Berl\u00edn, Alemania | El s\u00e1bado 01\/03\/2025 (Rep\u00fablica de Palestina). La capital alemana, Berl\u00edn, fue testigo el s\u00e1bado de una multitudinaria concentraci\u00f3n de solidaridad ante la iglesia memorial, en respuesta a un llamamiento del \u00abComit\u00e9 Nacional Palestino Unificado en Berl\u00edn\u00bb y de grupos palestinos y alemanes. Cientos de manifestantes, entre ellos miembros de las comunidades palestina y \u00e1rabe junto con solidarios extranjeros, se reunieron para expresar su apoyo al pueblo palestino de Gaza y Cisjordania y condenar la agresi\u00f3n israel\u00ed en curso. El acto se centr\u00f3 en la cuesti\u00f3n del desplazamiento de miles de palestinos en Cisjordania en medio de un preocupante silencio internacional. Los participantes insistieron en la urgente necesidad de una acci\u00f3n internacional para detener los desplazamientos forzosos y las continuas violaciones israel\u00edes. Varias personalidades \u00e1rabes y extranjeras pronunciaron discursos de solidaridad, entre ellas el camarada Ibrahim, quien subray\u00f3 la importancia de apoyar los derechos del pueblo palestino a la libertad, al retorno y a la creaci\u00f3n de un Estado palestino independiente y soberano con Jerusal\u00e9n como capital. Esta concentraci\u00f3n pretend\u00eda enviar un mensaje claro a la comunidad internacional sobre la urgente necesidad de detener la agresi\u00f3n israel\u00ed, apoyar la causa palestina y poner fin a la ocupaci\u00f3n.","og_url":"https:\/\/republicpalestine.com\/es\/2025\/03\/04\/berlin-concentracion-multitudinaria-de-solidaridad-en-apoyo-a-palestina-y-condena-de-la-agresion-sionista\/","og_site_name":"Rep\u00fablica de Palestina","article_published_time":"2025-03-04T17:32:19+00:00","article_modified_time":"2025-03-04T17:32:20+00:00","og_image":[{"width":1080,"height":810,"url":"https:\/\/republicpalestine.com\/es\/wp-content\/uploads\/sites\/3\/2025\/03\/solidaridad-con-Palestina-Berlin.jpeg","type":"image\/jpeg"}],"author":"RepublicofPalestine","twitter_card":"summary_large_image","twitter_misc":{"Escrito por":"RepublicofPalestine","Tiempo de lectura":"2 minutos"},"schema":{"@context":"https:\/\/schema.org","@graph":[{"@type":"WebPage","@id":"https:\/\/republicpalestine.com\/es\/2025\/03\/04\/berlin-concentracion-multitudinaria-de-solidaridad-en-apoyo-a-palestina-y-condena-de-la-agresion-sionista\/","url":"https:\/\/republicpalestine.com\/es\/2025\/03\/04\/berlin-concentracion-multitudinaria-de-solidaridad-en-apoyo-a-palestina-y-condena-de-la-agresion-sionista\/","name":"Berl\u00edn: Concentraci\u00f3n multitudinaria de solidaridad en apoyo a Palestina y condena de la agresi\u00f3n sionista - Rep\u00fablica de Palestina","isPartOf":{"@id":"https:\/\/republicpalestine.com\/es\/#website"},"primaryImageOfPage":{"@id":"https:\/\/republicpalestine.com\/es\/2025\/03\/04\/berlin-concentracion-multitudinaria-de-solidaridad-en-apoyo-a-palestina-y-condena-de-la-agresion-sionista\/#primaryimage"},"image":{"@id":"https:\/\/republicpalestine.com\/es\/2025\/03\/04\/berlin-concentracion-multitudinaria-de-solidaridad-en-apoyo-a-palestina-y-condena-de-la-agresion-sionista\/#primaryimage"},"thumbnailUrl":"https:\/\/republicpalestine.com\/es\/wp-content\/uploads\/sites\/3\/2025\/03\/solidaridad-con-Palestina-Berlin.jpeg","datePublished":"2025-03-04T17:32:19+00:00","dateModified":"2025-03-04T17:32:20+00:00","author":{"@id":"https:\/\/republicpalestine.com\/es\/#\/schema\/person\/a116984632a4562b5d251d19cb8e8bf3"},"breadcrumb":{"@id":"https:\/\/republicpalestine.com\/es\/2025\/03\/04\/berlin-concentracion-multitudinaria-de-solidaridad-en-apoyo-a-palestina-y-condena-de-la-agresion-sionista\/#breadcrumb"},"inLanguage":"es","potentialAction":[{"@type":"ReadAction","target":["https:\/\/republicpalestine.com\/es\/2025\/03\/04\/berlin-concentracion-multitudinaria-de-solidaridad-en-apoyo-a-palestina-y-condena-de-la-agresion-sionista\/"]}]},{"@type":"ImageObject","inLanguage":"es","@id":"https:\/\/republicpalestine.com\/es\/2025\/03\/04\/berlin-concentracion-multitudinaria-de-solidaridad-en-apoyo-a-palestina-y-condena-de-la-agresion-sionista\/#primaryimage","url":"https:\/\/republicpalestine.com\/es\/wp-content\/uploads\/sites\/3\/2025\/03\/solidaridad-con-Palestina-Berlin.jpeg","contentUrl":"https:\/\/republicpalestine.com\/es\/wp-content\/uploads\/sites\/3\/2025\/03\/solidaridad-con-Palestina-Berlin.jpeg","width":1080,"height":810},{"@type":"BreadcrumbList","@id":"https:\/\/republicpalestine.com\/es\/2025\/03\/04\/berlin-concentracion-multitudinaria-de-solidaridad-en-apoyo-a-palestina-y-condena-de-la-agresion-sionista\/#breadcrumb","itemListElement":[{"@type":"ListItem","position":1,"name":"\u0627\u0644\u0631\u0626\u064a\u0633\u064a\u0629","item":"https:\/\/republicpalestine.com\/es\/"},{"@type":"ListItem","position":2,"name":"Berl\u00edn: Concentraci\u00f3n multitudinaria de solidaridad en apoyo a Palestina y condena de la agresi\u00f3n sionista"}]},{"@type":"WebSite","@id":"https:\/\/republicpalestine.com\/es\/#website","url":"https:\/\/republicpalestine.com\/es\/","name":"Rep\u00fablica de Palestina","description":"","potentialAction":[{"@type":"SearchAction","target":{"@type":"EntryPoint","urlTemplate":"https:\/\/republicpalestine.com\/es\/?s={search_term_string}"},"query-input":{"@type":"PropertyValueSpecification","valueRequired":true,"valueName":"search_term_string"}}],"inLanguage":"es"},{"@type":"Person","@id":"https:\/\/republicpalestine.com\/es\/#\/schema\/person\/a116984632a4562b5d251d19cb8e8bf3","name":"RepublicofPalestine","image":{"@type":"ImageObject","inLanguage":"es","@id":"https:\/\/republicpalestine.com\/es\/#\/schema\/person\/image\/","url":"https:\/\/secure.gravatar.com\/avatar\/13240ade82024fefe7ea06e3569c7001?s=96&d=mm&r=g","contentUrl":"https:\/\/secure.gravatar.com\/avatar\/13240ade82024fefe7ea06e3569c7001?s=96&d=mm&r=g","caption":"RepublicofPalestine"},"sameAs":["https:\/\/republicpalestine.com"],"url":"https:\/\/republicpalestine.com\/es\/author\/jmhoriaadmin\/"}]}},"_links":{"self":[{"href":"https:\/\/republicpalestine.com\/es\/wp-json\/wp\/v2\/posts\/893","targetHints":{"allow":["GET"]}}],"collection":[{"href":"https:\/\/republicpalestine.com\/es\/wp-json\/wp\/v2\/posts"}],"about":[{"href":"https:\/\/republicpalestine.com\/es\/wp-json\/wp\/v2\/types\/post"}],"author":[{"embeddable":true,"href":"https:\/\/republicpalestine.com\/es\/wp-json\/wp\/v2\/users\/1"}],"replies":[{"embeddable":true,"href":"https:\/\/republicpalestine.com\/es\/wp-json\/wp\/v2\/comments?post=893"}],"version-history":[{"count":1,"href":"https:\/\/republicpalestine.com\/es\/wp-json\/wp\/v2\/posts\/893\/revisions"}],"predecessor-version":[{"id":896,"href":"https:\/\/republicpalestine.com\/es\/wp-json\/wp\/v2\/posts\/893\/revisions\/896"}],"wp:featuredmedia":[{"embeddable":true,"href":"https:\/\/republicpalestine.com\/es\/wp-json\/wp\/v2\/media\/894"}],"wp:attachment":[{"href":"https:\/\/republicpalestine.com\/es\/wp-json\/wp\/v2\/media?parent=893"}],"wp:term":[{"taxonomy":"category","embeddable":true,"href":"https:\/\/republicpalestine.com\/es\/wp-json\/wp\/v2\/categories?post=893"},{"taxonomy":"post_tag","embeddable":true,"href":"https:\/\/republicpalestine.com\/es\/wp-json\/wp\/v2\/tags?post=893"}],"curies":[{"name":"wp","href":"https:\/\/api.w.org\/{rel}","templated":true}]}}