{"id":907,"date":"2025-03-11T02:13:20","date_gmt":"2025-03-10T23:13:20","guid":{"rendered":"https:\/\/republicpalestine.com\/es\/?p=907"},"modified":"2025-03-11T02:13:21","modified_gmt":"2025-03-10T23:13:21","slug":"segundo-encuentro-del-curso-de-formacion-politica-descolonizando-narrativas","status":"publish","type":"post","link":"https:\/\/republicpalestine.com\/es\/2025\/03\/11\/segundo-encuentro-del-curso-de-formacion-politica-descolonizando-narrativas\/","title":{"rendered":"Segundo encuentro del curso de Formaci\u00f3n Pol\u00edtica \u00abDescolonizando Narrativas\u00bb"},"content":{"rendered":"\n<p style=\"font-size:16px\"><strong>Segundo encuentro del curso de Formaci\u00f3n Pol\u00edtica \u00abDescolonizando Narrativas\u00bb: Homenaje a la mujer palestina, faro de la revoluci\u00f3n palestina, pasado, presente y futuro<\/strong><\/p>\n\n\n\n<p style=\"font-size:16px\">El 8 de marzo, en el marco del D\u00eda Internacional de la Mujer, se llev\u00f3 a cabo el segundo encuentro del curso de Formaci\u00f3n Pol\u00edtica \u00abDescolonizando Narrativas\u00bb, en el Centro de Estudios sobre la Juventud, ubicado en la capital habanera. Este encuentro, dedicado especialmente a la mujer palestina, cont\u00f3 con la participaci\u00f3n de 20 mujeres de diversas nacionalidades, quienes reafirmaron el apoyo del feminismo internacional y destacaron su importancia en las revoluciones sociales.<\/p>\n\n\n\n<p style=\"font-size:16px\">El tema central del encuentro fue protagonizado por la compa\u00f1era Samira Salah, exdirectora del Departamento de Asuntos de Refugiados en la Organizaci\u00f3n para la Liberaci\u00f3n de Palestina (OLP). A trav\u00e9s de un video grabado, Salah comparti\u00f3 las historias de valientes mujeres palestinas que han sido pilares fundamentales en la lucha por la liberaci\u00f3n de Palestina. <\/p>\n\n\n\n<p style=\"font-size:16px\">En su intervenci\u00f3n, explic\u00f3: \u00abEl conflicto entre los \u00e1rabes y los sionistas comenz\u00f3 en 1882, con el surgimiento del movimiento sionista y sus ambiciones de establecer un hogar nacional para los jud\u00edos en la tierra de Palestina. Estas ambiciones se materializaron en 1917 con la Declaraci\u00f3n Balfour. A medida que crec\u00edan las ambiciones del movimiento sionista, tambi\u00e9n se intensificaba la lucha del pueblo palestino, en respuesta a la naturaleza de la etapa y la magnitud de los desaf\u00edos. La mujer palestina ha desempe\u00f1ado un papel crucial en esta lucha, junto al hombre, y su participaci\u00f3n ha variado seg\u00fan el tiempo y el lugar. Adem\u00e1s, ha estado presente en todas las etapas de la resistencia.\u00bb<\/p>\n\n\n\n<figure class=\"wp-block-image size-full is-resized\"><img fetchpriority=\"high\" decoding=\"async\" width=\"1000\" height=\"563\" src=\"https:\/\/republicpalestine.com\/es\/wp-content\/uploads\/sites\/3\/2025\/03\/Segundo-encuentro-descolonizando-narrativas.jpeg\" alt=\"\" class=\"wp-image-909\" style=\"width:730px;height:auto\" srcset=\"https:\/\/republicpalestine.com\/es\/wp-content\/uploads\/sites\/3\/2025\/03\/Segundo-encuentro-descolonizando-narrativas.jpeg 1000w, https:\/\/republicpalestine.com\/es\/wp-content\/uploads\/sites\/3\/2025\/03\/Segundo-encuentro-descolonizando-narrativas-300x169.jpeg 300w, https:\/\/republicpalestine.com\/es\/wp-content\/uploads\/sites\/3\/2025\/03\/Segundo-encuentro-descolonizando-narrativas-200x113.jpeg 200w, https:\/\/republicpalestine.com\/es\/wp-content\/uploads\/sites\/3\/2025\/03\/Segundo-encuentro-descolonizando-narrativas-768x432.jpeg 768w, https:\/\/republicpalestine.com\/es\/wp-content\/uploads\/sites\/3\/2025\/03\/Segundo-encuentro-descolonizando-narrativas-480x270.jpeg 480w\" sizes=\"(max-width: 1000px) 100vw, 1000px\" \/><\/figure>\n\n\n\n<p style=\"font-size:16px\">Como invitada especial, Mariela Castro, diputada de la Asamblea Nacional del Poder Popular y directora del Centro Nacional de Educaci\u00f3n Sexual (CENESEX), destac\u00f3 el papel hist\u00f3rico y actual de la mujer palestina en la sociedad. Castro afirm\u00f3: *\u00bbEl papel que ha desempe\u00f1ado la mujer palestina, y que sigue desempe\u00f1ando, es fundamental. Desde el lugar que la sociedad palestina le ha permitido ocupar, ha logrado mucho y ha trascendido m\u00e1s all\u00e1 de los roles tradicionales. No se conform\u00f3 con ser solo la cuidadora del hogar y de las tradiciones. El hogar, que era el fuego que daba calor a la tribu, se convirti\u00f3 en un espacio de resistencia. La mujer palestina no solo cuid\u00f3 del fuego del hogar, sino tambi\u00e9n del fuego de la libertad. No en el sentido que el imperialismo que intenta imponer, separando las luchas de hombres y mujeres, sino como parte de una lucha colectiva.\u00bb*<\/p>\n\n\n\n<p style=\"font-size:16px\">Adem\u00e1s, a\u00f1adi\u00f3: \u00abEl objetivo del sionismo imperialista es destruir: destruir la cultura, la lengua, la religi\u00f3n, el vestuario y la historia palestina. Esta es la esencia del colonialismo. Por eso, el rol de la mujer palestina en la preservaci\u00f3n de esta cultura es invaluable. Son ellas quienes han mantenido vivos estos tejidos sociales esenciales.\u00bb<\/p>\n\n\n\n<figure class=\"wp-block-image size-large is-resized\"><img decoding=\"async\" width=\"1024\" height=\"683\" src=\"https:\/\/republicpalestine.com\/es\/wp-content\/uploads\/sites\/3\/2025\/03\/PPChaviano-March-08-2025-PPC_7543-1-1024x683.jpg\" alt=\"\" class=\"wp-image-912\" style=\"width:686px;height:auto\" srcset=\"https:\/\/republicpalestine.com\/es\/wp-content\/uploads\/sites\/3\/2025\/03\/PPChaviano-March-08-2025-PPC_7543-1-1024x683.jpg 1024w, https:\/\/republicpalestine.com\/es\/wp-content\/uploads\/sites\/3\/2025\/03\/PPChaviano-March-08-2025-PPC_7543-1-300x200.jpg 300w, https:\/\/republicpalestine.com\/es\/wp-content\/uploads\/sites\/3\/2025\/03\/PPChaviano-March-08-2025-PPC_7543-1-200x133.jpg 200w, https:\/\/republicpalestine.com\/es\/wp-content\/uploads\/sites\/3\/2025\/03\/PPChaviano-March-08-2025-PPC_7543-1-768x512.jpg 768w, https:\/\/republicpalestine.com\/es\/wp-content\/uploads\/sites\/3\/2025\/03\/PPChaviano-March-08-2025-PPC_7543-1-1536x1024.jpg 1536w, https:\/\/republicpalestine.com\/es\/wp-content\/uploads\/sites\/3\/2025\/03\/PPChaviano-March-08-2025-PPC_7543-1-480x320.jpg 480w\" sizes=\"(max-width: 1024px) 100vw, 1024px\" \/><figcaption class=\"wp-element-caption\">NIKON D7500<\/figcaption><\/figure>\n\n\n\n<p style=\"font-size:16px\">El encuentro culmin\u00f3 con una actividad simb\u00f3lica organizada por militantes del Movimiento Sin Tierra con una m\u00edstica\u00a0 en la que\u00a0 presentaron una canci\u00f3n y una representaci\u00f3n art\u00edstica que destac\u00f3 el sacrificio de la mujer campesina por la tierra y la libertad. Esta m\u00edstica cerr\u00f3 la sesi\u00f3n con un mensaje de unidad y resistencia, recordando el papel fundamental de las mujeres en las luchas sociales a lo largo de la historia.<\/p>\n\n\n\n<p>Fotos por: <a href=\"https:\/\/www.instagram.com\/pp_chaviano?igsh=MTBvZXpzZnc2Mnl4Zw%3D%3D\">Pedro Pablo Chaviano<\/a>.<\/p>\n","protected":false},"excerpt":{"rendered":"<p>Segundo encuentro del curso de Formaci\u00f3n Pol\u00edtica \u00abDescolonizando Narrativas\u00bb: Homenaje a la mujer palestina, faro de la revoluci\u00f3n palestina, pasado, presente y futuro El 8 de marzo, en el marco del D\u00eda Internacional de la Mujer, se llev\u00f3 a cabo el segundo encuentro del curso de Formaci\u00f3n Pol\u00edtica \u00abDescolonizando Narrativas\u00bb, en el Centro de Estudios sobre la Juventud, ubicado en la capital habanera. Este encuentro, dedicado especialmente a la mujer palestina, cont\u00f3 con la participaci\u00f3n de 20 mujeres de diversas nacionalidades, quienes reafirmaron el apoyo del feminismo internacional y destacaron su importancia en las revoluciones sociales. El tema central del encuentro fue protagonizado por la compa\u00f1era Samira Salah, exdirectora del Departamento de Asuntos de Refugiados en la Organizaci\u00f3n para la Liberaci\u00f3n de Palestina (OLP). A trav\u00e9s de un video grabado, Salah comparti\u00f3 las historias de valientes mujeres palestinas que han sido pilares fundamentales en la lucha por la liberaci\u00f3n de Palestina. En su intervenci\u00f3n, explic\u00f3: \u00abEl conflicto entre los \u00e1rabes y los sionistas comenz\u00f3 en 1882, con el surgimiento del movimiento sionista y sus ambiciones de establecer un hogar nacional para los jud\u00edos en la tierra de Palestina. Estas ambiciones se materializaron en 1917 con la Declaraci\u00f3n Balfour. A medida &hellip;<\/p>\n","protected":false},"author":1,"featured_media":908,"comment_status":"open","ping_status":"open","sticky":false,"template":"","format":"standard","meta":{"_acf_changed":false,"_eb_attr":"","footnotes":""},"categories":[1,5,4,3],"tags":[47,18,17,26,50],"class_list":["post-907","post","type-post","status-publish","format-standard","has-post-thumbnail","hentry","category-archivo","category-con-palestina","category-diaspora-palestina","category-noticias","tag-cuba","tag-gaza","tag-palestina","tag-palestinalibre","tag-solidaridad"],"acf":[],"yoast_head":"<!-- This site is optimized with the Yoast SEO Premium plugin v22.8 (Yoast SEO v24.8.1) - https:\/\/yoast.com\/wordpress\/plugins\/seo\/ -->\n<title>Segundo encuentro del curso de Formaci\u00f3n Pol\u00edtica &quot;Descolonizando Narrativas&quot; - Rep\u00fablica de Palestina<\/title>\n<meta name=\"robots\" content=\"index, follow, max-snippet:-1, max-image-preview:large, max-video-preview:-1\" \/>\n<link rel=\"canonical\" href=\"https:\/\/republicpalestine.com\/es\/2025\/03\/11\/segundo-encuentro-del-curso-de-formacion-politica-descolonizando-narrativas\/\" \/>\n<meta property=\"og:locale\" content=\"es_ES\" \/>\n<meta property=\"og:type\" content=\"article\" \/>\n<meta property=\"og:title\" content=\"Segundo encuentro del curso de Formaci\u00f3n Pol\u00edtica &quot;Descolonizando Narrativas&quot;\" \/>\n<meta property=\"og:description\" content=\"Segundo encuentro del curso de Formaci\u00f3n Pol\u00edtica \u00abDescolonizando Narrativas\u00bb: Homenaje a la mujer palestina, faro de la revoluci\u00f3n palestina, pasado, presente y futuro El 8 de marzo, en el marco del D\u00eda Internacional de la Mujer, se llev\u00f3 a cabo el segundo encuentro del curso de Formaci\u00f3n Pol\u00edtica \u00abDescolonizando Narrativas\u00bb, en el Centro de Estudios sobre la Juventud, ubicado en la capital habanera. Este encuentro, dedicado especialmente a la mujer palestina, cont\u00f3 con la participaci\u00f3n de 20 mujeres de diversas nacionalidades, quienes reafirmaron el apoyo del feminismo internacional y destacaron su importancia en las revoluciones sociales. El tema central del encuentro fue protagonizado por la compa\u00f1era Samira Salah, exdirectora del Departamento de Asuntos de Refugiados en la Organizaci\u00f3n para la Liberaci\u00f3n de Palestina (OLP). A trav\u00e9s de un video grabado, Salah comparti\u00f3 las historias de valientes mujeres palestinas que han sido pilares fundamentales en la lucha por la liberaci\u00f3n de Palestina. En su intervenci\u00f3n, explic\u00f3: \u00abEl conflicto entre los \u00e1rabes y los sionistas comenz\u00f3 en 1882, con el surgimiento del movimiento sionista y sus ambiciones de establecer un hogar nacional para los jud\u00edos en la tierra de Palestina. Estas ambiciones se materializaron en 1917 con la Declaraci\u00f3n Balfour. A medida &hellip;\" \/>\n<meta property=\"og:url\" content=\"https:\/\/republicpalestine.com\/es\/2025\/03\/11\/segundo-encuentro-del-curso-de-formacion-politica-descolonizando-narrativas\/\" \/>\n<meta property=\"og:site_name\" content=\"Rep\u00fablica de Palestina\" \/>\n<meta property=\"article:published_time\" content=\"2025-03-10T23:13:20+00:00\" \/>\n<meta property=\"article:modified_time\" content=\"2025-03-10T23:13:21+00:00\" \/>\n<meta property=\"og:image\" content=\"https:\/\/republicpalestine.com\/es\/wp-content\/uploads\/sites\/3\/2025\/03\/PPChaviano-March-08-2025-PPC_7611-1-scaled.jpg\" \/>\n\t<meta property=\"og:image:width\" content=\"2560\" \/>\n\t<meta property=\"og:image:height\" content=\"1707\" \/>\n\t<meta property=\"og:image:type\" content=\"image\/jpeg\" \/>\n<meta name=\"author\" content=\"RepublicofPalestine\" \/>\n<meta name=\"twitter:card\" content=\"summary_large_image\" \/>\n<meta name=\"twitter:label1\" content=\"Escrito por\" \/>\n\t<meta name=\"twitter:data1\" content=\"RepublicofPalestine\" \/>\n\t<meta name=\"twitter:label2\" content=\"Tiempo de lectura\" \/>\n\t<meta name=\"twitter:data2\" content=\"4 minutos\" \/>\n<script type=\"application\/ld+json\" class=\"yoast-schema-graph\">{\"@context\":\"https:\/\/schema.org\",\"@graph\":[{\"@type\":\"WebPage\",\"@id\":\"https:\/\/republicpalestine.com\/es\/2025\/03\/11\/segundo-encuentro-del-curso-de-formacion-politica-descolonizando-narrativas\/\",\"url\":\"https:\/\/republicpalestine.com\/es\/2025\/03\/11\/segundo-encuentro-del-curso-de-formacion-politica-descolonizando-narrativas\/\",\"name\":\"Segundo encuentro del curso de Formaci\u00f3n Pol\u00edtica \\\"Descolonizando Narrativas\\\" - Rep\u00fablica de Palestina\",\"isPartOf\":{\"@id\":\"https:\/\/republicpalestine.com\/es\/#website\"},\"primaryImageOfPage\":{\"@id\":\"https:\/\/republicpalestine.com\/es\/2025\/03\/11\/segundo-encuentro-del-curso-de-formacion-politica-descolonizando-narrativas\/#primaryimage\"},\"image\":{\"@id\":\"https:\/\/republicpalestine.com\/es\/2025\/03\/11\/segundo-encuentro-del-curso-de-formacion-politica-descolonizando-narrativas\/#primaryimage\"},\"thumbnailUrl\":\"https:\/\/republicpalestine.com\/es\/wp-content\/uploads\/sites\/3\/2025\/03\/PPChaviano-March-08-2025-PPC_7611-1-scaled.jpg\",\"datePublished\":\"2025-03-10T23:13:20+00:00\",\"dateModified\":\"2025-03-10T23:13:21+00:00\",\"author\":{\"@id\":\"https:\/\/republicpalestine.com\/es\/#\/schema\/person\/a116984632a4562b5d251d19cb8e8bf3\"},\"breadcrumb\":{\"@id\":\"https:\/\/republicpalestine.com\/es\/2025\/03\/11\/segundo-encuentro-del-curso-de-formacion-politica-descolonizando-narrativas\/#breadcrumb\"},\"inLanguage\":\"es\",\"potentialAction\":[{\"@type\":\"ReadAction\",\"target\":[\"https:\/\/republicpalestine.com\/es\/2025\/03\/11\/segundo-encuentro-del-curso-de-formacion-politica-descolonizando-narrativas\/\"]}]},{\"@type\":\"ImageObject\",\"inLanguage\":\"es\",\"@id\":\"https:\/\/republicpalestine.com\/es\/2025\/03\/11\/segundo-encuentro-del-curso-de-formacion-politica-descolonizando-narrativas\/#primaryimage\",\"url\":\"https:\/\/republicpalestine.com\/es\/wp-content\/uploads\/sites\/3\/2025\/03\/PPChaviano-March-08-2025-PPC_7611-1-scaled.jpg\",\"contentUrl\":\"https:\/\/republicpalestine.com\/es\/wp-content\/uploads\/sites\/3\/2025\/03\/PPChaviano-March-08-2025-PPC_7611-1-scaled.jpg\",\"width\":2560,\"height\":1707,\"caption\":\"NIKON D7500\"},{\"@type\":\"BreadcrumbList\",\"@id\":\"https:\/\/republicpalestine.com\/es\/2025\/03\/11\/segundo-encuentro-del-curso-de-formacion-politica-descolonizando-narrativas\/#breadcrumb\",\"itemListElement\":[{\"@type\":\"ListItem\",\"position\":1,\"name\":\"\u0627\u0644\u0631\u0626\u064a\u0633\u064a\u0629\",\"item\":\"https:\/\/republicpalestine.com\/es\/\"},{\"@type\":\"ListItem\",\"position\":2,\"name\":\"Segundo encuentro del curso de Formaci\u00f3n Pol\u00edtica \u00abDescolonizando Narrativas\u00bb\"}]},{\"@type\":\"WebSite\",\"@id\":\"https:\/\/republicpalestine.com\/es\/#website\",\"url\":\"https:\/\/republicpalestine.com\/es\/\",\"name\":\"Rep\u00fablica de Palestina\",\"description\":\"\",\"potentialAction\":[{\"@type\":\"SearchAction\",\"target\":{\"@type\":\"EntryPoint\",\"urlTemplate\":\"https:\/\/republicpalestine.com\/es\/?s={search_term_string}\"},\"query-input\":{\"@type\":\"PropertyValueSpecification\",\"valueRequired\":true,\"valueName\":\"search_term_string\"}}],\"inLanguage\":\"es\"},{\"@type\":\"Person\",\"@id\":\"https:\/\/republicpalestine.com\/es\/#\/schema\/person\/a116984632a4562b5d251d19cb8e8bf3\",\"name\":\"RepublicofPalestine\",\"image\":{\"@type\":\"ImageObject\",\"inLanguage\":\"es\",\"@id\":\"https:\/\/republicpalestine.com\/es\/#\/schema\/person\/image\/\",\"url\":\"https:\/\/secure.gravatar.com\/avatar\/13240ade82024fefe7ea06e3569c7001?s=96&d=mm&r=g\",\"contentUrl\":\"https:\/\/secure.gravatar.com\/avatar\/13240ade82024fefe7ea06e3569c7001?s=96&d=mm&r=g\",\"caption\":\"RepublicofPalestine\"},\"sameAs\":[\"https:\/\/republicpalestine.com\"],\"url\":\"https:\/\/republicpalestine.com\/es\/author\/jmhoriaadmin\/\"}]}<\/script>\n<!-- \/ Yoast SEO Premium plugin. -->","yoast_head_json":{"title":"Segundo encuentro del curso de Formaci\u00f3n Pol\u00edtica \"Descolonizando Narrativas\" - Rep\u00fablica de Palestina","robots":{"index":"index","follow":"follow","max-snippet":"max-snippet:-1","max-image-preview":"max-image-preview:large","max-video-preview":"max-video-preview:-1"},"canonical":"https:\/\/republicpalestine.com\/es\/2025\/03\/11\/segundo-encuentro-del-curso-de-formacion-politica-descolonizando-narrativas\/","og_locale":"es_ES","og_type":"article","og_title":"Segundo encuentro del curso de Formaci\u00f3n Pol\u00edtica \"Descolonizando Narrativas\"","og_description":"Segundo encuentro del curso de Formaci\u00f3n Pol\u00edtica \u00abDescolonizando Narrativas\u00bb: Homenaje a la mujer palestina, faro de la revoluci\u00f3n palestina, pasado, presente y futuro El 8 de marzo, en el marco del D\u00eda Internacional de la Mujer, se llev\u00f3 a cabo el segundo encuentro del curso de Formaci\u00f3n Pol\u00edtica \u00abDescolonizando Narrativas\u00bb, en el Centro de Estudios sobre la Juventud, ubicado en la capital habanera. Este encuentro, dedicado especialmente a la mujer palestina, cont\u00f3 con la participaci\u00f3n de 20 mujeres de diversas nacionalidades, quienes reafirmaron el apoyo del feminismo internacional y destacaron su importancia en las revoluciones sociales. El tema central del encuentro fue protagonizado por la compa\u00f1era Samira Salah, exdirectora del Departamento de Asuntos de Refugiados en la Organizaci\u00f3n para la Liberaci\u00f3n de Palestina (OLP). A trav\u00e9s de un video grabado, Salah comparti\u00f3 las historias de valientes mujeres palestinas que han sido pilares fundamentales en la lucha por la liberaci\u00f3n de Palestina. En su intervenci\u00f3n, explic\u00f3: \u00abEl conflicto entre los \u00e1rabes y los sionistas comenz\u00f3 en 1882, con el surgimiento del movimiento sionista y sus ambiciones de establecer un hogar nacional para los jud\u00edos en la tierra de Palestina. Estas ambiciones se materializaron en 1917 con la Declaraci\u00f3n Balfour. A medida &hellip;","og_url":"https:\/\/republicpalestine.com\/es\/2025\/03\/11\/segundo-encuentro-del-curso-de-formacion-politica-descolonizando-narrativas\/","og_site_name":"Rep\u00fablica de Palestina","article_published_time":"2025-03-10T23:13:20+00:00","article_modified_time":"2025-03-10T23:13:21+00:00","og_image":[{"width":2560,"height":1707,"url":"https:\/\/republicpalestine.com\/es\/wp-content\/uploads\/sites\/3\/2025\/03\/PPChaviano-March-08-2025-PPC_7611-1-scaled.jpg","type":"image\/jpeg"}],"author":"RepublicofPalestine","twitter_card":"summary_large_image","twitter_misc":{"Escrito por":"RepublicofPalestine","Tiempo de lectura":"4 minutos"},"schema":{"@context":"https:\/\/schema.org","@graph":[{"@type":"WebPage","@id":"https:\/\/republicpalestine.com\/es\/2025\/03\/11\/segundo-encuentro-del-curso-de-formacion-politica-descolonizando-narrativas\/","url":"https:\/\/republicpalestine.com\/es\/2025\/03\/11\/segundo-encuentro-del-curso-de-formacion-politica-descolonizando-narrativas\/","name":"Segundo encuentro del curso de Formaci\u00f3n Pol\u00edtica \"Descolonizando Narrativas\" - Rep\u00fablica de Palestina","isPartOf":{"@id":"https:\/\/republicpalestine.com\/es\/#website"},"primaryImageOfPage":{"@id":"https:\/\/republicpalestine.com\/es\/2025\/03\/11\/segundo-encuentro-del-curso-de-formacion-politica-descolonizando-narrativas\/#primaryimage"},"image":{"@id":"https:\/\/republicpalestine.com\/es\/2025\/03\/11\/segundo-encuentro-del-curso-de-formacion-politica-descolonizando-narrativas\/#primaryimage"},"thumbnailUrl":"https:\/\/republicpalestine.com\/es\/wp-content\/uploads\/sites\/3\/2025\/03\/PPChaviano-March-08-2025-PPC_7611-1-scaled.jpg","datePublished":"2025-03-10T23:13:20+00:00","dateModified":"2025-03-10T23:13:21+00:00","author":{"@id":"https:\/\/republicpalestine.com\/es\/#\/schema\/person\/a116984632a4562b5d251d19cb8e8bf3"},"breadcrumb":{"@id":"https:\/\/republicpalestine.com\/es\/2025\/03\/11\/segundo-encuentro-del-curso-de-formacion-politica-descolonizando-narrativas\/#breadcrumb"},"inLanguage":"es","potentialAction":[{"@type":"ReadAction","target":["https:\/\/republicpalestine.com\/es\/2025\/03\/11\/segundo-encuentro-del-curso-de-formacion-politica-descolonizando-narrativas\/"]}]},{"@type":"ImageObject","inLanguage":"es","@id":"https:\/\/republicpalestine.com\/es\/2025\/03\/11\/segundo-encuentro-del-curso-de-formacion-politica-descolonizando-narrativas\/#primaryimage","url":"https:\/\/republicpalestine.com\/es\/wp-content\/uploads\/sites\/3\/2025\/03\/PPChaviano-March-08-2025-PPC_7611-1-scaled.jpg","contentUrl":"https:\/\/republicpalestine.com\/es\/wp-content\/uploads\/sites\/3\/2025\/03\/PPChaviano-March-08-2025-PPC_7611-1-scaled.jpg","width":2560,"height":1707,"caption":"NIKON D7500"},{"@type":"BreadcrumbList","@id":"https:\/\/republicpalestine.com\/es\/2025\/03\/11\/segundo-encuentro-del-curso-de-formacion-politica-descolonizando-narrativas\/#breadcrumb","itemListElement":[{"@type":"ListItem","position":1,"name":"\u0627\u0644\u0631\u0626\u064a\u0633\u064a\u0629","item":"https:\/\/republicpalestine.com\/es\/"},{"@type":"ListItem","position":2,"name":"Segundo encuentro del curso de Formaci\u00f3n Pol\u00edtica \u00abDescolonizando Narrativas\u00bb"}]},{"@type":"WebSite","@id":"https:\/\/republicpalestine.com\/es\/#website","url":"https:\/\/republicpalestine.com\/es\/","name":"Rep\u00fablica de Palestina","description":"","potentialAction":[{"@type":"SearchAction","target":{"@type":"EntryPoint","urlTemplate":"https:\/\/republicpalestine.com\/es\/?s={search_term_string}"},"query-input":{"@type":"PropertyValueSpecification","valueRequired":true,"valueName":"search_term_string"}}],"inLanguage":"es"},{"@type":"Person","@id":"https:\/\/republicpalestine.com\/es\/#\/schema\/person\/a116984632a4562b5d251d19cb8e8bf3","name":"RepublicofPalestine","image":{"@type":"ImageObject","inLanguage":"es","@id":"https:\/\/republicpalestine.com\/es\/#\/schema\/person\/image\/","url":"https:\/\/secure.gravatar.com\/avatar\/13240ade82024fefe7ea06e3569c7001?s=96&d=mm&r=g","contentUrl":"https:\/\/secure.gravatar.com\/avatar\/13240ade82024fefe7ea06e3569c7001?s=96&d=mm&r=g","caption":"RepublicofPalestine"},"sameAs":["https:\/\/republicpalestine.com"],"url":"https:\/\/republicpalestine.com\/es\/author\/jmhoriaadmin\/"}]}},"_links":{"self":[{"href":"https:\/\/republicpalestine.com\/es\/wp-json\/wp\/v2\/posts\/907","targetHints":{"allow":["GET"]}}],"collection":[{"href":"https:\/\/republicpalestine.com\/es\/wp-json\/wp\/v2\/posts"}],"about":[{"href":"https:\/\/republicpalestine.com\/es\/wp-json\/wp\/v2\/types\/post"}],"author":[{"embeddable":true,"href":"https:\/\/republicpalestine.com\/es\/wp-json\/wp\/v2\/users\/1"}],"replies":[{"embeddable":true,"href":"https:\/\/republicpalestine.com\/es\/wp-json\/wp\/v2\/comments?post=907"}],"version-history":[{"count":1,"href":"https:\/\/republicpalestine.com\/es\/wp-json\/wp\/v2\/posts\/907\/revisions"}],"predecessor-version":[{"id":913,"href":"https:\/\/republicpalestine.com\/es\/wp-json\/wp\/v2\/posts\/907\/revisions\/913"}],"wp:featuredmedia":[{"embeddable":true,"href":"https:\/\/republicpalestine.com\/es\/wp-json\/wp\/v2\/media\/908"}],"wp:attachment":[{"href":"https:\/\/republicpalestine.com\/es\/wp-json\/wp\/v2\/media?parent=907"}],"wp:term":[{"taxonomy":"category","embeddable":true,"href":"https:\/\/republicpalestine.com\/es\/wp-json\/wp\/v2\/categories?post=907"},{"taxonomy":"post_tag","embeddable":true,"href":"https:\/\/republicpalestine.com\/es\/wp-json\/wp\/v2\/tags?post=907"}],"curies":[{"name":"wp","href":"https:\/\/api.w.org\/{rel}","templated":true}]}}