{"id":990,"date":"2025-04-21T14:47:12","date_gmt":"2025-04-21T11:47:12","guid":{"rendered":"https:\/\/republicpalestine.com\/es\/?p=990"},"modified":"2025-04-21T14:48:40","modified_gmt":"2025-04-21T11:48:40","slug":"libertad-para-palestina-una-demanda-desde-cuba","status":"publish","type":"post","link":"https:\/\/republicpalestine.com\/es\/2025\/04\/21\/libertad-para-palestina-una-demanda-desde-cuba\/","title":{"rendered":"\u00a1Libertad para Palestina! Una demanda desde Cuba"},"content":{"rendered":"\n<p style=\"font-size:16px\"><em><a href=\"https:\/\/republicpalestine.com\/es\/category\/archivo\/\">Rep\u00fablica de Palestina<\/a><\/em> replica este art\u00edculo publicado el 19 de abril de 2025 en <a href=\"https:\/\/cubaenresumen.org\/2025\/04\/19\/libertad-para-palestina-una-demanda-desde-cuba\/\"><em>Resumen Latinoamericano-Cuba<\/em><\/a>, por Yaimi Ravelo. <\/p>\n\n\n\n<p style=\"font-size:16px\"><em><strong>\u00a1Libertad para los ni\u00f1os y ni\u00f1as prisioneros en c\u00e1rceles sionistas!<\/strong><\/em><\/p>\n\n\n\n<div class=\"wp-block-group is-vertical is-layout-flex wp-container-core-group-is-layout-1 wp-block-group-is-layout-flex\">\n<p style=\"font-size:16px\">Palestina nos impone hoy reevaluar conceptos: fascismo, cr\u00edmenes, genocidio, terrorismo, prisiones, resistencia, patria, revoluciones, humanidad.<\/p>\n\n\n\n<p style=\"font-size:16px\">Cada una de \u00e9stas categor\u00edas evolucionan diariamente en la horrible realidad del genocidio en Palestina.<\/p>\n<\/div>\n\n\n\n<p style=\"font-size:16px\">En la historia de la humanidad -incluyendo al holocausto jud\u00edo perpetuado por el nazismo alem\u00e1n-, la m\u00e1xima expresi\u00f3n del fascismo es de la que somos testigos hoy los m\u00e1s de 8000 millones de personas que habitamos la Tierra. El fascismo actual, ferozmente renovado y sionista, es el m\u00e1s cruel, despiadado y atroz. Cuando callamos, ninguno de nosotros tenemos perd\u00f3n. Cuando no duele que hombres inocentes, mujeres, ni\u00f1as, ni\u00f1os y ancianos sean masacrados, ninguno de los indolentes tiene perd\u00f3n.<\/p>\n\n\n\n<p style=\"font-size:16px\">A\u00fan cuando nos solidarizamos y somos conscientes de las luchas de los palestinos y su causa, cu\u00e1nto conocemos realmente de su realidad, cu\u00e1n ignorantes podemos ser desde la comodidad de la \u00abpaz\u00bb.<\/p>\n\n\n\n<p style=\"font-size:16px\">No existe en el mundo alg\u00fan pretexto o concepto que justifique que hoy est\u00e9n en prisiones \u00abisrael\u00edes\u00bb m\u00e1s de 400 ni\u00f1as y ni\u00f1os palestinos.<\/p>\n\n\n\n<p style=\"font-size:16px\">Ante el Llamado Internacional por el&nbsp;<strong><a href=\"https:\/\/republicpalestine.com\/es\/2025\/04\/16\/llamamiento-de-los-prisioneros-palestinos-con-motivo-del-dia-del-prisionero-palestino\/\">D\u00eda del Prisionero Palestino<\/a><\/strong>, en el Instituto Cubano de Investigaci\u00f3n Cultural Juan Marinello se proyectaron testimonios impactantes de dos compa\u00f1eros palestinos que fueron prisioneros en c\u00e1rceles sionistas.<\/p>\n\n\n\n<p style=\"font-size:16px\">Ambos relatos escalofriantes, generadores de una impotencia infinita invocan a la consciencia y reflexi\u00f3n. Si \u00e9stos grandes hombres, h\u00e9roes de la resistencia palestina sufrieron dis\u00edmiles horrores, c\u00f3mo puede percibirlo una ni\u00f1a o un ni\u00f1o. Fr\u00edo, torturas, inanici\u00f3n, hambruna, orfandad, violaciones, hasta el martirio de la inocencia.&nbsp;<\/p>\n\n\n\n<figure class=\"wp-block-image size-large\"><img fetchpriority=\"high\" decoding=\"async\" width=\"1024\" height=\"462\" src=\"https:\/\/republicpalestine.com\/es\/wp-content\/uploads\/sites\/3\/2025\/04\/\u00a1Una-demanda-de-Cuba-1-1024x462.jpg\" alt=\"\" class=\"wp-image-992\" srcset=\"https:\/\/republicpalestine.com\/es\/wp-content\/uploads\/sites\/3\/2025\/04\/\u00a1Una-demanda-de-Cuba-1-1024x462.jpg 1024w, https:\/\/republicpalestine.com\/es\/wp-content\/uploads\/sites\/3\/2025\/04\/\u00a1Una-demanda-de-Cuba-1-300x135.jpg 300w, https:\/\/republicpalestine.com\/es\/wp-content\/uploads\/sites\/3\/2025\/04\/\u00a1Una-demanda-de-Cuba-1-200x90.jpg 200w, https:\/\/republicpalestine.com\/es\/wp-content\/uploads\/sites\/3\/2025\/04\/\u00a1Una-demanda-de-Cuba-1-768x347.jpg 768w, https:\/\/republicpalestine.com\/es\/wp-content\/uploads\/sites\/3\/2025\/04\/\u00a1Una-demanda-de-Cuba-1-480x217.jpg 480w, https:\/\/republicpalestine.com\/es\/wp-content\/uploads\/sites\/3\/2025\/04\/\u00a1Una-demanda-de-Cuba-1.jpg 1536w\" sizes=\"(max-width: 1024px) 100vw, 1024px\" \/><\/figure>\n\n\n\n<figure class=\"wp-block-image size-large\"><img decoding=\"async\" width=\"1024\" height=\"462\" src=\"https:\/\/republicpalestine.com\/es\/wp-content\/uploads\/sites\/3\/2025\/04\/\u00a1Una-demanda-de-Cuba-2-1024x462.jpg\" alt=\"\" class=\"wp-image-993\" srcset=\"https:\/\/republicpalestine.com\/es\/wp-content\/uploads\/sites\/3\/2025\/04\/\u00a1Una-demanda-de-Cuba-2-1024x462.jpg 1024w, https:\/\/republicpalestine.com\/es\/wp-content\/uploads\/sites\/3\/2025\/04\/\u00a1Una-demanda-de-Cuba-2-300x135.jpg 300w, https:\/\/republicpalestine.com\/es\/wp-content\/uploads\/sites\/3\/2025\/04\/\u00a1Una-demanda-de-Cuba-2-200x90.jpg 200w, https:\/\/republicpalestine.com\/es\/wp-content\/uploads\/sites\/3\/2025\/04\/\u00a1Una-demanda-de-Cuba-2-768x347.jpg 768w, https:\/\/republicpalestine.com\/es\/wp-content\/uploads\/sites\/3\/2025\/04\/\u00a1Una-demanda-de-Cuba-2-480x217.jpg 480w, https:\/\/republicpalestine.com\/es\/wp-content\/uploads\/sites\/3\/2025\/04\/\u00a1Una-demanda-de-Cuba-2.jpg 1536w\" sizes=\"(max-width: 1024px) 100vw, 1024px\" \/><figcaption class=\"wp-element-caption\"><em><strong>Participaron en el conversatorio por el D\u00eda del Prisionero Palestino, la Embajadora del Estado Plurinacional de Bolivia y el Encargado de Negocios del Estado de Palestina.<\/strong><\/em><\/figcaption><\/figure>\n\n\n\n<blockquote class=\"wp-block-quote is-layout-flow wp-block-quote-is-layout-flow\">\n<p style=\"font-size:20px\"><strong>Antes del 7 de octubre del 2023 permanec\u00edan prisioneros en c\u00e1rceles sionistas 5500 palestinos.<\/strong><\/p>\n<\/blockquote>\n\n\n\n<p style=\"font-size:16px\">Despu\u00e9s del 7 de octubre la cifra aument\u00f3 a m\u00e1s de 15 000 encarcelados. Posterior al intercambio de prisioneros -como consecuencia de las exigencias de la resistencia palestina- disminuy\u00f3 esta cifra, hoy permanecen 9600 palestinos y palestinas en c\u00e1rceles sionistas.<\/p>\n\n\n\n<p style=\"font-size:16px\">Miles de palestinos prisioneros en Gaza han desaparecido desde el 7 de octubre, 55 fueron martirizados, por torturas, por hambre, por malas pr\u00e1cticas m\u00e9dicas.&nbsp;<strong>E<\/strong><strong>l pasado 16 de abril muri\u00f3 un ni\u00f1o palestino en prisi\u00f3n israel\u00ed<\/strong>.<\/p>\n\n\n\n<p style=\"font-size:16px\">No podemos observar \u00e9stas cifras con la frialdad de la matem\u00e1tica, como mera estad\u00edstica de este holocausto, que adem\u00e1s es exterminio, colonizaci\u00f3n y ocupaci\u00f3n imperialista. Cada n\u00famero es un ser humano, que es apresado, torturado o martirizado por permanecer en su tierra, su Patria.<\/p>\n\n\n\n<p style=\"font-size:16px\">Los palestinos y palestinas de la Franja de Gaza se resisten a partir, a ser ultrajados, se refugian en las periferias del horror y del terror, esperan para vivir la libertad en su tierra, para vengar a sus hijos arrebatados o masacrados, no muere la esperanza en este bravo pueblo, con una capacidad de resistencia que estremece.<\/p>\n\n\n\n<p style=\"font-size:16px\">Wissam Rafidi, l\u00edder del Movimiento de Prisioneros Palestinos transmiti\u00f3 en su mensaje proyectado en el Centro Juan Marinello<em>, \u00abahora el concepto de libertad cambi\u00f3, antes del 7 de octubre exig\u00edamos la libertad de los prisioneros, ahora exigimos la libertad de toda Palestina\u00bb.&nbsp;<\/em><\/p>\n\n\n\n<p style=\"font-size:16px\">Rafidi relat\u00f3 los per\u00edodos hist\u00f3ricos de lucha del Movimiento de Prisioneros Palestinos, del cual fue miembro activo desde los 17 a\u00f1os cuando fue encarcelado por el ej\u00e9rcito ocupacionista.&nbsp;<\/p>\n\n\n\n<p style=\"font-size:16px\">Considera este h\u00e9roe palestino que condenar el genocidio contra su pueblo es ahora la prioridad, y exigir la liberaci\u00f3n de todos los ni\u00f1os y ni\u00f1as que fueron arrancados de sus familias y ahora est\u00e1n en c\u00e1rceles sionistas.<\/p>\n\n\n\n<p style=\"font-size:16px\"><em><strong>\u00abM\u00e1s de un mill\u00f3n de palestinos alguna vez en sus vidas han estado prisioneros en c\u00e1rceles sionistas\u00bb, precis\u00f3 Watan Alabed, m\u00e9dico pediatra palestino graduado en Cuba.<\/strong><\/em><\/p>\n\n\n\n<figure class=\"wp-block-image size-large\"><img decoding=\"async\" width=\"1024\" height=\"462\" src=\"https:\/\/republicpalestine.com\/es\/wp-content\/uploads\/sites\/3\/2025\/04\/\u00a1Una-demanda-de-Cuba-3-1024x462.jpg\" alt=\"\" class=\"wp-image-994\" srcset=\"https:\/\/republicpalestine.com\/es\/wp-content\/uploads\/sites\/3\/2025\/04\/\u00a1Una-demanda-de-Cuba-3-1024x462.jpg 1024w, https:\/\/republicpalestine.com\/es\/wp-content\/uploads\/sites\/3\/2025\/04\/\u00a1Una-demanda-de-Cuba-3-300x135.jpg 300w, https:\/\/republicpalestine.com\/es\/wp-content\/uploads\/sites\/3\/2025\/04\/\u00a1Una-demanda-de-Cuba-3-200x90.jpg 200w, https:\/\/republicpalestine.com\/es\/wp-content\/uploads\/sites\/3\/2025\/04\/\u00a1Una-demanda-de-Cuba-3-768x347.jpg 768w, https:\/\/republicpalestine.com\/es\/wp-content\/uploads\/sites\/3\/2025\/04\/\u00a1Una-demanda-de-Cuba-3-1536x693.jpg 1536w, https:\/\/republicpalestine.com\/es\/wp-content\/uploads\/sites\/3\/2025\/04\/\u00a1Una-demanda-de-Cuba-3-480x217.jpg 480w\" sizes=\"(max-width: 1024px) 100vw, 1024px\" \/><\/figure>\n\n\n\n<p style=\"font-size:16px\">Anwar Yaseen, -exprisionero palestino- denunci\u00f3 la complicidad y apoyo del imperialismo estadounidense en los cr\u00edmenes del Estado Sionista de \u00abIsrael\u00bb. Conden\u00f3 el m\u00e9todo fascista de ambas entidades, del terror para intentar someter a otros pueblos a sus intereses expansionistas, como lo hacen por decenas de a\u00f1os contra los pueblos de Cuba y Palestina.<\/p>\n\n\n\n<figure class=\"wp-block-image size-large\"><img loading=\"lazy\" decoding=\"async\" width=\"1024\" height=\"462\" src=\"https:\/\/republicpalestine.com\/es\/wp-content\/uploads\/sites\/3\/2025\/04\/\u00a1Una-demanda-de-Cuba-4-1024x462.jpg\" alt=\"\" class=\"wp-image-995\" srcset=\"https:\/\/republicpalestine.com\/es\/wp-content\/uploads\/sites\/3\/2025\/04\/\u00a1Una-demanda-de-Cuba-4-1024x462.jpg 1024w, https:\/\/republicpalestine.com\/es\/wp-content\/uploads\/sites\/3\/2025\/04\/\u00a1Una-demanda-de-Cuba-4-300x135.jpg 300w, https:\/\/republicpalestine.com\/es\/wp-content\/uploads\/sites\/3\/2025\/04\/\u00a1Una-demanda-de-Cuba-4-200x90.jpg 200w, https:\/\/republicpalestine.com\/es\/wp-content\/uploads\/sites\/3\/2025\/04\/\u00a1Una-demanda-de-Cuba-4-768x347.jpg 768w, https:\/\/republicpalestine.com\/es\/wp-content\/uploads\/sites\/3\/2025\/04\/\u00a1Una-demanda-de-Cuba-4-1536x693.jpg 1536w, https:\/\/republicpalestine.com\/es\/wp-content\/uploads\/sites\/3\/2025\/04\/\u00a1Una-demanda-de-Cuba-4-480x217.jpg 480w\" sizes=\"(max-width: 1024px) 100vw, 1024px\" \/><\/figure>\n\n\n\n<p style=\"font-size:16px\"><em>\u00abCada n\u00famero representa el dolor de una familia, l\u00e1grimas de madres, esposas, ni\u00f1os y ni\u00f1as sin padres. Tenemos que exigir, en primer lugar que cese el genocidio y la libertad de las ni\u00f1as y ni\u00f1os prisioneros palestinos, m\u00e1s all\u00e1 de un acuerdo o compromiso\u00bb,&nbsp;<\/em>demand\u00f3 Graciela Ram\u00edrez, Coordinadora del Comit\u00e9 Internacional Paz, Justicia y Dignidad a los Pueblos y jefa de la corresponsal\u00eda en Cuba de Resumen Latinoamericano.<\/p>\n\n\n\n<p style=\"font-size:16px\"><em>\u00abLos dos videos que acabamos de ver sobre la situaci\u00f3n de los prisioneros palestinos tienen una gran importancia, nos muestran el relato hist\u00f3rico de la ocupaci\u00f3n israel\u00ed a trav\u00e9s del encarcelamiento en condiciones infrahumanas a todas las generaciones palestinas. La necesidad de una carta, abrazar a un hijo o recibir visita familiar, escuchar la voz de su pueblo y las voces del mundo que exigen su libertad. Todo le es negado por el sionismo a los prisioneros palestinos. Tristemente est\u00e1 situaci\u00f3n se ha mantenido en el tiempo sin que la comunidad internacional actu\u00e9 con la fuerza que debe actuar. En entrevista realizada por Resumen Latinoamericano tuve ocasi\u00f3n de preguntar al Neuropediatra de Jordania graduado en Cuba, Dr. Isam Kawaja sobre los efectos en los ni\u00f1os que sufren detenciones administrativas, eufemismo que esconde el brutal encarcelamiento sin juicio ni abogados por tiempo indeterminado. \u00abEl trauma y las secuelas tanto f\u00edsicas como psicol\u00f3gicas al ni\u00f1o y su familia son invaluables. Llevados a la fuerza por hombres del ej\u00e9rcito fuertemente armados, de d\u00eda en plena calle o sacados de sus casas en medio de la noche ante la desesperaci\u00f3n de la familia. El da\u00f1o no es solo al ni\u00f1o, es a la madre y al padre, a los hermanos, al conjunto de la familia en total desprotecci\u00f3n\u00bb. La hero\u00edna nacional de Palestina Leyla Khaled denunci\u00f3 en otra entrevista que el ej\u00e9rcito israel\u00ed no s\u00f3lo detiene a ni\u00f1os, adolescentes y j\u00f3venes, les dispara directamente a las piernas y los brazos para dejarlos inv\u00e1lidos, esa es la marca del sionismo en varias generaciones. Todo esto se ha exacerbado a partir del genocidio israel\u00ed desde octubre del 2023. M\u00e9dicos Sin Fronteras ha denunciado el asesinato de ni\u00f1os y ni\u00f1as por el ej\u00e9rcito con disparos a la frente y el pecho de los ni\u00f1os. Las desapariciones tras la detenci\u00f3n equiparan a \u00abIsrael\u00bb con las peores dictaduras de Am\u00e9rica Latina tal como denuncia el video.\u00bb<\/em><\/p>\n\n\n\n<blockquote class=\"wp-block-quote is-layout-flow wp-block-quote-is-layout-flow\">\n<p style=\"font-size:20px\"><strong>200 ni\u00f1os, 80 mujeres y 6500 prisioneros en condiciones infrahumanas de detenci\u00f3n llaman a movilizarnos para exigir la libertad inmediata de todos los que resisten a la ocupaci\u00f3n desde las c\u00e1rceles sionistas.<\/strong><\/p>\n<\/blockquote>\n\n\n\n<p style=\"font-size:16px\">\u00abEs urgente y necesaria una gran campa\u00f1a internacional que exija junto al Alto al Fuego la libertad inmediata de todos los prisioneros\u00bb, exigi\u00f3 Graciela Ram\u00edrez.<\/p>\n\n\n\n<p style=\"font-size:16px\">\u00ab<em>Debemos llegar a todas las comunidades e instituciones educativas a nivel internacional para sensibilizar y educar a las familias en la exigencia consciente de la liberaci\u00f3n de todos los ni\u00f1os prisioneros en c\u00e1rceles israel\u00edes, no s\u00f3lo hablar de n\u00fameros, mostrar qu\u00e9 implica para las infancias palestinas vivir en prisi\u00f3n<\/em>\u00ab, dijo la activista espa\u00f1ola Cristina Sim\u00f3 Alcaraz, quien adem\u00e1s propuso junto a Graciela Ram\u00edrez organizar una Comisi\u00f3n Internacional para liberar a todos los presos pol\u00edticos palestinos, \u00abcomenzando por los ni\u00f1os, enfermos y mujeres\u00bb, destacaron.<\/p>\n\n\n\n<figure class=\"wp-block-image size-large\"><img loading=\"lazy\" decoding=\"async\" width=\"1024\" height=\"462\" src=\"https:\/\/republicpalestine.com\/es\/wp-content\/uploads\/sites\/3\/2025\/04\/\u00a1Una-demanda-de-Cuba-5-1024x462.jpg\" alt=\"\" class=\"wp-image-996\" srcset=\"https:\/\/republicpalestine.com\/es\/wp-content\/uploads\/sites\/3\/2025\/04\/\u00a1Una-demanda-de-Cuba-5-1024x462.jpg 1024w, https:\/\/republicpalestine.com\/es\/wp-content\/uploads\/sites\/3\/2025\/04\/\u00a1Una-demanda-de-Cuba-5-300x135.jpg 300w, https:\/\/republicpalestine.com\/es\/wp-content\/uploads\/sites\/3\/2025\/04\/\u00a1Una-demanda-de-Cuba-5-200x90.jpg 200w, https:\/\/republicpalestine.com\/es\/wp-content\/uploads\/sites\/3\/2025\/04\/\u00a1Una-demanda-de-Cuba-5-768x347.jpg 768w, https:\/\/republicpalestine.com\/es\/wp-content\/uploads\/sites\/3\/2025\/04\/\u00a1Una-demanda-de-Cuba-5-1536x693.jpg 1536w, https:\/\/republicpalestine.com\/es\/wp-content\/uploads\/sites\/3\/2025\/04\/\u00a1Una-demanda-de-Cuba-5-480x217.jpg 480w\" sizes=\"(max-width: 1024px) 100vw, 1024px\" \/><\/figure>\n\n\n\n<p style=\"font-size:16px\">La acci\u00f3n en Solidaridad con los m\u00e1s de 9 mil prisioneros palestinos continu\u00f3 el s\u00e1bado 19 de abril con la Pintada de Mural, desde las 9.00 am, tambi\u00e9n en el&nbsp;<strong>Instituto Cubano de Investigaci\u00f3n Cultural Juan Marinello<\/strong>.<\/p>\n\n\n\n<p style=\"font-size:16px\">Los cubanos y cubanas seguir\u00e1n denunciando los cr\u00edmenes de \u00abIsrael\u00bb contra el pueblo palestino. La solidaridad de Cuba con Palestina se remonta al concepto humanista de la Revoluci\u00f3n Cubana, implacable ante el horror y las injusticias.<\/p>\n\n\n\n<div class=\"wp-block-group\"><div class=\"wp-block-group__inner-container is-layout-constrained wp-block-group-is-layout-constrained\">\n<div class=\"wp-block-columns are-vertically-aligned-top is-layout-flex wp-container-core-columns-is-layout-1 wp-block-columns-is-layout-flex\">\n<div class=\"wp-block-column is-vertically-aligned-top is-layout-flow wp-block-column-is-layout-flow\" style=\"flex-basis:100%\">\n<div class=\"wp-block-group\"><div class=\"wp-block-group__inner-container is-layout-constrained wp-block-group-is-layout-constrained\">\n<div class=\"wp-block-group is-nowrap is-layout-flex wp-container-core-group-is-layout-2 wp-block-group-is-layout-flex\">\n<figure class=\"wp-block-image size-full is-resized\"><img loading=\"lazy\" decoding=\"async\" width=\"462\" height=\"1024\" src=\"https:\/\/republicpalestine.com\/es\/wp-content\/uploads\/sites\/3\/2025\/04\/\u00a1Una-demanda-de-Cuba-7-1.webp\" alt=\"\" class=\"wp-image-998\" style=\"aspect-ratio:0.5625;object-fit:cover;width:203px;height:auto\" srcset=\"https:\/\/republicpalestine.com\/es\/wp-content\/uploads\/sites\/3\/2025\/04\/\u00a1Una-demanda-de-Cuba-7-1.webp 462w, https:\/\/republicpalestine.com\/es\/wp-content\/uploads\/sites\/3\/2025\/04\/\u00a1Una-demanda-de-Cuba-7-1-300x665.webp 300w, https:\/\/republicpalestine.com\/es\/wp-content\/uploads\/sites\/3\/2025\/04\/\u00a1Una-demanda-de-Cuba-7-1-200x443.webp 200w\" sizes=\"(max-width: 462px) 100vw, 462px\" \/><\/figure>\n\n\n\n<figure class=\"wp-block-image size-full is-resized wp-container-content-1\"><img loading=\"lazy\" decoding=\"async\" width=\"1024\" height=\"462\" src=\"https:\/\/republicpalestine.com\/es\/wp-content\/uploads\/sites\/3\/2025\/04\/\u00a1Una-demanda-de-Cuba-6-1.webp\" alt=\"\" class=\"wp-image-1000\" style=\"width:654px;height:auto\" srcset=\"https:\/\/republicpalestine.com\/es\/wp-content\/uploads\/sites\/3\/2025\/04\/\u00a1Una-demanda-de-Cuba-6-1.webp 1024w, https:\/\/republicpalestine.com\/es\/wp-content\/uploads\/sites\/3\/2025\/04\/\u00a1Una-demanda-de-Cuba-6-1-300x135.webp 300w, https:\/\/republicpalestine.com\/es\/wp-content\/uploads\/sites\/3\/2025\/04\/\u00a1Una-demanda-de-Cuba-6-1-200x90.webp 200w, https:\/\/republicpalestine.com\/es\/wp-content\/uploads\/sites\/3\/2025\/04\/\u00a1Una-demanda-de-Cuba-6-1-768x347.webp 768w, https:\/\/republicpalestine.com\/es\/wp-content\/uploads\/sites\/3\/2025\/04\/\u00a1Una-demanda-de-Cuba-6-1-480x217.webp 480w\" sizes=\"(max-width: 1024px) 100vw, 1024px\" \/><\/figure>\n<\/div>\n<\/div><\/div>\n<\/div>\n<\/div>\n<\/div><\/div>\n\n\n\n<figure class=\"wp-block-image size-full\"><img loading=\"lazy\" decoding=\"async\" width=\"1024\" height=\"462\" src=\"https:\/\/republicpalestine.com\/es\/wp-content\/uploads\/sites\/3\/2025\/04\/\u00a1Una-demanda-de-Cuba-8.webp\" alt=\"\" class=\"wp-image-1001\" srcset=\"https:\/\/republicpalestine.com\/es\/wp-content\/uploads\/sites\/3\/2025\/04\/\u00a1Una-demanda-de-Cuba-8.webp 1024w, https:\/\/republicpalestine.com\/es\/wp-content\/uploads\/sites\/3\/2025\/04\/\u00a1Una-demanda-de-Cuba-8-300x135.webp 300w, https:\/\/republicpalestine.com\/es\/wp-content\/uploads\/sites\/3\/2025\/04\/\u00a1Una-demanda-de-Cuba-8-200x90.webp 200w, https:\/\/republicpalestine.com\/es\/wp-content\/uploads\/sites\/3\/2025\/04\/\u00a1Una-demanda-de-Cuba-8-768x347.webp 768w, https:\/\/republicpalestine.com\/es\/wp-content\/uploads\/sites\/3\/2025\/04\/\u00a1Una-demanda-de-Cuba-8-480x217.webp 480w\" sizes=\"(max-width: 1024px) 100vw, 1024px\" \/><\/figure>\n\n\n\n<figure class=\"wp-block-image size-full\"><img loading=\"lazy\" decoding=\"async\" width=\"1024\" height=\"462\" src=\"https:\/\/republicpalestine.com\/es\/wp-content\/uploads\/sites\/3\/2025\/04\/\u00a1Una-demanda-de-Cuba-9.webp\" alt=\"\" class=\"wp-image-1002\" srcset=\"https:\/\/republicpalestine.com\/es\/wp-content\/uploads\/sites\/3\/2025\/04\/\u00a1Una-demanda-de-Cuba-9.webp 1024w, https:\/\/republicpalestine.com\/es\/wp-content\/uploads\/sites\/3\/2025\/04\/\u00a1Una-demanda-de-Cuba-9-300x135.webp 300w, https:\/\/republicpalestine.com\/es\/wp-content\/uploads\/sites\/3\/2025\/04\/\u00a1Una-demanda-de-Cuba-9-200x90.webp 200w, https:\/\/republicpalestine.com\/es\/wp-content\/uploads\/sites\/3\/2025\/04\/\u00a1Una-demanda-de-Cuba-9-768x347.webp 768w, https:\/\/republicpalestine.com\/es\/wp-content\/uploads\/sites\/3\/2025\/04\/\u00a1Una-demanda-de-Cuba-9-480x217.webp 480w\" sizes=\"(max-width: 1024px) 100vw, 1024px\" \/><\/figure>\n\n\n\n<figure class=\"wp-block-image size-full\"><img loading=\"lazy\" decoding=\"async\" width=\"1024\" height=\"462\" src=\"https:\/\/republicpalestine.com\/es\/wp-content\/uploads\/sites\/3\/2025\/04\/\u00a1Una-demanda-de-Cuba-10.webp\" alt=\"\" class=\"wp-image-1003\" srcset=\"https:\/\/republicpalestine.com\/es\/wp-content\/uploads\/sites\/3\/2025\/04\/\u00a1Una-demanda-de-Cuba-10.webp 1024w, https:\/\/republicpalestine.com\/es\/wp-content\/uploads\/sites\/3\/2025\/04\/\u00a1Una-demanda-de-Cuba-10-300x135.webp 300w, https:\/\/republicpalestine.com\/es\/wp-content\/uploads\/sites\/3\/2025\/04\/\u00a1Una-demanda-de-Cuba-10-200x90.webp 200w, https:\/\/republicpalestine.com\/es\/wp-content\/uploads\/sites\/3\/2025\/04\/\u00a1Una-demanda-de-Cuba-10-768x347.webp 768w, https:\/\/republicpalestine.com\/es\/wp-content\/uploads\/sites\/3\/2025\/04\/\u00a1Una-demanda-de-Cuba-10-480x217.webp 480w\" sizes=\"(max-width: 1024px) 100vw, 1024px\" \/><\/figure>\n\n\n\n<p class=\"has-text-align-center\" style=\"font-size:16px\"><strong>Mural por la Libertad de los Prioneros Palestinos en el Instituto Juan Marinello<\/strong><\/p>\n\n\n\n<div class=\"wp-block-group is-vertical is-layout-flex wp-container-core-group-is-layout-5 wp-block-group-is-layout-flex\">\n<figure class=\"wp-block-image size-full wp-container-content-2\"><img loading=\"lazy\" decoding=\"async\" width=\"1024\" height=\"735\" src=\"https:\/\/republicpalestine.com\/es\/wp-content\/uploads\/sites\/3\/2025\/04\/Mural-por-la-libertad-de-los-prisioneros-palestinos-Cuba-1.webp\" alt=\"\" class=\"wp-image-1004\" srcset=\"https:\/\/republicpalestine.com\/es\/wp-content\/uploads\/sites\/3\/2025\/04\/Mural-por-la-libertad-de-los-prisioneros-palestinos-Cuba-1.webp 1024w, https:\/\/republicpalestine.com\/es\/wp-content\/uploads\/sites\/3\/2025\/04\/Mural-por-la-libertad-de-los-prisioneros-palestinos-Cuba-1-300x215.webp 300w, https:\/\/republicpalestine.com\/es\/wp-content\/uploads\/sites\/3\/2025\/04\/Mural-por-la-libertad-de-los-prisioneros-palestinos-Cuba-1-200x144.webp 200w, https:\/\/republicpalestine.com\/es\/wp-content\/uploads\/sites\/3\/2025\/04\/Mural-por-la-libertad-de-los-prisioneros-palestinos-Cuba-1-768x551.webp 768w, https:\/\/republicpalestine.com\/es\/wp-content\/uploads\/sites\/3\/2025\/04\/Mural-por-la-libertad-de-los-prisioneros-palestinos-Cuba-1-480x345.webp 480w\" sizes=\"(max-width: 1024px) 100vw, 1024px\" \/><\/figure>\n\n\n\n<figure class=\"wp-block-image size-full is-resized\"><img loading=\"lazy\" decoding=\"async\" width=\"1024\" height=\"682\" src=\"https:\/\/republicpalestine.com\/es\/wp-content\/uploads\/sites\/3\/2025\/04\/Mural-por-la-libertad-de-los-prisioneros-palestinos-Cuba-2-1.webp\" alt=\"\" class=\"wp-image-1007\" style=\"width:638px;height:auto\" srcset=\"https:\/\/republicpalestine.com\/es\/wp-content\/uploads\/sites\/3\/2025\/04\/Mural-por-la-libertad-de-los-prisioneros-palestinos-Cuba-2-1.webp 1024w, https:\/\/republicpalestine.com\/es\/wp-content\/uploads\/sites\/3\/2025\/04\/Mural-por-la-libertad-de-los-prisioneros-palestinos-Cuba-2-1-300x200.webp 300w, https:\/\/republicpalestine.com\/es\/wp-content\/uploads\/sites\/3\/2025\/04\/Mural-por-la-libertad-de-los-prisioneros-palestinos-Cuba-2-1-200x133.webp 200w, https:\/\/republicpalestine.com\/es\/wp-content\/uploads\/sites\/3\/2025\/04\/Mural-por-la-libertad-de-los-prisioneros-palestinos-Cuba-2-1-768x512.webp 768w, https:\/\/republicpalestine.com\/es\/wp-content\/uploads\/sites\/3\/2025\/04\/Mural-por-la-libertad-de-los-prisioneros-palestinos-Cuba-2-1-480x320.webp 480w\" sizes=\"(max-width: 1024px) 100vw, 1024px\" \/><\/figure>\n\n\n\n<figure class=\"wp-block-image size-full is-resized\"><img loading=\"lazy\" decoding=\"async\" width=\"1024\" height=\"682\" src=\"https:\/\/republicpalestine.com\/es\/wp-content\/uploads\/sites\/3\/2025\/04\/Mural-por-la-libertad-de-los-prisioneros-palestinos-Cuba-3-1.webp\" alt=\"\" class=\"wp-image-1008\" style=\"width:637px;height:auto\" srcset=\"https:\/\/republicpalestine.com\/es\/wp-content\/uploads\/sites\/3\/2025\/04\/Mural-por-la-libertad-de-los-prisioneros-palestinos-Cuba-3-1.webp 1024w, https:\/\/republicpalestine.com\/es\/wp-content\/uploads\/sites\/3\/2025\/04\/Mural-por-la-libertad-de-los-prisioneros-palestinos-Cuba-3-1-300x200.webp 300w, https:\/\/republicpalestine.com\/es\/wp-content\/uploads\/sites\/3\/2025\/04\/Mural-por-la-libertad-de-los-prisioneros-palestinos-Cuba-3-1-200x133.webp 200w, https:\/\/republicpalestine.com\/es\/wp-content\/uploads\/sites\/3\/2025\/04\/Mural-por-la-libertad-de-los-prisioneros-palestinos-Cuba-3-1-768x512.webp 768w, https:\/\/republicpalestine.com\/es\/wp-content\/uploads\/sites\/3\/2025\/04\/Mural-por-la-libertad-de-los-prisioneros-palestinos-Cuba-3-1-480x320.webp 480w\" sizes=\"(max-width: 1024px) 100vw, 1024px\" \/><\/figure>\n<\/div>\n\n\n\n<div class=\"wp-block-group is-nowrap is-layout-flex wp-container-core-group-is-layout-6 wp-block-group-is-layout-flex\">\n<figure class=\"wp-block-image size-full is-resized\"><img loading=\"lazy\" decoding=\"async\" width=\"1024\" height=\"682\" src=\"https:\/\/republicpalestine.com\/es\/wp-content\/uploads\/sites\/3\/2025\/04\/Mural-por-la-libertad-de-los-prisioneros-palestinos-Cuba-4.webp\" alt=\"\" class=\"wp-image-1009\" style=\"width:389px;height:auto\" srcset=\"https:\/\/republicpalestine.com\/es\/wp-content\/uploads\/sites\/3\/2025\/04\/Mural-por-la-libertad-de-los-prisioneros-palestinos-Cuba-4.webp 1024w, https:\/\/republicpalestine.com\/es\/wp-content\/uploads\/sites\/3\/2025\/04\/Mural-por-la-libertad-de-los-prisioneros-palestinos-Cuba-4-300x200.webp 300w, https:\/\/republicpalestine.com\/es\/wp-content\/uploads\/sites\/3\/2025\/04\/Mural-por-la-libertad-de-los-prisioneros-palestinos-Cuba-4-200x133.webp 200w, https:\/\/republicpalestine.com\/es\/wp-content\/uploads\/sites\/3\/2025\/04\/Mural-por-la-libertad-de-los-prisioneros-palestinos-Cuba-4-768x512.webp 768w, https:\/\/republicpalestine.com\/es\/wp-content\/uploads\/sites\/3\/2025\/04\/Mural-por-la-libertad-de-los-prisioneros-palestinos-Cuba-4-480x320.webp 480w\" sizes=\"(max-width: 1024px) 100vw, 1024px\" \/><\/figure>\n\n\n\n<figure class=\"wp-block-image size-full is-resized\"><img loading=\"lazy\" decoding=\"async\" width=\"1024\" height=\"768\" src=\"https:\/\/republicpalestine.com\/es\/wp-content\/uploads\/sites\/3\/2025\/04\/Mural-por-la-libertad-de-los-prisioneros-palestinos-Cuba-5.webp\" alt=\"\" class=\"wp-image-1010\" style=\"width:519px;height:auto\" srcset=\"https:\/\/republicpalestine.com\/es\/wp-content\/uploads\/sites\/3\/2025\/04\/Mural-por-la-libertad-de-los-prisioneros-palestinos-Cuba-5.webp 1024w, https:\/\/republicpalestine.com\/es\/wp-content\/uploads\/sites\/3\/2025\/04\/Mural-por-la-libertad-de-los-prisioneros-palestinos-Cuba-5-300x225.webp 300w, https:\/\/republicpalestine.com\/es\/wp-content\/uploads\/sites\/3\/2025\/04\/Mural-por-la-libertad-de-los-prisioneros-palestinos-Cuba-5-200x150.webp 200w, https:\/\/republicpalestine.com\/es\/wp-content\/uploads\/sites\/3\/2025\/04\/Mural-por-la-libertad-de-los-prisioneros-palestinos-Cuba-5-768x576.webp 768w, https:\/\/republicpalestine.com\/es\/wp-content\/uploads\/sites\/3\/2025\/04\/Mural-por-la-libertad-de-los-prisioneros-palestinos-Cuba-5-480x360.webp 480w\" sizes=\"(max-width: 1024px) 100vw, 1024px\" \/><\/figure>\n<\/div>\n\n\n\n<div class=\"wp-block-group is-nowrap is-layout-flex wp-container-core-group-is-layout-7 wp-block-group-is-layout-flex\">\n<figure class=\"wp-block-image size-full is-resized\"><img loading=\"lazy\" decoding=\"async\" width=\"682\" height=\"1024\" src=\"https:\/\/republicpalestine.com\/es\/wp-content\/uploads\/sites\/3\/2025\/04\/Mural-por-la-libertad-de-los-prisioneros-palestinos-Cuba-6.webp\" alt=\"\" class=\"wp-image-1011\" style=\"width:304px;height:auto\" srcset=\"https:\/\/republicpalestine.com\/es\/wp-content\/uploads\/sites\/3\/2025\/04\/Mural-por-la-libertad-de-los-prisioneros-palestinos-Cuba-6.webp 682w, https:\/\/republicpalestine.com\/es\/wp-content\/uploads\/sites\/3\/2025\/04\/Mural-por-la-libertad-de-los-prisioneros-palestinos-Cuba-6-300x450.webp 300w, https:\/\/republicpalestine.com\/es\/wp-content\/uploads\/sites\/3\/2025\/04\/Mural-por-la-libertad-de-los-prisioneros-palestinos-Cuba-6-200x300.webp 200w, https:\/\/republicpalestine.com\/es\/wp-content\/uploads\/sites\/3\/2025\/04\/Mural-por-la-libertad-de-los-prisioneros-palestinos-Cuba-6-480x721.webp 480w\" sizes=\"(max-width: 682px) 100vw, 682px\" \/><\/figure>\n\n\n\n<figure class=\"wp-block-image size-full is-resized\"><img loading=\"lazy\" decoding=\"async\" width=\"1024\" height=\"768\" src=\"https:\/\/republicpalestine.com\/es\/wp-content\/uploads\/sites\/3\/2025\/04\/Mural-por-la-libertad-de-los-prisioneros-palestinos-Cuba-7.webp\" alt=\"\" class=\"wp-image-1012\" style=\"width:596px;height:auto\" srcset=\"https:\/\/republicpalestine.com\/es\/wp-content\/uploads\/sites\/3\/2025\/04\/Mural-por-la-libertad-de-los-prisioneros-palestinos-Cuba-7.webp 1024w, https:\/\/republicpalestine.com\/es\/wp-content\/uploads\/sites\/3\/2025\/04\/Mural-por-la-libertad-de-los-prisioneros-palestinos-Cuba-7-300x225.webp 300w, https:\/\/republicpalestine.com\/es\/wp-content\/uploads\/sites\/3\/2025\/04\/Mural-por-la-libertad-de-los-prisioneros-palestinos-Cuba-7-200x150.webp 200w, https:\/\/republicpalestine.com\/es\/wp-content\/uploads\/sites\/3\/2025\/04\/Mural-por-la-libertad-de-los-prisioneros-palestinos-Cuba-7-768x576.webp 768w, https:\/\/republicpalestine.com\/es\/wp-content\/uploads\/sites\/3\/2025\/04\/Mural-por-la-libertad-de-los-prisioneros-palestinos-Cuba-7-480x360.webp 480w\" sizes=\"(max-width: 1024px) 100vw, 1024px\" \/><\/figure>\n<\/div>\n\n\n\n<div class=\"wp-block-group is-nowrap is-layout-flex wp-container-core-group-is-layout-8 wp-block-group-is-layout-flex\">\n<figure class=\"wp-block-image size-full\"><img loading=\"lazy\" decoding=\"async\" width=\"768\" height=\"1024\" src=\"https:\/\/republicpalestine.com\/es\/wp-content\/uploads\/sites\/3\/2025\/04\/Mural-por-la-libertad-de-los-prisioneros-palestinos-Cuba-8.webp\" alt=\"\" class=\"wp-image-1013\" srcset=\"https:\/\/republicpalestine.com\/es\/wp-content\/uploads\/sites\/3\/2025\/04\/Mural-por-la-libertad-de-los-prisioneros-palestinos-Cuba-8.webp 768w, https:\/\/republicpalestine.com\/es\/wp-content\/uploads\/sites\/3\/2025\/04\/Mural-por-la-libertad-de-los-prisioneros-palestinos-Cuba-8-300x400.webp 300w, https:\/\/republicpalestine.com\/es\/wp-content\/uploads\/sites\/3\/2025\/04\/Mural-por-la-libertad-de-los-prisioneros-palestinos-Cuba-8-200x267.webp 200w, https:\/\/republicpalestine.com\/es\/wp-content\/uploads\/sites\/3\/2025\/04\/Mural-por-la-libertad-de-los-prisioneros-palestinos-Cuba-8-480x640.webp 480w\" sizes=\"(max-width: 768px) 100vw, 768px\" \/><\/figure>\n\n\n\n<figure class=\"wp-block-image size-full is-resized\"><img loading=\"lazy\" decoding=\"async\" width=\"768\" height=\"1024\" src=\"https:\/\/republicpalestine.com\/es\/wp-content\/uploads\/sites\/3\/2025\/04\/Mural-por-la-libertad-de-los-prisioneros-palestinos-Cuba-9.webp\" alt=\"\" class=\"wp-image-1014\" style=\"width:370px;height:auto\" srcset=\"https:\/\/republicpalestine.com\/es\/wp-content\/uploads\/sites\/3\/2025\/04\/Mural-por-la-libertad-de-los-prisioneros-palestinos-Cuba-9.webp 768w, https:\/\/republicpalestine.com\/es\/wp-content\/uploads\/sites\/3\/2025\/04\/Mural-por-la-libertad-de-los-prisioneros-palestinos-Cuba-9-300x400.webp 300w, https:\/\/republicpalestine.com\/es\/wp-content\/uploads\/sites\/3\/2025\/04\/Mural-por-la-libertad-de-los-prisioneros-palestinos-Cuba-9-200x267.webp 200w, https:\/\/republicpalestine.com\/es\/wp-content\/uploads\/sites\/3\/2025\/04\/Mural-por-la-libertad-de-los-prisioneros-palestinos-Cuba-9-480x640.webp 480w\" sizes=\"(max-width: 768px) 100vw, 768px\" \/><\/figure>\n<\/div>\n\n\n\n<div class=\"wp-block-group is-nowrap is-layout-flex wp-container-core-group-is-layout-9 wp-block-group-is-layout-flex\">\n<figure class=\"wp-block-image size-full is-resized\"><img loading=\"lazy\" decoding=\"async\" width=\"770\" height=\"1024\" src=\"https:\/\/republicpalestine.com\/es\/wp-content\/uploads\/sites\/3\/2025\/04\/Mural-por-la-libertad-de-los-prisioneros-palestinos-Cuba-10.webp\" alt=\"\" class=\"wp-image-1015\" style=\"width:365px;height:auto\" srcset=\"https:\/\/republicpalestine.com\/es\/wp-content\/uploads\/sites\/3\/2025\/04\/Mural-por-la-libertad-de-los-prisioneros-palestinos-Cuba-10.webp 770w, https:\/\/republicpalestine.com\/es\/wp-content\/uploads\/sites\/3\/2025\/04\/Mural-por-la-libertad-de-los-prisioneros-palestinos-Cuba-10-300x399.webp 300w, https:\/\/republicpalestine.com\/es\/wp-content\/uploads\/sites\/3\/2025\/04\/Mural-por-la-libertad-de-los-prisioneros-palestinos-Cuba-10-200x266.webp 200w, https:\/\/republicpalestine.com\/es\/wp-content\/uploads\/sites\/3\/2025\/04\/Mural-por-la-libertad-de-los-prisioneros-palestinos-Cuba-10-768x1021.webp 768w, https:\/\/republicpalestine.com\/es\/wp-content\/uploads\/sites\/3\/2025\/04\/Mural-por-la-libertad-de-los-prisioneros-palestinos-Cuba-10-480x638.webp 480w\" sizes=\"(max-width: 770px) 100vw, 770px\" \/><\/figure>\n\n\n\n<figure class=\"wp-block-image size-full is-resized\"><img loading=\"lazy\" decoding=\"async\" width=\"770\" height=\"1024\" src=\"https:\/\/republicpalestine.com\/es\/wp-content\/uploads\/sites\/3\/2025\/04\/Mural-por-la-libertad-de-los-prisioneros-palestinos-Cuba-11.webp\" alt=\"\" class=\"wp-image-1016\" style=\"width:400px;height:auto\" srcset=\"https:\/\/republicpalestine.com\/es\/wp-content\/uploads\/sites\/3\/2025\/04\/Mural-por-la-libertad-de-los-prisioneros-palestinos-Cuba-11.webp 770w, https:\/\/republicpalestine.com\/es\/wp-content\/uploads\/sites\/3\/2025\/04\/Mural-por-la-libertad-de-los-prisioneros-palestinos-Cuba-11-300x399.webp 300w, https:\/\/republicpalestine.com\/es\/wp-content\/uploads\/sites\/3\/2025\/04\/Mural-por-la-libertad-de-los-prisioneros-palestinos-Cuba-11-200x266.webp 200w, https:\/\/republicpalestine.com\/es\/wp-content\/uploads\/sites\/3\/2025\/04\/Mural-por-la-libertad-de-los-prisioneros-palestinos-Cuba-11-768x1021.webp 768w, https:\/\/republicpalestine.com\/es\/wp-content\/uploads\/sites\/3\/2025\/04\/Mural-por-la-libertad-de-los-prisioneros-palestinos-Cuba-11-480x638.webp 480w\" sizes=\"(max-width: 770px) 100vw, 770px\" \/><\/figure>\n<\/div>\n\n\n\n<p style=\"font-size:16px\"><em>Fotos de la pintada del mural: <a href=\"https:\/\/www.instagram.com\/pp_chaviano\/\">Pedro Pablo Chaviano<\/a>.<\/em><\/p>\n","protected":false},"excerpt":{"rendered":"<p>Rep\u00fablica de Palestina replica este art\u00edculo publicado el 19 de abril de 2025 en Resumen Latinoamericano-Cuba, por Yaimi Ravelo. \u00a1Libertad para los ni\u00f1os y ni\u00f1as prisioneros en c\u00e1rceles sionistas! Palestina nos impone hoy reevaluar conceptos: fascismo, cr\u00edmenes, genocidio, terrorismo, prisiones, resistencia, patria, revoluciones, humanidad. Cada una de \u00e9stas categor\u00edas evolucionan diariamente en la horrible realidad del genocidio en Palestina. En la historia de la humanidad -incluyendo al holocausto jud\u00edo perpetuado por el nazismo alem\u00e1n-, la m\u00e1xima expresi\u00f3n del fascismo es de la que somos testigos hoy los m\u00e1s de 8000 millones de personas que habitamos la Tierra. El fascismo actual, ferozmente renovado y sionista, es el m\u00e1s cruel, despiadado y atroz. Cuando callamos, ninguno de nosotros tenemos perd\u00f3n. Cuando no duele que hombres inocentes, mujeres, ni\u00f1as, ni\u00f1os y ancianos sean masacrados, ninguno de los indolentes tiene perd\u00f3n. A\u00fan cuando nos solidarizamos y somos conscientes de las luchas de los palestinos y su causa, cu\u00e1nto conocemos realmente de su realidad, cu\u00e1n ignorantes podemos ser desde la comodidad de la \u00abpaz\u00bb. No existe en el mundo alg\u00fan pretexto o concepto que justifique que hoy est\u00e9n en prisiones \u00abisrael\u00edes\u00bb m\u00e1s de 400 ni\u00f1as y ni\u00f1os palestinos. Ante el Llamado Internacional por el&nbsp;D\u00eda del &hellip;<\/p>\n","protected":false},"author":1,"featured_media":991,"comment_status":"open","ping_status":"open","sticky":false,"template":"","format":"standard","meta":{"_acf_changed":false,"_eb_attr":"","footnotes":""},"categories":[1,5,3],"tags":[47,18,34,17,26,50],"class_list":["post-990","post","type-post","status-publish","format-standard","has-post-thumbnail","hentry","category-archivo","category-con-palestina","category-noticias","tag-cuba","tag-gaza","tag-ocupacion","tag-palestina","tag-palestinalibre","tag-solidaridad"],"acf":[],"yoast_head":"<!-- This site is optimized with the Yoast SEO Premium plugin v22.8 (Yoast SEO v24.8.1) - https:\/\/yoast.com\/wordpress\/plugins\/seo\/ -->\n<title>\u00a1Libertad para Palestina! Una demanda desde Cuba - Rep\u00fablica de Palestina<\/title>\n<meta name=\"robots\" content=\"index, follow, max-snippet:-1, max-image-preview:large, max-video-preview:-1\" \/>\n<link rel=\"canonical\" href=\"https:\/\/republicpalestine.com\/es\/2025\/04\/21\/libertad-para-palestina-una-demanda-desde-cuba\/\" \/>\n<meta property=\"og:locale\" content=\"es_ES\" \/>\n<meta property=\"og:type\" content=\"article\" \/>\n<meta property=\"og:title\" content=\"\u00a1Libertad para Palestina! Una demanda desde Cuba\" \/>\n<meta property=\"og:description\" content=\"Rep\u00fablica de Palestina replica este art\u00edculo publicado el 19 de abril de 2025 en Resumen Latinoamericano-Cuba, por Yaimi Ravelo. \u00a1Libertad para los ni\u00f1os y ni\u00f1as prisioneros en c\u00e1rceles sionistas! Palestina nos impone hoy reevaluar conceptos: fascismo, cr\u00edmenes, genocidio, terrorismo, prisiones, resistencia, patria, revoluciones, humanidad. Cada una de \u00e9stas categor\u00edas evolucionan diariamente en la horrible realidad del genocidio en Palestina. En la historia de la humanidad -incluyendo al holocausto jud\u00edo perpetuado por el nazismo alem\u00e1n-, la m\u00e1xima expresi\u00f3n del fascismo es de la que somos testigos hoy los m\u00e1s de 8000 millones de personas que habitamos la Tierra. El fascismo actual, ferozmente renovado y sionista, es el m\u00e1s cruel, despiadado y atroz. Cuando callamos, ninguno de nosotros tenemos perd\u00f3n. Cuando no duele que hombres inocentes, mujeres, ni\u00f1as, ni\u00f1os y ancianos sean masacrados, ninguno de los indolentes tiene perd\u00f3n. A\u00fan cuando nos solidarizamos y somos conscientes de las luchas de los palestinos y su causa, cu\u00e1nto conocemos realmente de su realidad, cu\u00e1n ignorantes podemos ser desde la comodidad de la \u00abpaz\u00bb. No existe en el mundo alg\u00fan pretexto o concepto que justifique que hoy est\u00e9n en prisiones \u00abisrael\u00edes\u00bb m\u00e1s de 400 ni\u00f1as y ni\u00f1os palestinos. Ante el Llamado Internacional por el&nbsp;D\u00eda del &hellip;\" \/>\n<meta property=\"og:url\" content=\"https:\/\/republicpalestine.com\/es\/2025\/04\/21\/libertad-para-palestina-una-demanda-desde-cuba\/\" \/>\n<meta property=\"og:site_name\" content=\"Rep\u00fablica de Palestina\" \/>\n<meta property=\"article:published_time\" content=\"2025-04-21T11:47:12+00:00\" \/>\n<meta property=\"article:modified_time\" content=\"2025-04-21T11:48:40+00:00\" \/>\n<meta property=\"og:image\" content=\"https:\/\/republicpalestine.com\/es\/wp-content\/uploads\/sites\/3\/2025\/04\/IMG-20250420-WA0015.jpg\" \/>\n\t<meta property=\"og:image:width\" content=\"1080\" \/>\n\t<meta property=\"og:image:height\" content=\"390\" \/>\n\t<meta property=\"og:image:type\" content=\"image\/jpeg\" \/>\n<meta name=\"author\" content=\"RepublicofPalestine\" \/>\n<meta name=\"twitter:card\" content=\"summary_large_image\" \/>\n<meta name=\"twitter:label1\" content=\"Escrito por\" \/>\n\t<meta name=\"twitter:data1\" content=\"RepublicofPalestine\" \/>\n\t<meta name=\"twitter:label2\" content=\"Tiempo de lectura\" \/>\n\t<meta name=\"twitter:data2\" content=\"11 minutos\" \/>\n<script type=\"application\/ld+json\" class=\"yoast-schema-graph\">{\"@context\":\"https:\/\/schema.org\",\"@graph\":[{\"@type\":\"WebPage\",\"@id\":\"https:\/\/republicpalestine.com\/es\/2025\/04\/21\/libertad-para-palestina-una-demanda-desde-cuba\/\",\"url\":\"https:\/\/republicpalestine.com\/es\/2025\/04\/21\/libertad-para-palestina-una-demanda-desde-cuba\/\",\"name\":\"\u00a1Libertad para Palestina! Una demanda desde Cuba - Rep\u00fablica de Palestina\",\"isPartOf\":{\"@id\":\"https:\/\/republicpalestine.com\/es\/#website\"},\"primaryImageOfPage\":{\"@id\":\"https:\/\/republicpalestine.com\/es\/2025\/04\/21\/libertad-para-palestina-una-demanda-desde-cuba\/#primaryimage\"},\"image\":{\"@id\":\"https:\/\/republicpalestine.com\/es\/2025\/04\/21\/libertad-para-palestina-una-demanda-desde-cuba\/#primaryimage\"},\"thumbnailUrl\":\"https:\/\/republicpalestine.com\/es\/wp-content\/uploads\/sites\/3\/2025\/04\/IMG-20250420-WA0015.jpg\",\"datePublished\":\"2025-04-21T11:47:12+00:00\",\"dateModified\":\"2025-04-21T11:48:40+00:00\",\"author\":{\"@id\":\"https:\/\/republicpalestine.com\/es\/#\/schema\/person\/a116984632a4562b5d251d19cb8e8bf3\"},\"breadcrumb\":{\"@id\":\"https:\/\/republicpalestine.com\/es\/2025\/04\/21\/libertad-para-palestina-una-demanda-desde-cuba\/#breadcrumb\"},\"inLanguage\":\"es\",\"potentialAction\":[{\"@type\":\"ReadAction\",\"target\":[\"https:\/\/republicpalestine.com\/es\/2025\/04\/21\/libertad-para-palestina-una-demanda-desde-cuba\/\"]}]},{\"@type\":\"ImageObject\",\"inLanguage\":\"es\",\"@id\":\"https:\/\/republicpalestine.com\/es\/2025\/04\/21\/libertad-para-palestina-una-demanda-desde-cuba\/#primaryimage\",\"url\":\"https:\/\/republicpalestine.com\/es\/wp-content\/uploads\/sites\/3\/2025\/04\/IMG-20250420-WA0015.jpg\",\"contentUrl\":\"https:\/\/republicpalestine.com\/es\/wp-content\/uploads\/sites\/3\/2025\/04\/IMG-20250420-WA0015.jpg\",\"width\":1080,\"height\":390},{\"@type\":\"BreadcrumbList\",\"@id\":\"https:\/\/republicpalestine.com\/es\/2025\/04\/21\/libertad-para-palestina-una-demanda-desde-cuba\/#breadcrumb\",\"itemListElement\":[{\"@type\":\"ListItem\",\"position\":1,\"name\":\"\u0627\u0644\u0631\u0626\u064a\u0633\u064a\u0629\",\"item\":\"https:\/\/republicpalestine.com\/es\/\"},{\"@type\":\"ListItem\",\"position\":2,\"name\":\"\u00a1Libertad para Palestina! Una demanda desde Cuba\"}]},{\"@type\":\"WebSite\",\"@id\":\"https:\/\/republicpalestine.com\/es\/#website\",\"url\":\"https:\/\/republicpalestine.com\/es\/\",\"name\":\"Rep\u00fablica de Palestina\",\"description\":\"\",\"potentialAction\":[{\"@type\":\"SearchAction\",\"target\":{\"@type\":\"EntryPoint\",\"urlTemplate\":\"https:\/\/republicpalestine.com\/es\/?s={search_term_string}\"},\"query-input\":{\"@type\":\"PropertyValueSpecification\",\"valueRequired\":true,\"valueName\":\"search_term_string\"}}],\"inLanguage\":\"es\"},{\"@type\":\"Person\",\"@id\":\"https:\/\/republicpalestine.com\/es\/#\/schema\/person\/a116984632a4562b5d251d19cb8e8bf3\",\"name\":\"RepublicofPalestine\",\"image\":{\"@type\":\"ImageObject\",\"inLanguage\":\"es\",\"@id\":\"https:\/\/republicpalestine.com\/es\/#\/schema\/person\/image\/\",\"url\":\"https:\/\/secure.gravatar.com\/avatar\/13240ade82024fefe7ea06e3569c7001?s=96&d=mm&r=g\",\"contentUrl\":\"https:\/\/secure.gravatar.com\/avatar\/13240ade82024fefe7ea06e3569c7001?s=96&d=mm&r=g\",\"caption\":\"RepublicofPalestine\"},\"sameAs\":[\"https:\/\/republicpalestine.com\"],\"url\":\"https:\/\/republicpalestine.com\/es\/author\/jmhoriaadmin\/\"}]}<\/script>\n<!-- \/ Yoast SEO Premium plugin. -->","yoast_head_json":{"title":"\u00a1Libertad para Palestina! Una demanda desde Cuba - Rep\u00fablica de Palestina","robots":{"index":"index","follow":"follow","max-snippet":"max-snippet:-1","max-image-preview":"max-image-preview:large","max-video-preview":"max-video-preview:-1"},"canonical":"https:\/\/republicpalestine.com\/es\/2025\/04\/21\/libertad-para-palestina-una-demanda-desde-cuba\/","og_locale":"es_ES","og_type":"article","og_title":"\u00a1Libertad para Palestina! Una demanda desde Cuba","og_description":"Rep\u00fablica de Palestina replica este art\u00edculo publicado el 19 de abril de 2025 en Resumen Latinoamericano-Cuba, por Yaimi Ravelo. \u00a1Libertad para los ni\u00f1os y ni\u00f1as prisioneros en c\u00e1rceles sionistas! Palestina nos impone hoy reevaluar conceptos: fascismo, cr\u00edmenes, genocidio, terrorismo, prisiones, resistencia, patria, revoluciones, humanidad. Cada una de \u00e9stas categor\u00edas evolucionan diariamente en la horrible realidad del genocidio en Palestina. En la historia de la humanidad -incluyendo al holocausto jud\u00edo perpetuado por el nazismo alem\u00e1n-, la m\u00e1xima expresi\u00f3n del fascismo es de la que somos testigos hoy los m\u00e1s de 8000 millones de personas que habitamos la Tierra. El fascismo actual, ferozmente renovado y sionista, es el m\u00e1s cruel, despiadado y atroz. Cuando callamos, ninguno de nosotros tenemos perd\u00f3n. Cuando no duele que hombres inocentes, mujeres, ni\u00f1as, ni\u00f1os y ancianos sean masacrados, ninguno de los indolentes tiene perd\u00f3n. A\u00fan cuando nos solidarizamos y somos conscientes de las luchas de los palestinos y su causa, cu\u00e1nto conocemos realmente de su realidad, cu\u00e1n ignorantes podemos ser desde la comodidad de la \u00abpaz\u00bb. No existe en el mundo alg\u00fan pretexto o concepto que justifique que hoy est\u00e9n en prisiones \u00abisrael\u00edes\u00bb m\u00e1s de 400 ni\u00f1as y ni\u00f1os palestinos. Ante el Llamado Internacional por el&nbsp;D\u00eda del &hellip;","og_url":"https:\/\/republicpalestine.com\/es\/2025\/04\/21\/libertad-para-palestina-una-demanda-desde-cuba\/","og_site_name":"Rep\u00fablica de Palestina","article_published_time":"2025-04-21T11:47:12+00:00","article_modified_time":"2025-04-21T11:48:40+00:00","og_image":[{"width":1080,"height":390,"url":"https:\/\/republicpalestine.com\/es\/wp-content\/uploads\/sites\/3\/2025\/04\/IMG-20250420-WA0015.jpg","type":"image\/jpeg"}],"author":"RepublicofPalestine","twitter_card":"summary_large_image","twitter_misc":{"Escrito por":"RepublicofPalestine","Tiempo de lectura":"11 minutos"},"schema":{"@context":"https:\/\/schema.org","@graph":[{"@type":"WebPage","@id":"https:\/\/republicpalestine.com\/es\/2025\/04\/21\/libertad-para-palestina-una-demanda-desde-cuba\/","url":"https:\/\/republicpalestine.com\/es\/2025\/04\/21\/libertad-para-palestina-una-demanda-desde-cuba\/","name":"\u00a1Libertad para Palestina! Una demanda desde Cuba - Rep\u00fablica de Palestina","isPartOf":{"@id":"https:\/\/republicpalestine.com\/es\/#website"},"primaryImageOfPage":{"@id":"https:\/\/republicpalestine.com\/es\/2025\/04\/21\/libertad-para-palestina-una-demanda-desde-cuba\/#primaryimage"},"image":{"@id":"https:\/\/republicpalestine.com\/es\/2025\/04\/21\/libertad-para-palestina-una-demanda-desde-cuba\/#primaryimage"},"thumbnailUrl":"https:\/\/republicpalestine.com\/es\/wp-content\/uploads\/sites\/3\/2025\/04\/IMG-20250420-WA0015.jpg","datePublished":"2025-04-21T11:47:12+00:00","dateModified":"2025-04-21T11:48:40+00:00","author":{"@id":"https:\/\/republicpalestine.com\/es\/#\/schema\/person\/a116984632a4562b5d251d19cb8e8bf3"},"breadcrumb":{"@id":"https:\/\/republicpalestine.com\/es\/2025\/04\/21\/libertad-para-palestina-una-demanda-desde-cuba\/#breadcrumb"},"inLanguage":"es","potentialAction":[{"@type":"ReadAction","target":["https:\/\/republicpalestine.com\/es\/2025\/04\/21\/libertad-para-palestina-una-demanda-desde-cuba\/"]}]},{"@type":"ImageObject","inLanguage":"es","@id":"https:\/\/republicpalestine.com\/es\/2025\/04\/21\/libertad-para-palestina-una-demanda-desde-cuba\/#primaryimage","url":"https:\/\/republicpalestine.com\/es\/wp-content\/uploads\/sites\/3\/2025\/04\/IMG-20250420-WA0015.jpg","contentUrl":"https:\/\/republicpalestine.com\/es\/wp-content\/uploads\/sites\/3\/2025\/04\/IMG-20250420-WA0015.jpg","width":1080,"height":390},{"@type":"BreadcrumbList","@id":"https:\/\/republicpalestine.com\/es\/2025\/04\/21\/libertad-para-palestina-una-demanda-desde-cuba\/#breadcrumb","itemListElement":[{"@type":"ListItem","position":1,"name":"\u0627\u0644\u0631\u0626\u064a\u0633\u064a\u0629","item":"https:\/\/republicpalestine.com\/es\/"},{"@type":"ListItem","position":2,"name":"\u00a1Libertad para Palestina! Una demanda desde Cuba"}]},{"@type":"WebSite","@id":"https:\/\/republicpalestine.com\/es\/#website","url":"https:\/\/republicpalestine.com\/es\/","name":"Rep\u00fablica de Palestina","description":"","potentialAction":[{"@type":"SearchAction","target":{"@type":"EntryPoint","urlTemplate":"https:\/\/republicpalestine.com\/es\/?s={search_term_string}"},"query-input":{"@type":"PropertyValueSpecification","valueRequired":true,"valueName":"search_term_string"}}],"inLanguage":"es"},{"@type":"Person","@id":"https:\/\/republicpalestine.com\/es\/#\/schema\/person\/a116984632a4562b5d251d19cb8e8bf3","name":"RepublicofPalestine","image":{"@type":"ImageObject","inLanguage":"es","@id":"https:\/\/republicpalestine.com\/es\/#\/schema\/person\/image\/","url":"https:\/\/secure.gravatar.com\/avatar\/13240ade82024fefe7ea06e3569c7001?s=96&d=mm&r=g","contentUrl":"https:\/\/secure.gravatar.com\/avatar\/13240ade82024fefe7ea06e3569c7001?s=96&d=mm&r=g","caption":"RepublicofPalestine"},"sameAs":["https:\/\/republicpalestine.com"],"url":"https:\/\/republicpalestine.com\/es\/author\/jmhoriaadmin\/"}]}},"_links":{"self":[{"href":"https:\/\/republicpalestine.com\/es\/wp-json\/wp\/v2\/posts\/990","targetHints":{"allow":["GET"]}}],"collection":[{"href":"https:\/\/republicpalestine.com\/es\/wp-json\/wp\/v2\/posts"}],"about":[{"href":"https:\/\/republicpalestine.com\/es\/wp-json\/wp\/v2\/types\/post"}],"author":[{"embeddable":true,"href":"https:\/\/republicpalestine.com\/es\/wp-json\/wp\/v2\/users\/1"}],"replies":[{"embeddable":true,"href":"https:\/\/republicpalestine.com\/es\/wp-json\/wp\/v2\/comments?post=990"}],"version-history":[{"count":2,"href":"https:\/\/republicpalestine.com\/es\/wp-json\/wp\/v2\/posts\/990\/revisions"}],"predecessor-version":[{"id":1018,"href":"https:\/\/republicpalestine.com\/es\/wp-json\/wp\/v2\/posts\/990\/revisions\/1018"}],"wp:featuredmedia":[{"embeddable":true,"href":"https:\/\/republicpalestine.com\/es\/wp-json\/wp\/v2\/media\/991"}],"wp:attachment":[{"href":"https:\/\/republicpalestine.com\/es\/wp-json\/wp\/v2\/media?parent=990"}],"wp:term":[{"taxonomy":"category","embeddable":true,"href":"https:\/\/republicpalestine.com\/es\/wp-json\/wp\/v2\/categories?post=990"},{"taxonomy":"post_tag","embeddable":true,"href":"https:\/\/republicpalestine.com\/es\/wp-json\/wp\/v2\/tags?post=990"}],"curies":[{"name":"wp","href":"https:\/\/api.w.org\/{rel}","templated":true}]}}